{"id":21145,"date":"2024-06-20T15:47:03","date_gmt":"2024-06-20T18:47:03","guid":{"rendered":"https:\/\/pc.sc.gov.br\/?p=21145"},"modified":"2024-06-20T15:47:48","modified_gmt":"2024-06-20T18:47:48","slug":"delegacia-de-imbituba-cumpre-mandados-de-busca-em-investigacao-que-apura-assedio-sexual-contra-alunos","status":"publish","type":"post","link":"https:\/\/pc.sc.gov.br\/?p=21145","title":{"rendered":"Delegacia de Imbituba cumpre mandados de busca em investiga\u00e7\u00e3o que apura ass\u00e9dio sexual contra alunos"},"content":{"rendered":"\t\t<div data-elementor-type=\"wp-post\" data-elementor-id=\"21145\" class=\"elementor elementor-21145\" data-elementor-post-type=\"post\">\n\t\t\t\t\t\t<section class=\"elementor-section elementor-top-section elementor-element elementor-element-3b88aed elementor-section-boxed elementor-section-height-default elementor-section-height-default\" data-id=\"3b88aed\" data-element_type=\"section\">\n\t\t\t\t\t\t<div class=\"elementor-container elementor-column-gap-default\">\n\t\t\t\t\t<div class=\"elementor-column elementor-col-100 elementor-top-column elementor-element elementor-element-bbae8f8\" data-id=\"bbae8f8\" data-element_type=\"column\">\n\t\t\t<div class=\"elementor-widget-wrap elementor-element-populated\">\n\t\t\t\t\t\t<div class=\"elementor-element elementor-element-be041d0 elementor-widget elementor-widget-heading\" data-id=\"be041d0\" data-element_type=\"widget\" data-widget_type=\"heading.default\">\n\t\t\t\t<div class=\"elementor-widget-container\">\n\t\t\t\t\t<h2 class=\"elementor-heading-title elementor-size-default\">Delegacia de Imbituba cumpre mandados de busca em investiga\u00e7\u00e3o que apura ass\u00e9dio sexual contra alunos<\/h2>\t\t\t\t<\/div>\n\t\t\t\t<\/div>\n\t\t\t\t\t<\/div>\n\t\t<\/div>\n\t\t\t\t\t<\/div>\n\t\t<\/section>\n\t\t\t\t<section class=\"elementor-section elementor-top-section elementor-element elementor-element-95d4c98 elementor-section-boxed elementor-section-height-default elementor-section-height-default\" data-id=\"95d4c98\" data-element_type=\"section\">\n\t\t\t\t\t\t<div class=\"elementor-container elementor-column-gap-default\">\n\t\t\t\t\t<div class=\"elementor-column elementor-col-100 elementor-top-column elementor-element elementor-element-1268bcd\" data-id=\"1268bcd\" data-element_type=\"column\">\n\t\t\t<div class=\"elementor-widget-wrap elementor-element-populated\">\n\t\t\t\t\t\t<div class=\"elementor-element elementor-element-246b70c elementor-widget elementor-widget-image\" data-id=\"246b70c\" data-element_type=\"widget\" data-widget_type=\"image.default\">\n\t\t\t\t<div class=\"elementor-widget-container\">\n\t\t\t\t\t\t\t\t\t\t\t\t\t\t\t<img fetchpriority=\"high\" decoding=\"async\" width=\"696\" height=\"466\" src=\"https:\/\/pc.sc.gov.br\/\/wp-content\/uploads\/2024\/06\/b5df9dfa-9ef5-4889-b170-e121bbc2b796-fotor-20240620144829.jpg\" class=\"attachment-large size-large wp-image-21146\" alt=\"\" srcset=\"https:\/\/pc.sc.gov.br\/\/wp-content\/uploads\/2024\/06\/b5df9dfa-9ef5-4889-b170-e121bbc2b796-fotor-20240620144829.jpg 960w, https:\/\/pc.sc.gov.br\/\/wp-content\/uploads\/2024\/06\/b5df9dfa-9ef5-4889-b170-e121bbc2b796-fotor-20240620144829-300x201.jpg 300w, https:\/\/pc.sc.gov.br\/\/wp-content\/uploads\/2024\/06\/b5df9dfa-9ef5-4889-b170-e121bbc2b796-fotor-20240620144829-768x514.jpg 768w\" sizes=\"(max-width: 696px) 100vw, 696px\" \/>\t\t\t\t\t\t\t\t\t\t\t\t\t\t\t<\/div>\n\t\t\t\t<\/div>\n\t\t\t\t\t<\/div>\n\t\t<\/div>\n\t\t\t\t\t<\/div>\n\t\t<\/section>\n\t\t\t\t<section class=\"elementor-section elementor-top-section elementor-element elementor-element-48aede4 elementor-section-boxed elementor-section-height-default elementor-section-height-default\" data-id=\"48aede4\" data-element_type=\"section\">\n\t\t\t\t\t\t<div class=\"elementor-container elementor-column-gap-default\">\n\t\t\t\t\t<div class=\"elementor-column elementor-col-100 elementor-top-column elementor-element elementor-element-04d6df3\" data-id=\"04d6df3\" data-element_type=\"column\">\n\t\t\t<div class=\"elementor-widget-wrap elementor-element-populated\">\n\t\t\t\t\t\t<div class=\"elementor-element elementor-element-a8e0330 elementor-widget elementor-widget-text-editor\" data-id=\"a8e0330\" data-element_type=\"widget\" data-widget_type=\"text-editor.default\">\n\t\t\t\t<div class=\"elementor-widget-container\">\n\t\t\t\t\t\t\t\t\t<p>A Pol\u00edcia Civil de Santa Catarina, por meio da Delegacia de Pol\u00edcia de Imbituba, deflagrou nesta quinta-feira (20) opera\u00e7\u00e3o policial para cumprimento de dois mandados de busca e apreens\u00e3o expedidos em investiga\u00e7\u00f5es que apuram ass\u00e9dio sexual contra alunos da rede estadual de ensino em Imbituba.<\/p><p>No primeiro caso, a Delegacia de Pol\u00edcia instaurou inqu\u00e9rito policial ap\u00f3s den\u00fancias de que um professor estaria se aproveitando da fun\u00e7\u00e3o para pedir, via redes sociais e aplicativos de conversa instant\u00e2nea, fotos e v\u00eddeos de alunos adolescentes, de 13 a 15 anos, geralmente sem camiseta.\u00a0<\/p><p>No segundo caso, instaurou-se inqu\u00e9rito policial para apurar a conduta de outro professor que teria se aproveitado da sua fun\u00e7\u00e3o para manter conversas de conte\u00fado impr\u00f3prio com uma aluna de 14 anos, al\u00e9m de ter iniciado um poss\u00edvel relacionamento com a mesma.\u00a0\u00a0<\/p><p>Al\u00e9m dos mandados, ap\u00f3s representa\u00e7\u00e3o do Delegado de Pol\u00edcia e manifesta\u00e7\u00e3o favor\u00e1vel do Minist\u00e9rio P\u00fablico local, o ju\u00edzo da Vara Criminal de Imbituba decretou a suspens\u00e3o do exerc\u00edcio da fun\u00e7\u00e3o p\u00fablica de professor de ambos os investigados, ao menos, pelo prazo de 90 dias.\u00a0<\/p><p>A opera\u00e7\u00e3o resultou na apreens\u00e3o de dispositivos eletr\u00f4nicos e outros itens que servir\u00e3o para instruir os inqu\u00e9ritos policiais que ser\u00e3o analisados para apurar as condutas praticadas pelos investigados. A a\u00e7\u00e3o contou com a participa\u00e7\u00e3o do N\u00facleo Regional de Per\u00edcias em Laguna, da Pol\u00edcia Cient\u00edfica.<\/p>\t\t\t\t\t\t\t\t<\/div>\n\t\t\t\t<\/div>\n\t\t\t\t\t<\/div>\n\t\t<\/div>\n\t\t\t\t\t<\/div>\n\t\t<\/section>\n\t\t\t\t<\/div>\n\t\t","protected":false},"excerpt":{"rendered":"<p>Delegacia de Imbituba cumpre mandados de busca em investiga\u00e7\u00e3o que apura ass\u00e9dio sexual contra alunos A Pol\u00edcia Civil de Santa Catarina, por meio da Delegacia de Pol\u00edcia de Imbituba, deflagrou nesta quinta-feira (20) opera\u00e7\u00e3o policial para cumprimento de dois mandados de busca e apreens\u00e3o expedidos em investiga\u00e7\u00f5es que apuram ass\u00e9dio sexual contra alunos da rede [&hellip;]<\/p>\n","protected":false},"author":5,"featured_media":21146,"comment_status":"closed","ping_status":"open","sticky":false,"template":"","format":"standard","meta":{"_monsterinsights_skip_tracking":false,"_monsterinsights_sitenote_active":false,"_monsterinsights_sitenote_note":"","_monsterinsights_sitenote_category":0,"footnotes":""},"categories":[1],"tags":[],"class_list":["post-21145","post","type-post","status-publish","format-standard","has-post-thumbnail","hentry","category-sem-categoria"],"_links":{"self":[{"href":"https:\/\/pc.sc.gov.br\/index.php?rest_route=\/wp\/v2\/posts\/21145","targetHints":{"allow":["GET"]}}],"collection":[{"href":"https:\/\/pc.sc.gov.br\/index.php?rest_route=\/wp\/v2\/posts"}],"about":[{"href":"https:\/\/pc.sc.gov.br\/index.php?rest_route=\/wp\/v2\/types\/post"}],"author":[{"embeddable":true,"href":"https:\/\/pc.sc.gov.br\/index.php?rest_route=\/wp\/v2\/users\/5"}],"replies":[{"embeddable":true,"href":"https:\/\/pc.sc.gov.br\/index.php?rest_route=%2Fwp%2Fv2%2Fcomments&post=21145"}],"version-history":[{"count":4,"href":"https:\/\/pc.sc.gov.br\/index.php?rest_route=\/wp\/v2\/posts\/21145\/revisions"}],"predecessor-version":[{"id":21150,"href":"https:\/\/pc.sc.gov.br\/index.php?rest_route=\/wp\/v2\/posts\/21145\/revisions\/21150"}],"wp:featuredmedia":[{"embeddable":true,"href":"https:\/\/pc.sc.gov.br\/index.php?rest_route=\/wp\/v2\/media\/21146"}],"wp:attachment":[{"href":"https:\/\/pc.sc.gov.br\/index.php?rest_route=%2Fwp%2Fv2%2Fmedia&parent=21145"}],"wp:term":[{"taxonomy":"category","embeddable":true,"href":"https:\/\/pc.sc.gov.br\/index.php?rest_route=%2Fwp%2Fv2%2Fcategories&post=21145"},{"taxonomy":"post_tag","embeddable":true,"href":"https:\/\/pc.sc.gov.br\/index.php?rest_route=%2Fwp%2Fv2%2Ftags&post=21145"}],"curies":[{"name":"wp","href":"https:\/\/api.w.org\/{rel}","templated":true}]}}