{"id":21152,"date":"2024-06-20T17:31:51","date_gmt":"2024-06-20T20:31:51","guid":{"rendered":"https:\/\/pc.sc.gov.br\/?p=21152"},"modified":"2024-06-20T17:32:41","modified_gmt":"2024-06-20T20:32:41","slug":"policia-civil-de-santa-catarina-reforca-parceria-com-ministerio-publico","status":"publish","type":"post","link":"https:\/\/pc.sc.gov.br\/?p=21152","title":{"rendered":"Pol\u00edcia Civil de Santa Catarina refor\u00e7a parceria com Minist\u00e9rio P\u00fablico"},"content":{"rendered":"\t\t<div data-elementor-type=\"wp-post\" data-elementor-id=\"21152\" class=\"elementor elementor-21152\" data-elementor-post-type=\"post\">\n\t\t\t\t\t\t<section class=\"elementor-section elementor-top-section elementor-element elementor-element-c06d7ad elementor-section-boxed elementor-section-height-default elementor-section-height-default\" data-id=\"c06d7ad\" data-element_type=\"section\">\n\t\t\t\t\t\t<div class=\"elementor-container elementor-column-gap-default\">\n\t\t\t\t\t<div class=\"elementor-column elementor-col-100 elementor-top-column elementor-element elementor-element-53800dd\" data-id=\"53800dd\" data-element_type=\"column\">\n\t\t\t<div class=\"elementor-widget-wrap elementor-element-populated\">\n\t\t\t\t\t\t<div class=\"elementor-element elementor-element-4d4294c elementor-widget elementor-widget-heading\" data-id=\"4d4294c\" data-element_type=\"widget\" data-widget_type=\"heading.default\">\n\t\t\t\t<div class=\"elementor-widget-container\">\n\t\t\t\t\t<h2 class=\"elementor-heading-title elementor-size-default\">Pol\u00edcia Civil de Santa Catarina refor\u00e7a parceria com Minist\u00e9rio P\u00fablico <\/h2>\t\t\t\t<\/div>\n\t\t\t\t<\/div>\n\t\t\t\t\t<\/div>\n\t\t<\/div>\n\t\t\t\t\t<\/div>\n\t\t<\/section>\n\t\t\t\t<section class=\"elementor-section elementor-top-section elementor-element elementor-element-54a48ac elementor-section-boxed elementor-section-height-default elementor-section-height-default\" data-id=\"54a48ac\" data-element_type=\"section\">\n\t\t\t\t\t\t<div class=\"elementor-container elementor-column-gap-default\">\n\t\t\t\t\t<div class=\"elementor-column elementor-col-100 elementor-top-column elementor-element elementor-element-b79c653\" data-id=\"b79c653\" data-element_type=\"column\">\n\t\t\t<div class=\"elementor-widget-wrap elementor-element-populated\">\n\t\t\t\t\t\t<div class=\"elementor-element elementor-element-aac6971 elementor-widget elementor-widget-image\" data-id=\"aac6971\" data-element_type=\"widget\" data-widget_type=\"image.default\">\n\t\t\t\t<div class=\"elementor-widget-container\">\n\t\t\t\t\t\t\t\t\t\t\t\t\t\t\t<img fetchpriority=\"high\" decoding=\"async\" width=\"696\" height=\"522\" src=\"https:\/\/pc.sc.gov.br\/\/wp-content\/uploads\/2024\/06\/WhatsApp-Image-2024-06-20-at-15.19.44-1024x768.jpeg\" class=\"attachment-large size-large wp-image-21154\" alt=\"\" srcset=\"https:\/\/pc.sc.gov.br\/\/wp-content\/uploads\/2024\/06\/WhatsApp-Image-2024-06-20-at-15.19.44-1024x768.jpeg 1024w, https:\/\/pc.sc.gov.br\/\/wp-content\/uploads\/2024\/06\/WhatsApp-Image-2024-06-20-at-15.19.44-300x225.jpeg 300w, https:\/\/pc.sc.gov.br\/\/wp-content\/uploads\/2024\/06\/WhatsApp-Image-2024-06-20-at-15.19.44-768x576.jpeg 768w, https:\/\/pc.sc.gov.br\/\/wp-content\/uploads\/2024\/06\/WhatsApp-Image-2024-06-20-at-15.19.44-1536x1152.jpeg 1536w, https:\/\/pc.sc.gov.br\/\/wp-content\/uploads\/2024\/06\/WhatsApp-Image-2024-06-20-at-15.19.44.jpeg 1600w\" sizes=\"(max-width: 696px) 100vw, 696px\" \/>\t\t\t\t\t\t\t\t\t\t\t\t\t\t\t<\/div>\n\t\t\t\t<\/div>\n\t\t\t\t\t<\/div>\n\t\t<\/div>\n\t\t\t\t\t<\/div>\n\t\t<\/section>\n\t\t\t\t<section class=\"elementor-section elementor-top-section elementor-element elementor-element-b7fb6e7 elementor-section-boxed elementor-section-height-default elementor-section-height-default\" data-id=\"b7fb6e7\" data-element_type=\"section\">\n\t\t\t\t\t\t<div class=\"elementor-container elementor-column-gap-default\">\n\t\t\t\t\t<div class=\"elementor-column elementor-col-100 elementor-top-column elementor-element elementor-element-4c61d30\" data-id=\"4c61d30\" data-element_type=\"column\">\n\t\t\t<div class=\"elementor-widget-wrap elementor-element-populated\">\n\t\t\t\t\t\t<div class=\"elementor-element elementor-element-d057e73 elementor-widget elementor-widget-text-editor\" data-id=\"d057e73\" data-element_type=\"widget\" data-widget_type=\"text-editor.default\">\n\t\t\t\t<div class=\"elementor-widget-container\">\n\t\t\t\t\t\t\t\t\t<p>O Delegado-Geral da Pol\u00edcia Civil de Santa Catarina (PCSC), Ulisses Gabriel, realizou uma visita institucional ao Procurador-Geral de Justi\u00e7a, do Minist\u00e9rio P\u00fablico de Santa Catarina (MPSC), F\u00e1bio de Souza Trajano, nesta quinta-feira (20), na sede do MPSC, em Florian\u00f3polis. O Chefe de Gabinete da Delegacia-Geral, delegado Marcelo Nogueira e o Promotor de Justi\u00e7a, Diego Roberto Barbiero, Coordenador Estadual Adjunto dos GAECOs e Coordenador do CyberGaeco tamb\u00e9m participaram do encontro.\u00a0<\/p><p>Na oportunidade, o delegado Ulisses Gabriel refor\u00e7ou a import\u00e2ncia da integra\u00e7\u00e3o da PCSC e do MPSC para que Santa Catarina se mantenha como o estado mais seguro do pa\u00eds. \u201cInstitui\u00e7\u00f5es como o GAECO, por exemplo, s\u00e3o fundamentais no combate \u00e0s organiza\u00e7\u00f5es criminosas. Por isso mantemos e refor\u00e7amos nossa parceria cedendo e disponibilizando policiais civis para o combate \u00e0 criminalidade em todas as inst\u00e2ncias\u201d disse o delegado-geral.<\/p><p>O Procurador-Geral de Justi\u00e7a do MPSC, F\u00e1bio de Souza Trajano, assinalou que a visita institucional \u00e9 mais uma forma de fortalecer e celebrar a parceria hist\u00f3rica entre os \u00f3rg\u00e3os de seguran\u00e7a de Santa Catarina. \u201cSe Santa Catarina tem um dos menores \u00edndices de criminalidade do pa\u00eds, com certeza, n\u00f3s devemos a essa integra\u00e7\u00e3o em benef\u00edcio da sociedade catarinense\u201d, assinalou o Procurador-Geral de Justi\u00e7a.<\/p>\t\t\t\t\t\t\t\t<\/div>\n\t\t\t\t<\/div>\n\t\t\t\t\t<\/div>\n\t\t<\/div>\n\t\t\t\t\t<\/div>\n\t\t<\/section>\n\t\t\t\t<\/div>\n\t\t","protected":false},"excerpt":{"rendered":"<p>Pol\u00edcia Civil de Santa Catarina refor\u00e7a parceria com Minist\u00e9rio P\u00fablico O Delegado-Geral da Pol\u00edcia Civil de Santa Catarina (PCSC), Ulisses Gabriel, realizou uma visita institucional ao Procurador-Geral de Justi\u00e7a, do Minist\u00e9rio P\u00fablico de Santa Catarina (MPSC), F\u00e1bio de Souza Trajano, nesta quinta-feira (20), na sede do MPSC, em Florian\u00f3polis. O Chefe de Gabinete da Delegacia-Geral, [&hellip;]<\/p>\n","protected":false},"author":5,"featured_media":21154,"comment_status":"closed","ping_status":"open","sticky":false,"template":"","format":"standard","meta":{"_monsterinsights_skip_tracking":false,"_monsterinsights_sitenote_active":false,"_monsterinsights_sitenote_note":"","_monsterinsights_sitenote_category":0,"footnotes":""},"categories":[1],"tags":[],"class_list":["post-21152","post","type-post","status-publish","format-standard","has-post-thumbnail","hentry","category-sem-categoria"],"_links":{"self":[{"href":"https:\/\/pc.sc.gov.br\/index.php?rest_route=\/wp\/v2\/posts\/21152","targetHints":{"allow":["GET"]}}],"collection":[{"href":"https:\/\/pc.sc.gov.br\/index.php?rest_route=\/wp\/v2\/posts"}],"about":[{"href":"https:\/\/pc.sc.gov.br\/index.php?rest_route=\/wp\/v2\/types\/post"}],"author":[{"embeddable":true,"href":"https:\/\/pc.sc.gov.br\/index.php?rest_route=\/wp\/v2\/users\/5"}],"replies":[{"embeddable":true,"href":"https:\/\/pc.sc.gov.br\/index.php?rest_route=%2Fwp%2Fv2%2Fcomments&post=21152"}],"version-history":[{"count":4,"href":"https:\/\/pc.sc.gov.br\/index.php?rest_route=\/wp\/v2\/posts\/21152\/revisions"}],"predecessor-version":[{"id":21161,"href":"https:\/\/pc.sc.gov.br\/index.php?rest_route=\/wp\/v2\/posts\/21152\/revisions\/21161"}],"wp:featuredmedia":[{"embeddable":true,"href":"https:\/\/pc.sc.gov.br\/index.php?rest_route=\/wp\/v2\/media\/21154"}],"wp:attachment":[{"href":"https:\/\/pc.sc.gov.br\/index.php?rest_route=%2Fwp%2Fv2%2Fmedia&parent=21152"}],"wp:term":[{"taxonomy":"category","embeddable":true,"href":"https:\/\/pc.sc.gov.br\/index.php?rest_route=%2Fwp%2Fv2%2Fcategories&post=21152"},{"taxonomy":"post_tag","embeddable":true,"href":"https:\/\/pc.sc.gov.br\/index.php?rest_route=%2Fwp%2Fv2%2Ftags&post=21152"}],"curies":[{"name":"wp","href":"https:\/\/api.w.org\/{rel}","templated":true}]}}