{"id":21163,"date":"2024-06-20T17:55:16","date_gmt":"2024-06-20T20:55:16","guid":{"rendered":"https:\/\/pc.sc.gov.br\/?p=21163"},"modified":"2024-06-20T17:56:22","modified_gmt":"2024-06-20T20:56:22","slug":"policia-civil-estoura-desmanche-de-veiculos-e-prende-homem-em-flagrante-em-gaspar","status":"publish","type":"post","link":"https:\/\/pc.sc.gov.br\/?p=21163","title":{"rendered":"Pol\u00edcia Civil estoura desmanche de ve\u00edculos e prende homem em flagrante em Gaspar"},"content":{"rendered":"\t\t<div data-elementor-type=\"wp-post\" data-elementor-id=\"21163\" class=\"elementor elementor-21163\" data-elementor-post-type=\"post\">\n\t\t\t\t\t\t<section class=\"elementor-section elementor-top-section elementor-element elementor-element-05336b8 elementor-section-boxed elementor-section-height-default elementor-section-height-default\" data-id=\"05336b8\" data-element_type=\"section\">\n\t\t\t\t\t\t<div class=\"elementor-container elementor-column-gap-default\">\n\t\t\t\t\t<div class=\"elementor-column elementor-col-100 elementor-top-column elementor-element elementor-element-3c10ace\" data-id=\"3c10ace\" data-element_type=\"column\">\n\t\t\t<div class=\"elementor-widget-wrap elementor-element-populated\">\n\t\t\t\t\t\t<div class=\"elementor-element elementor-element-bbf10d7 elementor-widget elementor-widget-heading\" data-id=\"bbf10d7\" data-element_type=\"widget\" data-widget_type=\"heading.default\">\n\t\t\t\t<div class=\"elementor-widget-container\">\n\t\t\t\t\t<h2 class=\"elementor-heading-title elementor-size-default\">Pol\u00edcia Civil estoura desmanche de ve\u00edculos e prende homem em flagrante em Gaspar<\/h2>\t\t\t\t<\/div>\n\t\t\t\t<\/div>\n\t\t\t\t\t<\/div>\n\t\t<\/div>\n\t\t\t\t\t<\/div>\n\t\t<\/section>\n\t\t\t\t<section class=\"elementor-section elementor-top-section elementor-element elementor-element-afb8acb elementor-section-boxed elementor-section-height-default elementor-section-height-default\" data-id=\"afb8acb\" data-element_type=\"section\">\n\t\t\t\t\t\t<div class=\"elementor-container elementor-column-gap-default\">\n\t\t\t\t\t<div class=\"elementor-column elementor-col-100 elementor-top-column elementor-element elementor-element-2faa9d9\" data-id=\"2faa9d9\" data-element_type=\"column\">\n\t\t\t<div class=\"elementor-widget-wrap elementor-element-populated\">\n\t\t\t\t\t\t<div class=\"elementor-element elementor-element-7282d14 elementor-widget elementor-widget-image\" data-id=\"7282d14\" data-element_type=\"widget\" data-widget_type=\"image.default\">\n\t\t\t\t<div class=\"elementor-widget-container\">\n\t\t\t\t\t\t\t\t\t\t\t\t\t\t\t<img fetchpriority=\"high\" decoding=\"async\" width=\"696\" height=\"522\" src=\"https:\/\/pc.sc.gov.br\/\/wp-content\/uploads\/2024\/06\/WhatsApp-Image-2024-06-20-at-16.19.24-1024x768.jpeg\" class=\"attachment-large size-large wp-image-21164\" alt=\"\" srcset=\"https:\/\/pc.sc.gov.br\/\/wp-content\/uploads\/2024\/06\/WhatsApp-Image-2024-06-20-at-16.19.24-1024x768.jpeg 1024w, https:\/\/pc.sc.gov.br\/\/wp-content\/uploads\/2024\/06\/WhatsApp-Image-2024-06-20-at-16.19.24-300x225.jpeg 300w, https:\/\/pc.sc.gov.br\/\/wp-content\/uploads\/2024\/06\/WhatsApp-Image-2024-06-20-at-16.19.24-768x576.jpeg 768w, https:\/\/pc.sc.gov.br\/\/wp-content\/uploads\/2024\/06\/WhatsApp-Image-2024-06-20-at-16.19.24-1536x1152.jpeg 1536w, https:\/\/pc.sc.gov.br\/\/wp-content\/uploads\/2024\/06\/WhatsApp-Image-2024-06-20-at-16.19.24.jpeg 1600w\" sizes=\"(max-width: 696px) 100vw, 696px\" \/>\t\t\t\t\t\t\t\t\t\t\t\t\t\t\t<\/div>\n\t\t\t\t<\/div>\n\t\t\t\t\t<\/div>\n\t\t<\/div>\n\t\t\t\t\t<\/div>\n\t\t<\/section>\n\t\t\t\t<section class=\"elementor-section elementor-top-section elementor-element elementor-element-6f86410 elementor-section-boxed elementor-section-height-default elementor-section-height-default\" data-id=\"6f86410\" data-element_type=\"section\">\n\t\t\t\t\t\t<div class=\"elementor-container elementor-column-gap-default\">\n\t\t\t\t\t<div class=\"elementor-column elementor-col-100 elementor-top-column elementor-element elementor-element-30f1e1d\" data-id=\"30f1e1d\" data-element_type=\"column\">\n\t\t\t<div class=\"elementor-widget-wrap elementor-element-populated\">\n\t\t\t\t\t\t<div class=\"elementor-element elementor-element-41f8a90 elementor-widget elementor-widget-text-editor\" data-id=\"41f8a90\" data-element_type=\"widget\" data-widget_type=\"text-editor.default\">\n\t\t\t\t<div class=\"elementor-widget-container\">\n\t\t\t\t\t\t\t\t\t<p>A Pol\u00edcia Civil de Santa Catarina, por interm\u00e9dio da Delegacia de Furtos e Roubos de Ve\u00edculos da Diretoria Estadual de Investiga\u00e7\u00f5es Criminais, em opera\u00e7\u00e3o conjunta com Detran e com a Pol\u00edcia Cient\u00edfica, na tarde de quinta-feira (20\/06), dando continuidade \u00e0s a\u00e7\u00f5es de fiscaliza\u00e7\u00e3o da opera\u00e7\u00e3o \u201c311\u201d, que visa coibir o com\u00e9rcio ilegal de pe\u00e7as automotivas, identificaram mais um estabelecimento respons\u00e1vel pela\u00a0 venda irregular de pe\u00e7as de ve\u00edculos, no Bairro\u00a0 Po\u00e7o Grande, em Gaspar.<\/p><p>Durante as dilig\u00eancias, realizadas na loja foram localizadas partes de um ve\u00edculo GM \u00d4nix identificado como furtado em Balne\u00e1rio Pi\u00e7arras e pe\u00e7as\/partes de um ve\u00edculo Hyundai HB20 furtado em Gaspar, com os sinais identificadores suprimidos.\u00a0<\/p><p>O respons\u00e1vel pelo estabelecimento foi conduzido para a Delegacia de Gaspar e autuado em flagrante pelo crime de recepta\u00e7\u00e3o qualificada.<\/p><p>No local, os agentes da fiscaliza\u00e7\u00e3o do Detran deram cumprimento a uma medida acautelat\u00f3ria de suspens\u00e3o das atividades por irregularidade nas instala\u00e7\u00f5es da loja, a qual estava funcionando em local diverso do autorizado.<\/p><p>Essa \u00e9 a 18\u00aa etapa da opera\u00e7\u00e3o \u201c311\u201d \u00e9 uma a\u00e7\u00e3o de fiscaliza\u00e7\u00e3o de empresas do ramo de autope\u00e7as, que visa o combate ao crime de recepta\u00e7\u00e3o de pe\u00e7as automotivas de proced\u00eancia il\u00edcita.<\/p>\t\t\t\t\t\t\t\t<\/div>\n\t\t\t\t<\/div>\n\t\t\t\t\t<\/div>\n\t\t<\/div>\n\t\t\t\t\t<\/div>\n\t\t<\/section>\n\t\t\t\t<\/div>\n\t\t","protected":false},"excerpt":{"rendered":"<p>Pol\u00edcia Civil estoura desmanche de ve\u00edculos e prende homem em flagrante em Gaspar A Pol\u00edcia Civil de Santa Catarina, por interm\u00e9dio da Delegacia de Furtos e Roubos de Ve\u00edculos da Diretoria Estadual de Investiga\u00e7\u00f5es Criminais, em opera\u00e7\u00e3o conjunta com Detran e com a Pol\u00edcia Cient\u00edfica, na tarde de quinta-feira (20\/06), dando continuidade \u00e0s a\u00e7\u00f5es de [&hellip;]<\/p>\n","protected":false},"author":5,"featured_media":21164,"comment_status":"closed","ping_status":"open","sticky":false,"template":"","format":"standard","meta":{"_monsterinsights_skip_tracking":false,"_monsterinsights_sitenote_active":false,"_monsterinsights_sitenote_note":"","_monsterinsights_sitenote_category":0,"footnotes":""},"categories":[1],"tags":[],"class_list":["post-21163","post","type-post","status-publish","format-standard","has-post-thumbnail","hentry","category-sem-categoria"],"_links":{"self":[{"href":"https:\/\/pc.sc.gov.br\/index.php?rest_route=\/wp\/v2\/posts\/21163","targetHints":{"allow":["GET"]}}],"collection":[{"href":"https:\/\/pc.sc.gov.br\/index.php?rest_route=\/wp\/v2\/posts"}],"about":[{"href":"https:\/\/pc.sc.gov.br\/index.php?rest_route=\/wp\/v2\/types\/post"}],"author":[{"embeddable":true,"href":"https:\/\/pc.sc.gov.br\/index.php?rest_route=\/wp\/v2\/users\/5"}],"replies":[{"embeddable":true,"href":"https:\/\/pc.sc.gov.br\/index.php?rest_route=%2Fwp%2Fv2%2Fcomments&post=21163"}],"version-history":[{"count":4,"href":"https:\/\/pc.sc.gov.br\/index.php?rest_route=\/wp\/v2\/posts\/21163\/revisions"}],"predecessor-version":[{"id":21168,"href":"https:\/\/pc.sc.gov.br\/index.php?rest_route=\/wp\/v2\/posts\/21163\/revisions\/21168"}],"wp:featuredmedia":[{"embeddable":true,"href":"https:\/\/pc.sc.gov.br\/index.php?rest_route=\/wp\/v2\/media\/21164"}],"wp:attachment":[{"href":"https:\/\/pc.sc.gov.br\/index.php?rest_route=%2Fwp%2Fv2%2Fmedia&parent=21163"}],"wp:term":[{"taxonomy":"category","embeddable":true,"href":"https:\/\/pc.sc.gov.br\/index.php?rest_route=%2Fwp%2Fv2%2Fcategories&post=21163"},{"taxonomy":"post_tag","embeddable":true,"href":"https:\/\/pc.sc.gov.br\/index.php?rest_route=%2Fwp%2Fv2%2Ftags&post=21163"}],"curies":[{"name":"wp","href":"https:\/\/api.w.org\/{rel}","templated":true}]}}