{"id":21180,"date":"2024-06-21T14:28:29","date_gmt":"2024-06-21T17:28:29","guid":{"rendered":"https:\/\/pc.sc.gov.br\/?p=21180"},"modified":"2024-06-21T14:55:22","modified_gmt":"2024-06-21T17:55:22","slug":"operacao-conjunta-entre-pcsc-e-pmsc-resulta-em-quatro-prisoes-preventivas-pelos-crimes-de-trafico-de-drogas","status":"publish","type":"post","link":"https:\/\/pc.sc.gov.br\/?p=21180","title":{"rendered":"Opera\u00e7\u00e3o conjunta entre PCSC e PMSC resulta em quatro pris\u00f5es preventivas por tr\u00e1fico de drogas em Gr\u00e3o-Par\u00e1"},"content":{"rendered":"\t\t<div data-elementor-type=\"wp-post\" data-elementor-id=\"21180\" class=\"elementor elementor-21180\" data-elementor-post-type=\"post\">\n\t\t\t\t\t\t<section class=\"elementor-section elementor-top-section elementor-element elementor-element-f3c68f4 elementor-section-boxed elementor-section-height-default elementor-section-height-default\" data-id=\"f3c68f4\" data-element_type=\"section\">\n\t\t\t\t\t\t<div class=\"elementor-container elementor-column-gap-default\">\n\t\t\t\t\t<div class=\"elementor-column elementor-col-100 elementor-top-column elementor-element elementor-element-c1bdea8\" data-id=\"c1bdea8\" data-element_type=\"column\">\n\t\t\t<div class=\"elementor-widget-wrap elementor-element-populated\">\n\t\t\t\t\t\t<div class=\"elementor-element elementor-element-b361868 elementor-widget elementor-widget-heading\" data-id=\"b361868\" data-element_type=\"widget\" data-widget_type=\"heading.default\">\n\t\t\t\t<div class=\"elementor-widget-container\">\n\t\t\t\t\t<h2 class=\"elementor-heading-title elementor-size-default\">Opera\u00e7\u00e3o conjunta entre PCSC e PMSC resulta em quatro pris\u00f5es preventivas por tr\u00e1fico de drogas<\/h2>\t\t\t\t<\/div>\n\t\t\t\t<\/div>\n\t\t\t\t\t<\/div>\n\t\t<\/div>\n\t\t\t\t\t<\/div>\n\t\t<\/section>\n\t\t\t\t<section class=\"elementor-section elementor-top-section elementor-element elementor-element-55cbc87 elementor-section-boxed elementor-section-height-default elementor-section-height-default\" data-id=\"55cbc87\" data-element_type=\"section\">\n\t\t\t\t\t\t<div class=\"elementor-container elementor-column-gap-default\">\n\t\t\t\t\t<div class=\"elementor-column elementor-col-100 elementor-top-column elementor-element elementor-element-22fc5f5\" data-id=\"22fc5f5\" data-element_type=\"column\">\n\t\t\t<div class=\"elementor-widget-wrap elementor-element-populated\">\n\t\t\t\t\t\t<div class=\"elementor-element elementor-element-b5b8e22 elementor-widget elementor-widget-image\" data-id=\"b5b8e22\" data-element_type=\"widget\" data-widget_type=\"image.default\">\n\t\t\t\t<div class=\"elementor-widget-container\">\n\t\t\t\t\t\t\t\t\t\t\t\t\t\t\t<img fetchpriority=\"high\" decoding=\"async\" width=\"632\" height=\"464\" src=\"https:\/\/pc.sc.gov.br\/\/wp-content\/uploads\/2024\/06\/a2dbb181-8fea-4491-9f21-ab050c390973-fotor-202404251893.jpg\" class=\"attachment-large size-large wp-image-21177\" alt=\"\" srcset=\"https:\/\/pc.sc.gov.br\/\/wp-content\/uploads\/2024\/06\/a2dbb181-8fea-4491-9f21-ab050c390973-fotor-202404251893.jpg 632w, https:\/\/pc.sc.gov.br\/\/wp-content\/uploads\/2024\/06\/a2dbb181-8fea-4491-9f21-ab050c390973-fotor-202404251893-300x220.jpg 300w\" sizes=\"(max-width: 632px) 100vw, 632px\" \/>\t\t\t\t\t\t\t\t\t\t\t\t\t\t\t<\/div>\n\t\t\t\t<\/div>\n\t\t\t\t\t<\/div>\n\t\t<\/div>\n\t\t\t\t\t<\/div>\n\t\t<\/section>\n\t\t\t\t<section class=\"elementor-section elementor-top-section elementor-element elementor-element-6057d07 elementor-section-boxed elementor-section-height-default elementor-section-height-default\" data-id=\"6057d07\" data-element_type=\"section\">\n\t\t\t\t\t\t<div class=\"elementor-container elementor-column-gap-default\">\n\t\t\t\t\t<div class=\"elementor-column elementor-col-100 elementor-top-column elementor-element elementor-element-f54b9cf\" data-id=\"f54b9cf\" data-element_type=\"column\">\n\t\t\t<div class=\"elementor-widget-wrap elementor-element-populated\">\n\t\t\t\t\t\t<div class=\"elementor-element elementor-element-306be7a elementor-widget elementor-widget-text-editor\" data-id=\"306be7a\" data-element_type=\"widget\" data-widget_type=\"text-editor.default\">\n\t\t\t\t<div class=\"elementor-widget-container\">\n\t\t\t\t\t\t\t\t\t<p>A Pol\u00edcia Civil de Santa Catarina (PCSC), por meio da Delegacia de Pol\u00edcia do Munic\u00edpio (DPMU) de Gr\u00e3o-Par\u00e1, e a Pol\u00edcia Militar (PMSC) deflagraram opera\u00e7\u00e3o \u201cS\u00e3o Jo\u00e3o\u201d nesta sexta-feira (21), dando cumprimento a quatro mandados de busca e apreens\u00e3o. Na a\u00e7\u00e3o restaram apreendidas por\u00e7\u00f5es de coca\u00edna, maconha, dinheiro em esp\u00e9cie, supostamente proveniente do tr\u00e1fico de drogas e aparelhos celulares. A opera\u00e7\u00e3o foi coordenada pela titular da DPMU de Gr\u00e3o-Par\u00e1, delegada Jucin\u00eas Dilcin\u00e9ia Ferreira.<\/p>\n<p>As investiga\u00e7\u00f5es indicavam que os suspeitos, alguns j\u00e1 com passagem por tr\u00e1fico, em liberdade provis\u00f3ria e sob uso de tornozeleira eletr\u00f4nica, continuavam atuando no com\u00e9rcio de drogas, cuja venda se dava por venda normal e tele entrega.&nbsp;<span style=\"font-family: var( --e-global-typography-primary-font-family ), Sans-serif; font-size: var( --e-global-typography-primary-font-size ); font-weight: var( --e-global-typography-primary-font-weight ); letter-spacing: var( --e-global-typography-primary-letter-spacing );\">Com base nas informa\u00e7\u00f5es, a Autoridade Policial representou por busca e apreens\u00e3o domiciliares nas resid\u00eancias dos suspeitos, al\u00e9m de pris\u00e3o preventiva, haja vista a conduta dos suspeitos que comprometia a ordem p\u00fablica, cuja manifesta\u00e7\u00e3o foi reiterada pela ilustre representante do Minist\u00e9rio P\u00fablico, e subsequentemente deferida pela autoridade judici\u00e1ria.<\/span><\/p>\n<p>Al\u00e9m do cumprimento das pris\u00f5es dos investigados, dois deles ainda tiveram contra si lavrado pris\u00e3o em flagrante, tamb\u00e9m por tr\u00e1fico de drogas e associa\u00e7\u00e3o para o tr\u00e1fico e posse irregular de arma de fogo. Em seguida, os dois foram encaminhados ao Pres\u00eddio Regional de Tubar\u00e3o.<\/p>\n<p>O trabalho ainda contou com apoio de agentes das DPMU\u2019s de Santa Rosa de Lima, setor de investiga\u00e7\u00e3o de Bra\u00e7o do Norte, canil de Tubar\u00e3o da Pol\u00edcia Militar, guarni\u00e7\u00f5es da Pol\u00edcia Militar de Gr\u00e3o-Par\u00e1 e Bra\u00e7o do Norte.&nbsp;&nbsp;<\/p>\t\t\t\t\t\t\t\t<\/div>\n\t\t\t\t<\/div>\n\t\t\t\t\t<\/div>\n\t\t<\/div>\n\t\t\t\t\t<\/div>\n\t\t<\/section>\n\t\t\t\t<section class=\"elementor-section elementor-top-section elementor-element elementor-element-c28ae97 elementor-section-boxed elementor-section-height-default elementor-section-height-default\" data-id=\"c28ae97\" data-element_type=\"section\">\n\t\t\t\t\t\t<div class=\"elementor-container elementor-column-gap-default\">\n\t\t\t\t\t<div class=\"elementor-column elementor-col-100 elementor-top-column elementor-element elementor-element-489874d\" data-id=\"489874d\" data-element_type=\"column\">\n\t\t\t<div class=\"elementor-widget-wrap elementor-element-populated\">\n\t\t\t\t\t\t<div class=\"elementor-element elementor-element-0415b35 elementor-widget__width-initial elementor-widget elementor-widget-video\" data-id=\"0415b35\" data-element_type=\"widget\" data-settings=\"{&quot;video_type&quot;:&quot;hosted&quot;,&quot;controls&quot;:&quot;yes&quot;}\" data-widget_type=\"video.default\">\n\t\t\t\t<div class=\"elementor-widget-container\">\n\t\t\t\t\t\t\t<div class=\"e-hosted-video elementor-wrapper elementor-open-inline\">\n\t\t\t\t\t<video class=\"elementor-video\" src=\"https:\/\/pc.sc.gov.br\/wp-content\/uploads\/2024\/06\/WhatsApp-Video-2024-06-21-at-14.30.39.mp4\" controls=\"\" preload=\"metadata\"><\/video>\n\t\t\t\t<\/div>\n\t\t\t\t\t\t<\/div>\n\t\t\t\t<\/div>\n\t\t\t\t\t<\/div>\n\t\t<\/div>\n\t\t\t\t\t<\/div>\n\t\t<\/section>\n\t\t\t\t<\/div>\n\t\t","protected":false},"excerpt":{"rendered":"<p>Opera\u00e7\u00e3o conjunta entre PCSC e PMSC resulta em quatro pris\u00f5es preventivas por tr\u00e1fico de drogas A Pol\u00edcia Civil de Santa Catarina (PCSC), por meio da Delegacia de Pol\u00edcia do Munic\u00edpio (DPMU) de Gr\u00e3o-Par\u00e1, e a Pol\u00edcia Militar (PMSC) deflagraram opera\u00e7\u00e3o \u201cS\u00e3o Jo\u00e3o\u201d nesta sexta-feira (21), dando cumprimento a quatro mandados de busca e apreens\u00e3o. Na [&hellip;]<\/p>\n","protected":false},"author":5,"featured_media":21177,"comment_status":"closed","ping_status":"open","sticky":false,"template":"","format":"standard","meta":{"_monsterinsights_skip_tracking":false,"_monsterinsights_sitenote_active":false,"_monsterinsights_sitenote_note":"","_monsterinsights_sitenote_category":0,"footnotes":""},"categories":[1],"tags":[],"class_list":["post-21180","post","type-post","status-publish","format-standard","has-post-thumbnail","hentry","category-sem-categoria"],"_links":{"self":[{"href":"https:\/\/pc.sc.gov.br\/index.php?rest_route=\/wp\/v2\/posts\/21180","targetHints":{"allow":["GET"]}}],"collection":[{"href":"https:\/\/pc.sc.gov.br\/index.php?rest_route=\/wp\/v2\/posts"}],"about":[{"href":"https:\/\/pc.sc.gov.br\/index.php?rest_route=\/wp\/v2\/types\/post"}],"author":[{"embeddable":true,"href":"https:\/\/pc.sc.gov.br\/index.php?rest_route=\/wp\/v2\/users\/5"}],"replies":[{"embeddable":true,"href":"https:\/\/pc.sc.gov.br\/index.php?rest_route=%2Fwp%2Fv2%2Fcomments&post=21180"}],"version-history":[{"count":8,"href":"https:\/\/pc.sc.gov.br\/index.php?rest_route=\/wp\/v2\/posts\/21180\/revisions"}],"predecessor-version":[{"id":21200,"href":"https:\/\/pc.sc.gov.br\/index.php?rest_route=\/wp\/v2\/posts\/21180\/revisions\/21200"}],"wp:featuredmedia":[{"embeddable":true,"href":"https:\/\/pc.sc.gov.br\/index.php?rest_route=\/wp\/v2\/media\/21177"}],"wp:attachment":[{"href":"https:\/\/pc.sc.gov.br\/index.php?rest_route=%2Fwp%2Fv2%2Fmedia&parent=21180"}],"wp:term":[{"taxonomy":"category","embeddable":true,"href":"https:\/\/pc.sc.gov.br\/index.php?rest_route=%2Fwp%2Fv2%2Fcategories&post=21180"},{"taxonomy":"post_tag","embeddable":true,"href":"https:\/\/pc.sc.gov.br\/index.php?rest_route=%2Fwp%2Fv2%2Ftags&post=21180"}],"curies":[{"name":"wp","href":"https:\/\/api.w.org\/{rel}","templated":true}]}}