{"id":21182,"date":"2024-06-21T14:33:03","date_gmt":"2024-06-21T17:33:03","guid":{"rendered":"https:\/\/pc.sc.gov.br\/?p=21182"},"modified":"2024-06-21T14:34:02","modified_gmt":"2024-06-21T17:34:02","slug":"policia-civil-prende-autor-de-ameacas-a-juizes-e-promotores-em-balneario-picarras","status":"publish","type":"post","link":"https:\/\/pc.sc.gov.br\/?p=21182","title":{"rendered":"Pol\u00edcia Civil prende autor de amea\u00e7as a ju\u00edzes e promotores em Balne\u00e1rio Pi\u00e7arras"},"content":{"rendered":"\t\t<div data-elementor-type=\"wp-post\" data-elementor-id=\"21182\" class=\"elementor elementor-21182\" data-elementor-post-type=\"post\">\n\t\t\t\t\t\t<section class=\"elementor-section elementor-top-section elementor-element elementor-element-740a757 elementor-section-boxed elementor-section-height-default elementor-section-height-default\" data-id=\"740a757\" data-element_type=\"section\">\n\t\t\t\t\t\t<div class=\"elementor-container elementor-column-gap-default\">\n\t\t\t\t\t<div class=\"elementor-column elementor-col-100 elementor-top-column elementor-element elementor-element-b905b77\" data-id=\"b905b77\" data-element_type=\"column\">\n\t\t\t<div class=\"elementor-widget-wrap elementor-element-populated\">\n\t\t\t\t\t\t<div class=\"elementor-element elementor-element-a71f1a2 elementor-widget elementor-widget-heading\" data-id=\"a71f1a2\" data-element_type=\"widget\" data-widget_type=\"heading.default\">\n\t\t\t\t<div class=\"elementor-widget-container\">\n\t\t\t\t\t<h2 class=\"elementor-heading-title elementor-size-default\">Pol\u00edcia Civil prende autor de amea\u00e7as a ju\u00edzes e promotores em Balne\u00e1rio Pi\u00e7arras\n<\/h2>\t\t\t\t<\/div>\n\t\t\t\t<\/div>\n\t\t\t\t\t<\/div>\n\t\t<\/div>\n\t\t\t\t\t<\/div>\n\t\t<\/section>\n\t\t\t\t<section class=\"elementor-section elementor-top-section elementor-element elementor-element-cb42308 elementor-section-boxed elementor-section-height-default elementor-section-height-default\" data-id=\"cb42308\" data-element_type=\"section\">\n\t\t\t\t\t\t<div class=\"elementor-container elementor-column-gap-default\">\n\t\t\t\t\t<div class=\"elementor-column elementor-col-100 elementor-top-column elementor-element elementor-element-64bc130\" data-id=\"64bc130\" data-element_type=\"column\">\n\t\t\t<div class=\"elementor-widget-wrap elementor-element-populated\">\n\t\t\t\t\t\t<div class=\"elementor-element elementor-element-f30b571 elementor-widget elementor-widget-image\" data-id=\"f30b571\" data-element_type=\"widget\" data-widget_type=\"image.default\">\n\t\t\t\t<div class=\"elementor-widget-container\">\n\t\t\t\t\t\t\t\t\t\t\t\t\t\t\t<img fetchpriority=\"high\" decoding=\"async\" width=\"696\" height=\"464\" src=\"https:\/\/pc.sc.gov.br\/\/wp-content\/uploads\/2023\/10\/PCSC-VTR-1024x683.jpg\" class=\"attachment-large size-large wp-image-14700\" alt=\"\" srcset=\"https:\/\/pc.sc.gov.br\/\/wp-content\/uploads\/2023\/10\/PCSC-VTR-1024x683.jpg 1024w, https:\/\/pc.sc.gov.br\/\/wp-content\/uploads\/2023\/10\/PCSC-VTR-300x200.jpg 300w, https:\/\/pc.sc.gov.br\/\/wp-content\/uploads\/2023\/10\/PCSC-VTR-768x512.jpg 768w, https:\/\/pc.sc.gov.br\/\/wp-content\/uploads\/2023\/10\/PCSC-VTR-1536x1024.jpg 1536w, https:\/\/pc.sc.gov.br\/\/wp-content\/uploads\/2023\/10\/PCSC-VTR-2048x1365.jpg 2048w\" sizes=\"(max-width: 696px) 100vw, 696px\" \/>\t\t\t\t\t\t\t\t\t\t\t\t\t\t\t<\/div>\n\t\t\t\t<\/div>\n\t\t\t\t\t<\/div>\n\t\t<\/div>\n\t\t\t\t\t<\/div>\n\t\t<\/section>\n\t\t\t\t<section class=\"elementor-section elementor-top-section elementor-element elementor-element-17e5f02 elementor-section-boxed elementor-section-height-default elementor-section-height-default\" data-id=\"17e5f02\" data-element_type=\"section\">\n\t\t\t\t\t\t<div class=\"elementor-container elementor-column-gap-default\">\n\t\t\t\t\t<div class=\"elementor-column elementor-col-100 elementor-top-column elementor-element elementor-element-865eeb9\" data-id=\"865eeb9\" data-element_type=\"column\">\n\t\t\t<div class=\"elementor-widget-wrap elementor-element-populated\">\n\t\t\t\t\t\t<div class=\"elementor-element elementor-element-8b7ed85 elementor-widget elementor-widget-text-editor\" data-id=\"8b7ed85\" data-element_type=\"widget\" data-widget_type=\"text-editor.default\">\n\t\t\t\t<div class=\"elementor-widget-container\">\n\t\t\t\t\t\t\t\t\t<p>A Pol\u00edcia Civil de Santa Catarina, por meio da Divis\u00e3o de Investiga\u00e7\u00e3o Criminal de Balne\u00e1rio Cambori\u00fa, em trabalho conjunto com o N\u00facleo de Intelig\u00eancia e Seguran\u00e7a Institucional do Tribunal de Justi\u00e7a de Santa Catarina, cumpriu, na quinta-feira (20), um mandado de pris\u00e3o preventiva em desfavor de um homem investigado pela pr\u00e1tica de uma s\u00e9rie de crimes de inj\u00faria, cal\u00fania, denuncia\u00e7\u00e3o caluniosa e coa\u00e7\u00e3o no curso do processo contra magistrados e membros do Minist\u00e9rio P\u00fablico que atuam nas cidades de Cambori\u00fa e Balne\u00e1rio Cambori\u00fa.<\/p><p>A investiga\u00e7\u00e3o aponta que o suspeito coagia as v\u00edtimas com o fim de obter decis\u00f5es favor\u00e1veis nos processos em que era parte, assim como para buscar uma esp\u00e9cie de vingan\u00e7a quando n\u00e3o tinha suas pretens\u00f5es jur\u00eddicas atendidas. Como forma de coa\u00e7\u00e3o, o investigado se utilizava, sobretudo, da cria\u00e7\u00e3o de den\u00fancias falsas sobre crimes que seriam praticados pelas v\u00edtimas.<\/p><p>A pris\u00e3o ocorreu na cidade de Balne\u00e1rio Pi\u00e7arras, sendo o preso, posteriormente, encaminhado para o Pres\u00eddio do Vale do Itaja\u00ed.<\/p>\t\t\t\t\t\t\t\t<\/div>\n\t\t\t\t<\/div>\n\t\t\t\t\t<\/div>\n\t\t<\/div>\n\t\t\t\t\t<\/div>\n\t\t<\/section>\n\t\t\t\t<\/div>\n\t\t","protected":false},"excerpt":{"rendered":"<p>Pol\u00edcia Civil prende autor de amea\u00e7as a ju\u00edzes e promotores em Balne\u00e1rio Pi\u00e7arras A Pol\u00edcia Civil de Santa Catarina, por meio da Divis\u00e3o de Investiga\u00e7\u00e3o Criminal de Balne\u00e1rio Cambori\u00fa, em trabalho conjunto com o N\u00facleo de Intelig\u00eancia e Seguran\u00e7a Institucional do Tribunal de Justi\u00e7a de Santa Catarina, cumpriu, na quinta-feira (20), um mandado de pris\u00e3o [&hellip;]<\/p>\n","protected":false},"author":5,"featured_media":12056,"comment_status":"closed","ping_status":"open","sticky":false,"template":"","format":"standard","meta":{"_monsterinsights_skip_tracking":false,"_monsterinsights_sitenote_active":false,"_monsterinsights_sitenote_note":"","_monsterinsights_sitenote_category":0,"footnotes":""},"categories":[1],"tags":[],"class_list":["post-21182","post","type-post","status-publish","format-standard","has-post-thumbnail","hentry","category-sem-categoria"],"_links":{"self":[{"href":"https:\/\/pc.sc.gov.br\/index.php?rest_route=\/wp\/v2\/posts\/21182","targetHints":{"allow":["GET"]}}],"collection":[{"href":"https:\/\/pc.sc.gov.br\/index.php?rest_route=\/wp\/v2\/posts"}],"about":[{"href":"https:\/\/pc.sc.gov.br\/index.php?rest_route=\/wp\/v2\/types\/post"}],"author":[{"embeddable":true,"href":"https:\/\/pc.sc.gov.br\/index.php?rest_route=\/wp\/v2\/users\/5"}],"replies":[{"embeddable":true,"href":"https:\/\/pc.sc.gov.br\/index.php?rest_route=%2Fwp%2Fv2%2Fcomments&post=21182"}],"version-history":[{"count":4,"href":"https:\/\/pc.sc.gov.br\/index.php?rest_route=\/wp\/v2\/posts\/21182\/revisions"}],"predecessor-version":[{"id":21186,"href":"https:\/\/pc.sc.gov.br\/index.php?rest_route=\/wp\/v2\/posts\/21182\/revisions\/21186"}],"wp:featuredmedia":[{"embeddable":true,"href":"https:\/\/pc.sc.gov.br\/index.php?rest_route=\/wp\/v2\/media\/12056"}],"wp:attachment":[{"href":"https:\/\/pc.sc.gov.br\/index.php?rest_route=%2Fwp%2Fv2%2Fmedia&parent=21182"}],"wp:term":[{"taxonomy":"category","embeddable":true,"href":"https:\/\/pc.sc.gov.br\/index.php?rest_route=%2Fwp%2Fv2%2Fcategories&post=21182"},{"taxonomy":"post_tag","embeddable":true,"href":"https:\/\/pc.sc.gov.br\/index.php?rest_route=%2Fwp%2Fv2%2Ftags&post=21182"}],"curies":[{"name":"wp","href":"https:\/\/api.w.org\/{rel}","templated":true}]}}