{"id":21206,"date":"2024-06-21T15:21:15","date_gmt":"2024-06-21T18:21:15","guid":{"rendered":"https:\/\/pc.sc.gov.br\/?p=21206"},"modified":"2024-06-21T15:25:34","modified_gmt":"2024-06-21T18:25:34","slug":"dras-deic-prende-autor-de-crime-de-falso-sequestro-em-florianopolis","status":"publish","type":"post","link":"https:\/\/pc.sc.gov.br\/?p=21206","title":{"rendered":"DRAS\/DEIC prende autor de crime de \u201cfalso sequestro\u201d em Florian\u00f3polis"},"content":{"rendered":"\t\t<div data-elementor-type=\"wp-post\" data-elementor-id=\"21206\" class=\"elementor elementor-21206\" data-elementor-post-type=\"post\">\n\t\t\t\t\t\t<section class=\"elementor-section elementor-top-section elementor-element elementor-element-bf142a9 elementor-section-boxed elementor-section-height-default elementor-section-height-default\" data-id=\"bf142a9\" data-element_type=\"section\">\n\t\t\t\t\t\t<div class=\"elementor-container elementor-column-gap-default\">\n\t\t\t\t\t<div class=\"elementor-column elementor-col-100 elementor-top-column elementor-element elementor-element-dffabed\" data-id=\"dffabed\" data-element_type=\"column\">\n\t\t\t<div class=\"elementor-widget-wrap elementor-element-populated\">\n\t\t\t\t\t\t<div class=\"elementor-element elementor-element-270ebe7 elementor-widget elementor-widget-heading\" data-id=\"270ebe7\" data-element_type=\"widget\" data-widget_type=\"heading.default\">\n\t\t\t\t<div class=\"elementor-widget-container\">\n\t\t\t\t\t<h2 class=\"elementor-heading-title elementor-size-default\">DRAS\/DEIC prende autor de crime de \u201cfalso sequestro\u201d em Florian\u00f3polis<\/h2>\t\t\t\t<\/div>\n\t\t\t\t<\/div>\n\t\t\t\t\t<\/div>\n\t\t<\/div>\n\t\t\t\t\t<\/div>\n\t\t<\/section>\n\t\t\t\t<section class=\"elementor-section elementor-top-section elementor-element elementor-element-6fa9858 elementor-section-boxed elementor-section-height-default elementor-section-height-default\" data-id=\"6fa9858\" data-element_type=\"section\">\n\t\t\t\t\t\t<div class=\"elementor-container elementor-column-gap-default\">\n\t\t\t\t\t<div class=\"elementor-column elementor-col-100 elementor-top-column elementor-element elementor-element-16d555e\" data-id=\"16d555e\" data-element_type=\"column\">\n\t\t\t<div class=\"elementor-widget-wrap elementor-element-populated\">\n\t\t\t\t\t\t<div class=\"elementor-element elementor-element-0ebfcb4 elementor-widget elementor-widget-image\" data-id=\"0ebfcb4\" data-element_type=\"widget\" data-widget_type=\"image.default\">\n\t\t\t\t<div class=\"elementor-widget-container\">\n\t\t\t\t\t\t\t\t\t\t\t\t\t\t\t<img fetchpriority=\"high\" decoding=\"async\" width=\"696\" height=\"529\" src=\"https:\/\/pc.sc.gov.br\/\/wp-content\/uploads\/2024\/06\/WhatsApp-Image-2024-01-30-at-16.33.05-fotor-202405031461.jpg\" class=\"attachment-large size-large wp-image-20672\" alt=\"\" srcset=\"https:\/\/pc.sc.gov.br\/\/wp-content\/uploads\/2024\/06\/WhatsApp-Image-2024-01-30-at-16.33.05-fotor-202405031461.jpg 969w, https:\/\/pc.sc.gov.br\/\/wp-content\/uploads\/2024\/06\/WhatsApp-Image-2024-01-30-at-16.33.05-fotor-202405031461-300x228.jpg 300w, https:\/\/pc.sc.gov.br\/\/wp-content\/uploads\/2024\/06\/WhatsApp-Image-2024-01-30-at-16.33.05-fotor-202405031461-768x583.jpg 768w\" sizes=\"(max-width: 696px) 100vw, 696px\" \/>\t\t\t\t\t\t\t\t\t\t\t\t\t\t\t<\/div>\n\t\t\t\t<\/div>\n\t\t\t\t\t<\/div>\n\t\t<\/div>\n\t\t\t\t\t<\/div>\n\t\t<\/section>\n\t\t\t\t<section class=\"elementor-section elementor-top-section elementor-element elementor-element-7e85b03 elementor-section-boxed elementor-section-height-default elementor-section-height-default\" data-id=\"7e85b03\" data-element_type=\"section\">\n\t\t\t\t\t\t<div class=\"elementor-container elementor-column-gap-default\">\n\t\t\t\t\t<div class=\"elementor-column elementor-col-100 elementor-top-column elementor-element elementor-element-82d4bd8\" data-id=\"82d4bd8\" data-element_type=\"column\">\n\t\t\t<div class=\"elementor-widget-wrap elementor-element-populated\">\n\t\t\t\t\t\t<div class=\"elementor-element elementor-element-b8c8018 elementor-widget elementor-widget-text-editor\" data-id=\"b8c8018\" data-element_type=\"widget\" data-widget_type=\"text-editor.default\">\n\t\t\t\t<div class=\"elementor-widget-container\">\n\t\t\t\t\t\t\t\t\t<p>A Pol\u00edcia Civil do Distrito Federal, com apoio das Pol\u00edcias Civis dos estados de Santa Catarina e do Rio de Janeiro, deflagrou nesta quinta-feira (20) a Opera\u00e7\u00e3o Policial \u201cRael\u201d, com o intuito de desarticular uma organiza\u00e7\u00e3o criminosa dedicada \u00e0 pr\u00e1tica de extors\u00f5es com o golpe do \u201cfalso sequestro\u201d.&nbsp;<\/p>\n<p><span style=\"font-family: var( --e-global-typography-text-font-family ), Sans-serif; font-size: var( --e-global-typography-text-font-size );\">A investiga\u00e7\u00e3o teve in\u00edcio em outubro de 2023, quando um idoso morador do Distrito Federal foi v\u00edtima do grupo e permaneceu no celular por 20 horas, sob a amea\u00e7a dos autores de que seu filho estaria sequestrado e a exig\u00eancia de pagamento de \u201cresgate\u201d.&nbsp;&nbsp;<\/span><span style=\"font-family: var( --e-global-typography-text-font-family ), Sans-serif; font-size: var( --e-global-typography-text-font-size );\">As investiga\u00e7\u00f5es constataram a exist\u00eancia de uma engenhosa rede criminosa, com diversos n\u00facleos, liderada por tr\u00eas indiv\u00edduos com aprofundado conhecimento em inform\u00e1tica, que utilizavam seu conhecimento para esconder seus rastros na internet.<\/span><\/p>\n<p>Os l\u00edderes eram respons\u00e1veis pela compra de dados de potenciais v\u00edtimas em \u201cpain\u00e9is\u201d dispon\u00edveis na internet e depois repassavam os dados para seus comparsas entrarem em contato com as v\u00edtimas.&nbsp;<span style=\"font-family: var( --e-global-typography-text-font-family ), Sans-serif; font-size: var( --e-global-typography-text-font-size );\">As liga\u00e7\u00f5es para as v\u00edtimas eram feitas por presos recolhidos no regime semiaberto do estado do Rio de Janeiro, a partir de duas unidades prisionais.&nbsp;<\/span><\/p>\n<p>Assim que os presos conseguiam convencer alguma v\u00edtima, eles repassavam as informa\u00e7\u00f5es aos l\u00edderes que mantinham grupos de \u201centregadores\u201d no Estados de Estados de S\u00e3o Paulo, Paran\u00e1, Minas Gerais, Goi\u00e1s, Rio Grande do Sul, Santa Catarina, Rio de Janeiro, Mato Grosso, Acre, Mato Grosso do Sul, Cear\u00e1, Bahia, Pernambuco, Esp\u00edrito Santo e Distrito Federal.<\/p>\n<p>As v\u00edtimas ent\u00e3o eram orientadas a colocar cart\u00f5es banc\u00e1rios e objetos de valores em sacolas que eram recolhidas pelos \u201centregadores\u201d, que faziam saques e transfer\u00eancias enquanto a v\u00edtima ainda era mantida na linha sob amea\u00e7a dos autores presos.&nbsp;<span style=\"font-family: var( --e-global-typography-text-font-family ), Sans-serif; font-size: var( --e-global-typography-text-font-size );\">Ao fim os entregadores ainda remetiam os objetos de valor e joias para uma ag\u00eancia dos Correios em Niter\u00f3i (RJ), onde eles eram recolhidos pelos l\u00edderes do grupo.<\/span><\/p>\n<p>O principal l\u00edder do grupo j\u00e1 havia sido preso pela PCSP dentro do Sistema Prisional do Rio de Janeiro no ano de 2007, enquanto extorquia v\u00edtimas do Estado de S\u00e3o Paulo. Desde ent\u00e3o ele se especializou nesse tipo de golpe e criou essa varia\u00e7\u00e3o do golpe com apoio local, aprendeu a ocultar seus rastros na internet e ainda criou uma empresa de revenda de joias para destinar os objetos recolhidos na resid\u00eancia das v\u00edtimas.<\/p>\n<p>Os l\u00edderes da organiza\u00e7\u00e3o criminosa tiveram suas pris\u00f5es preventivas decretadas pela 1\u00aa Vara Criminal de Taguatinga, que tamb\u00e9m determinou o sequestro valores e expediu dez mandados de busca e apreens\u00e3o que foram cumpridos em Santa Maria (DF), Florian\u00f3polis (SC), Angra dos Reis e Rio de Janeiro (RJ).<\/p>\n<p>De acordo com o delegado Anselmo Cruz, titular da Delegacia de Roubos e Antissequestro \u2013 DRAS\/DEIC, nesta quinta-feira (20), os policiais civis da DRAS cumpriram dois mandados de buscas e concretizaram a pris\u00e3o de um dos integrantes do grupo, no Bairro Rio Vermelho, em Florian\u00f3polis.&nbsp;&nbsp;<\/p>\n<p>Ao total foram identificados 10 integrantes do grupo, dentre eles os presos respons\u00e1veis pelas liga\u00e7\u00f5es, \u201centregadores\u201d e todos os l\u00edderes, que ir\u00e3o responder pelos crimes de extors\u00e3o, organiza\u00e7\u00e3o criminosa e lavagem de capitais, podendo ser condenados at\u00e9 31 anos de pris\u00e3o.<\/p>\n<div>&nbsp;<\/div>\t\t\t\t\t\t\t\t<\/div>\n\t\t\t\t<\/div>\n\t\t\t\t\t<\/div>\n\t\t<\/div>\n\t\t\t\t\t<\/div>\n\t\t<\/section>\n\t\t\t\t<section class=\"elementor-section elementor-top-section elementor-element elementor-element-5611c2f elementor-section-boxed elementor-section-height-default elementor-section-height-default\" data-id=\"5611c2f\" data-element_type=\"section\">\n\t\t\t\t\t\t<div class=\"elementor-container elementor-column-gap-default\">\n\t\t\t\t\t<div class=\"elementor-column elementor-col-100 elementor-top-column elementor-element elementor-element-1ae045b\" data-id=\"1ae045b\" data-element_type=\"column\">\n\t\t\t<div class=\"elementor-widget-wrap elementor-element-populated\">\n\t\t\t\t\t\t<div class=\"elementor-element elementor-element-21c7c48 elementor-widget__width-initial elementor-widget elementor-widget-video\" data-id=\"21c7c48\" data-element_type=\"widget\" data-settings=\"{&quot;video_type&quot;:&quot;hosted&quot;,&quot;controls&quot;:&quot;yes&quot;}\" data-widget_type=\"video.default\">\n\t\t\t\t<div class=\"elementor-widget-container\">\n\t\t\t\t\t\t\t<div class=\"e-hosted-video elementor-wrapper elementor-open-inline\">\n\t\t\t\t\t<video class=\"elementor-video\" src=\"https:\/\/pc.sc.gov.br\/wp-content\/uploads\/2024\/06\/WhatsApp-Video-2024-06-20-at-20.02.44.mp4\" controls=\"\" preload=\"metadata\"><\/video>\n\t\t\t\t<\/div>\n\t\t\t\t\t\t<\/div>\n\t\t\t\t<\/div>\n\t\t\t\t\t<\/div>\n\t\t<\/div>\n\t\t\t\t\t<\/div>\n\t\t<\/section>\n\t\t\t\t<\/div>\n\t\t","protected":false},"excerpt":{"rendered":"<p>DRAS\/DEIC prende autor de crime de \u201cfalso sequestro\u201d em Florian\u00f3polis A Pol\u00edcia Civil do Distrito Federal, com apoio das Pol\u00edcias Civis dos estados de Santa Catarina e do Rio de Janeiro, deflagrou nesta quinta-feira (20) a Opera\u00e7\u00e3o Policial \u201cRael\u201d, com o intuito de desarticular uma organiza\u00e7\u00e3o criminosa dedicada \u00e0 pr\u00e1tica de extors\u00f5es com o golpe [&hellip;]<\/p>\n","protected":false},"author":5,"featured_media":19664,"comment_status":"closed","ping_status":"open","sticky":false,"template":"","format":"standard","meta":{"_monsterinsights_skip_tracking":false,"_monsterinsights_sitenote_active":false,"_monsterinsights_sitenote_note":"","_monsterinsights_sitenote_category":0,"footnotes":""},"categories":[1],"tags":[],"class_list":["post-21206","post","type-post","status-publish","format-standard","has-post-thumbnail","hentry","category-sem-categoria"],"_links":{"self":[{"href":"https:\/\/pc.sc.gov.br\/index.php?rest_route=\/wp\/v2\/posts\/21206","targetHints":{"allow":["GET"]}}],"collection":[{"href":"https:\/\/pc.sc.gov.br\/index.php?rest_route=\/wp\/v2\/posts"}],"about":[{"href":"https:\/\/pc.sc.gov.br\/index.php?rest_route=\/wp\/v2\/types\/post"}],"author":[{"embeddable":true,"href":"https:\/\/pc.sc.gov.br\/index.php?rest_route=\/wp\/v2\/users\/5"}],"replies":[{"embeddable":true,"href":"https:\/\/pc.sc.gov.br\/index.php?rest_route=%2Fwp%2Fv2%2Fcomments&post=21206"}],"version-history":[{"count":3,"href":"https:\/\/pc.sc.gov.br\/index.php?rest_route=\/wp\/v2\/posts\/21206\/revisions"}],"predecessor-version":[{"id":21211,"href":"https:\/\/pc.sc.gov.br\/index.php?rest_route=\/wp\/v2\/posts\/21206\/revisions\/21211"}],"wp:featuredmedia":[{"embeddable":true,"href":"https:\/\/pc.sc.gov.br\/index.php?rest_route=\/wp\/v2\/media\/19664"}],"wp:attachment":[{"href":"https:\/\/pc.sc.gov.br\/index.php?rest_route=%2Fwp%2Fv2%2Fmedia&parent=21206"}],"wp:term":[{"taxonomy":"category","embeddable":true,"href":"https:\/\/pc.sc.gov.br\/index.php?rest_route=%2Fwp%2Fv2%2Fcategories&post=21206"},{"taxonomy":"post_tag","embeddable":true,"href":"https:\/\/pc.sc.gov.br\/index.php?rest_route=%2Fwp%2Fv2%2Ftags&post=21206"}],"curies":[{"name":"wp","href":"https:\/\/api.w.org\/{rel}","templated":true}]}}