{"id":21212,"date":"2024-06-21T16:37:00","date_gmt":"2024-06-21T19:37:00","guid":{"rendered":"https:\/\/pc.sc.gov.br\/?p=21212"},"modified":"2024-06-21T16:37:48","modified_gmt":"2024-06-21T19:37:48","slug":"policias-civis-do-pr-e-sc-deflagram-operacao-em-investigacao-a-homicidios-ocorridos-em-itaperucu-pr","status":"publish","type":"post","link":"https:\/\/pc.sc.gov.br\/?p=21212","title":{"rendered":"Pol\u00edcias Civis do PR e SC deflagram opera\u00e7\u00e3o em investiga\u00e7\u00e3o a homic\u00eddios ocorridos em Itaperu\u00e7u\/ PR"},"content":{"rendered":"\t\t<div data-elementor-type=\"wp-post\" data-elementor-id=\"21212\" class=\"elementor elementor-21212\" data-elementor-post-type=\"post\">\n\t\t\t\t\t\t<section class=\"elementor-section elementor-top-section elementor-element elementor-element-51d1933 elementor-section-boxed elementor-section-height-default elementor-section-height-default\" data-id=\"51d1933\" data-element_type=\"section\">\n\t\t\t\t\t\t<div class=\"elementor-container elementor-column-gap-default\">\n\t\t\t\t\t<div class=\"elementor-column elementor-col-100 elementor-top-column elementor-element elementor-element-3fbee8d\" data-id=\"3fbee8d\" data-element_type=\"column\">\n\t\t\t<div class=\"elementor-widget-wrap elementor-element-populated\">\n\t\t\t\t\t\t<div class=\"elementor-element elementor-element-2d258fc elementor-widget elementor-widget-heading\" data-id=\"2d258fc\" data-element_type=\"widget\" data-widget_type=\"heading.default\">\n\t\t\t\t<div class=\"elementor-widget-container\">\n\t\t\t\t\t<h2 class=\"elementor-heading-title elementor-size-default\">Pol\u00edcias Civis do PR e SC deflagram opera\u00e7\u00e3o em investiga\u00e7\u00e3o a homic\u00eddios ocorridos em Itaperu\u00e7u\/ PR<\/h2>\t\t\t\t<\/div>\n\t\t\t\t<\/div>\n\t\t\t\t\t<\/div>\n\t\t<\/div>\n\t\t\t\t\t<\/div>\n\t\t<\/section>\n\t\t\t\t<section class=\"elementor-section elementor-top-section elementor-element elementor-element-e8e4857 elementor-section-boxed elementor-section-height-default elementor-section-height-default\" data-id=\"e8e4857\" data-element_type=\"section\">\n\t\t\t\t\t\t<div class=\"elementor-container elementor-column-gap-default\">\n\t\t\t\t\t<div class=\"elementor-column elementor-col-100 elementor-top-column elementor-element elementor-element-9784340\" data-id=\"9784340\" data-element_type=\"column\">\n\t\t\t<div class=\"elementor-widget-wrap elementor-element-populated\">\n\t\t\t\t\t\t<div class=\"elementor-element elementor-element-32c2c6e elementor-widget elementor-widget-image\" data-id=\"32c2c6e\" data-element_type=\"widget\" data-widget_type=\"image.default\">\n\t\t\t\t<div class=\"elementor-widget-container\">\n\t\t\t\t\t\t\t\t\t\t\t\t\t\t\t<img fetchpriority=\"high\" decoding=\"async\" width=\"696\" height=\"625\" src=\"https:\/\/pc.sc.gov.br\/\/wp-content\/uploads\/2024\/06\/WhatsApp-Image-2024-06-21-at-16.14.07-1024x919.jpeg\" class=\"attachment-large size-large wp-image-21213\" alt=\"\" srcset=\"https:\/\/pc.sc.gov.br\/\/wp-content\/uploads\/2024\/06\/WhatsApp-Image-2024-06-21-at-16.14.07-1024x919.jpeg 1024w, https:\/\/pc.sc.gov.br\/\/wp-content\/uploads\/2024\/06\/WhatsApp-Image-2024-06-21-at-16.14.07-300x269.jpeg 300w, https:\/\/pc.sc.gov.br\/\/wp-content\/uploads\/2024\/06\/WhatsApp-Image-2024-06-21-at-16.14.07-768x689.jpeg 768w, https:\/\/pc.sc.gov.br\/\/wp-content\/uploads\/2024\/06\/WhatsApp-Image-2024-06-21-at-16.14.07.jpeg 1290w\" sizes=\"(max-width: 696px) 100vw, 696px\" \/>\t\t\t\t\t\t\t\t\t\t\t\t\t\t\t<\/div>\n\t\t\t\t<\/div>\n\t\t\t\t\t<\/div>\n\t\t<\/div>\n\t\t\t\t\t<\/div>\n\t\t<\/section>\n\t\t\t\t<section class=\"elementor-section elementor-top-section elementor-element elementor-element-de38bbe elementor-section-boxed elementor-section-height-default elementor-section-height-default\" data-id=\"de38bbe\" data-element_type=\"section\">\n\t\t\t\t\t\t<div class=\"elementor-container elementor-column-gap-default\">\n\t\t\t\t\t<div class=\"elementor-column elementor-col-100 elementor-top-column elementor-element elementor-element-19172a2\" data-id=\"19172a2\" data-element_type=\"column\">\n\t\t\t<div class=\"elementor-widget-wrap elementor-element-populated\">\n\t\t\t\t\t\t<div class=\"elementor-element elementor-element-41661f8 elementor-widget elementor-widget-text-editor\" data-id=\"41661f8\" data-element_type=\"widget\" data-widget_type=\"text-editor.default\">\n\t\t\t\t<div class=\"elementor-widget-container\">\n\t\t\t\t\t\t\t\t\t<p>Na manh\u00e3 desta sexta-feira (21), a Pol\u00edcia Civil de Santa Catarina, por meio da Delegacia de Furtos e Roubos de Cargas da Diretoria Estadual de Investiga\u00e7\u00f5es Criminais, prestou apoio \u00e0 Pol\u00edcia Civil de Paran\u00e1, que, por meio da Delegacia de Rio Branco do Sul, com apoio das Delegacias de Matinhos e de Pontal, deu cumprimento a mandados de busca e apreens\u00e3o e mandados de pris\u00e3o.<\/p><p>Ao todo, foram cumpridos 10 mandados judiciais de busca e apreens\u00e3o e dois mandados de pris\u00e3o preventiva nas cidades de Itaperu\u00e7u\/PR, Matinhos\/PR, Pontal do Paran\u00e1\/PR e Joinville\/SC.<\/p><p>As investiga\u00e7\u00f5es apuraram que tr\u00eas homic\u00eddios ocorridos em Itaperu\u00e7u, dentre os meses de abril e maio deste ano, estariam todos interligados e seriam resultado de uma rixa antiga entre os autores e v\u00edtimas.<\/p><p>Sendo assim, foi representado pela pris\u00e3o preventiva de dois alvos, bem como pela busca e apreens\u00e3o em 10 localidades, a fim de localizar as armas, em tese, utilizadas para os crimes.<\/p><p>Durante as buscas na data de hoje, foram apreendidos dois rev\u00f3lveres, uma pistola e centenas de muni\u00e7\u00f5es de diversos calibres.<\/p><p>Duas pessoas foram presas em flagrante pelo crime de posse irregular de arma de fogo, sendo uma delas na cidade de Joinville\/SC, e foi dado cumprimento a um mandado de pris\u00e3o preventiva pelo crime de homic\u00eddio.<\/p>\t\t\t\t\t\t\t\t<\/div>\n\t\t\t\t<\/div>\n\t\t\t\t\t<\/div>\n\t\t<\/div>\n\t\t\t\t\t<\/div>\n\t\t<\/section>\n\t\t\t\t<\/div>\n\t\t","protected":false},"excerpt":{"rendered":"<p>Pol\u00edcias Civis do PR e SC deflagram opera\u00e7\u00e3o em investiga\u00e7\u00e3o a homic\u00eddios ocorridos em Itaperu\u00e7u\/ PR Na manh\u00e3 desta sexta-feira (21), a Pol\u00edcia Civil de Santa Catarina, por meio da Delegacia de Furtos e Roubos de Cargas da Diretoria Estadual de Investiga\u00e7\u00f5es Criminais, prestou apoio \u00e0 Pol\u00edcia Civil de Paran\u00e1, que, por meio da Delegacia [&hellip;]<\/p>\n","protected":false},"author":5,"featured_media":21213,"comment_status":"closed","ping_status":"open","sticky":false,"template":"","format":"standard","meta":{"_monsterinsights_skip_tracking":false,"_monsterinsights_sitenote_active":false,"_monsterinsights_sitenote_note":"","_monsterinsights_sitenote_category":0,"footnotes":""},"categories":[1],"tags":[],"class_list":["post-21212","post","type-post","status-publish","format-standard","has-post-thumbnail","hentry","category-sem-categoria"],"_links":{"self":[{"href":"https:\/\/pc.sc.gov.br\/index.php?rest_route=\/wp\/v2\/posts\/21212","targetHints":{"allow":["GET"]}}],"collection":[{"href":"https:\/\/pc.sc.gov.br\/index.php?rest_route=\/wp\/v2\/posts"}],"about":[{"href":"https:\/\/pc.sc.gov.br\/index.php?rest_route=\/wp\/v2\/types\/post"}],"author":[{"embeddable":true,"href":"https:\/\/pc.sc.gov.br\/index.php?rest_route=\/wp\/v2\/users\/5"}],"replies":[{"embeddable":true,"href":"https:\/\/pc.sc.gov.br\/index.php?rest_route=%2Fwp%2Fv2%2Fcomments&post=21212"}],"version-history":[{"count":4,"href":"https:\/\/pc.sc.gov.br\/index.php?rest_route=\/wp\/v2\/posts\/21212\/revisions"}],"predecessor-version":[{"id":21217,"href":"https:\/\/pc.sc.gov.br\/index.php?rest_route=\/wp\/v2\/posts\/21212\/revisions\/21217"}],"wp:featuredmedia":[{"embeddable":true,"href":"https:\/\/pc.sc.gov.br\/index.php?rest_route=\/wp\/v2\/media\/21213"}],"wp:attachment":[{"href":"https:\/\/pc.sc.gov.br\/index.php?rest_route=%2Fwp%2Fv2%2Fmedia&parent=21212"}],"wp:term":[{"taxonomy":"category","embeddable":true,"href":"https:\/\/pc.sc.gov.br\/index.php?rest_route=%2Fwp%2Fv2%2Fcategories&post=21212"},{"taxonomy":"post_tag","embeddable":true,"href":"https:\/\/pc.sc.gov.br\/index.php?rest_route=%2Fwp%2Fv2%2Ftags&post=21212"}],"curies":[{"name":"wp","href":"https:\/\/api.w.org\/{rel}","templated":true}]}}