{"id":21218,"date":"2024-06-21T17:19:38","date_gmt":"2024-06-21T20:19:38","guid":{"rendered":"https:\/\/pc.sc.gov.br\/?p=21218"},"modified":"2024-06-21T18:35:01","modified_gmt":"2024-06-21T21:35:01","slug":"policia-civil-deflagra-operacao-viuva-negra-em-investigacao-de-homicidio-em-brusque","status":"publish","type":"post","link":"https:\/\/pc.sc.gov.br\/?p=21218","title":{"rendered":"Pol\u00edcia Civil deflagra opera\u00e7\u00e3o \u201cVi\u00fava Negra\u201d em investiga\u00e7\u00e3o de homic\u00eddio em Brusque"},"content":{"rendered":"\t\t<div data-elementor-type=\"wp-post\" data-elementor-id=\"21218\" class=\"elementor elementor-21218\" data-elementor-post-type=\"post\">\n\t\t\t\t\t\t<section class=\"elementor-section elementor-top-section elementor-element elementor-element-7d5b57c elementor-section-boxed elementor-section-height-default elementor-section-height-default\" data-id=\"7d5b57c\" data-element_type=\"section\">\n\t\t\t\t\t\t<div class=\"elementor-container elementor-column-gap-default\">\n\t\t\t\t\t<div class=\"elementor-column elementor-col-100 elementor-top-column elementor-element elementor-element-903b5ed\" data-id=\"903b5ed\" data-element_type=\"column\">\n\t\t\t<div class=\"elementor-widget-wrap elementor-element-populated\">\n\t\t\t\t\t\t<div class=\"elementor-element elementor-element-94b5b4b elementor-widget elementor-widget-heading\" data-id=\"94b5b4b\" data-element_type=\"widget\" data-widget_type=\"heading.default\">\n\t\t\t\t<div class=\"elementor-widget-container\">\n\t\t\t\t\t<h2 class=\"elementor-heading-title elementor-size-default\">Pol\u00edcia Civil deflagra opera\u00e7\u00e3o \u201cVi\u00fava Negra\u201d em investiga\u00e7\u00e3o de homic\u00eddio em Brusque<\/h2>\t\t\t\t<\/div>\n\t\t\t\t<\/div>\n\t\t\t\t\t<\/div>\n\t\t<\/div>\n\t\t\t\t\t<\/div>\n\t\t<\/section>\n\t\t\t\t<section class=\"elementor-section elementor-top-section elementor-element elementor-element-25ae003 elementor-section-boxed elementor-section-height-default elementor-section-height-default\" data-id=\"25ae003\" data-element_type=\"section\">\n\t\t\t\t\t\t<div class=\"elementor-container elementor-column-gap-default\">\n\t\t\t\t\t<div class=\"elementor-column elementor-col-100 elementor-top-column elementor-element elementor-element-a37ef25\" data-id=\"a37ef25\" data-element_type=\"column\">\n\t\t\t<div class=\"elementor-widget-wrap elementor-element-populated\">\n\t\t\t\t\t\t<div class=\"elementor-element elementor-element-6b3f8a7 elementor-widget elementor-widget-image\" data-id=\"6b3f8a7\" data-element_type=\"widget\" data-widget_type=\"image.default\">\n\t\t\t\t<div class=\"elementor-widget-container\">\n\t\t\t\t\t\t\t\t\t\t\t\t\t\t\t<img fetchpriority=\"high\" decoding=\"async\" width=\"696\" height=\"928\" src=\"https:\/\/pc.sc.gov.br\/\/wp-content\/uploads\/2024\/06\/WhatsApp-Image-2024-06-21-at-17.18.20-768x1024.jpeg\" class=\"attachment-large size-large wp-image-21219\" alt=\"\" srcset=\"https:\/\/pc.sc.gov.br\/\/wp-content\/uploads\/2024\/06\/WhatsApp-Image-2024-06-21-at-17.18.20-768x1024.jpeg 768w, https:\/\/pc.sc.gov.br\/\/wp-content\/uploads\/2024\/06\/WhatsApp-Image-2024-06-21-at-17.18.20-225x300.jpeg 225w, https:\/\/pc.sc.gov.br\/\/wp-content\/uploads\/2024\/06\/WhatsApp-Image-2024-06-21-at-17.18.20-1152x1536.jpeg 1152w, https:\/\/pc.sc.gov.br\/\/wp-content\/uploads\/2024\/06\/WhatsApp-Image-2024-06-21-at-17.18.20.jpeg 1200w\" sizes=\"(max-width: 696px) 100vw, 696px\" \/>\t\t\t\t\t\t\t\t\t\t\t\t\t\t\t<\/div>\n\t\t\t\t<\/div>\n\t\t\t\t\t<\/div>\n\t\t<\/div>\n\t\t\t\t\t<\/div>\n\t\t<\/section>\n\t\t\t\t<section class=\"elementor-section elementor-top-section elementor-element elementor-element-590e2c0 elementor-section-boxed elementor-section-height-default elementor-section-height-default\" data-id=\"590e2c0\" data-element_type=\"section\">\n\t\t\t\t\t\t<div class=\"elementor-container elementor-column-gap-default\">\n\t\t\t\t\t<div class=\"elementor-column elementor-col-100 elementor-top-column elementor-element elementor-element-2d9d35b\" data-id=\"2d9d35b\" data-element_type=\"column\">\n\t\t\t<div class=\"elementor-widget-wrap elementor-element-populated\">\n\t\t\t\t\t\t<div class=\"elementor-element elementor-element-d7c9de5 elementor-widget elementor-widget-text-editor\" data-id=\"d7c9de5\" data-element_type=\"widget\" data-widget_type=\"text-editor.default\">\n\t\t\t\t<div class=\"elementor-widget-container\">\n\t\t\t\t\t\t\t\t\t<p>Nesta sexta-feira (21\/06), a Pol\u00edcia Civil de Santa Catarina, por meio da Divis\u00e3o de Investiga\u00e7\u00e3o Criminal de Brusque, deflagrou a opera\u00e7\u00e3o \u201cVi\u00fava Negra\u201d, referente \u00e0 investiga\u00e7\u00e3o que apura o homic\u00eddio que vitimou um homem, dado como desaparecido desde o dia 22 de fevereiro deste ano.<\/p>\n<p>Conforme apurado no inqu\u00e9rito policial, a v\u00edtima teria sido morta ap\u00f3s a vi\u00fava encomendar o crime com dois conhecidos, que contaram com apoio de outras pessoas para perpetrar o crime. Ao todo, foram presas no decorrer da investiga\u00e7\u00e3o nove pessoas e cumpridos treze mandados de busca e apreens\u00e3o.<br><strong><br><\/strong>As dilig\u00eancias operacionais contaram com o apoio de policiais civis de toda a 17\u00aa Regi\u00e3o Policial Civil (Brusque), al\u00e9m de policiais civis de Indaial, Blumenau e da DFRV\/DEIC. Policiais militares da Policia Rodovi\u00e1ria Estadual da regi\u00e3o de Florian\u00f3polis e do T\u00e1tico de Brusque tamb\u00e9m auxiliaram a investiga\u00e7\u00e3o com informa\u00e7\u00f5es.<\/p>\n<p><strong>Entenda o caso<\/strong><\/p>\n<p>Com as informa\u00e7\u00f5es do desaparecimento do homem e da subtra\u00e7\u00e3o do seu ve\u00edculo, a Pol\u00edcia Civil come\u00e7ou a investiga\u00e7\u00e3o. Posteriormente, o ve\u00edculo foi encontrado em Palho\u00e7a e mais dilig\u00eancias foram realizadas. O ve\u00edculo foi encaminhado \u00e0 Pol\u00edcia Cient\u00edfica para a realiza\u00e7\u00e3o de diversas per\u00edcias.<\/p>\n<p>Com o resultado dessa primeira fase da investiga\u00e7\u00e3o, foram realizadas pris\u00f5es tempor\u00e1rias de duas pessoas em S\u00e3o Jos\u00e9 e em Indaial, al\u00e9m do cumprimento de quatro mandados de busca e apreens\u00e3o, em Palhoca, S\u00e3o Jos\u00e9, Indaial e Blumenau.<\/p>\n<p>Com o decorrer da investiga\u00e7\u00e3o, mais duas pessoas foram presas de forma tempor\u00e1ria em Blumenau e Angelina e foram cumpridos mais dois mandados de busca e apreens\u00e3o em Botuver\u00e1. Na ocasi\u00e3o, foi apreendido um rev\u00f3lver com um dos investigados, culminando ainda em sua pris\u00e3o em flagrante por posse ilegal de arma de fogo.<\/p>\n<p>Atrav\u00e9s da an\u00e1lise de documenta\u00e7\u00e3o e outras dilig\u00eancias, foi poss\u00edvel chegar \u00e0 conclus\u00e3o de que as duas pessoas presas por \u00faltimo estavam diretamente envolvidas no homic\u00eddio do homem, que teria sido \u201cencomendado\u201d pela esposa da v\u00edtima. Tais dilig\u00eancias resultaram, inclusive, no encontro dos despojos da v\u00edtima e na demonstra\u00e7\u00e3o de que mais pessoas estariam envolvidas no crime.<\/p>\n<p>Nesta sexta-feira (21\/06), mais cinco pessoas foram presas de forma tempor\u00e1ria, sendo uma delas a vi\u00fava da v\u00edtima, e foi dado cumprimento a sete mandados de busca e apreens\u00e3o em Brusque e Gaspar. Uma espingarda foi apreendida com um dos investigados, o que ensejou sua pris\u00e3o em flagrante por posse ilegal de arma de fogo.<\/p>\n<p>As investiga\u00e7\u00f5es prosseguem com a finalidade de determinar a participa\u00e7\u00e3o e a responsabiliza\u00e7\u00e3o dos envolvidos. <\/p>\t\t\t\t\t\t\t\t<\/div>\n\t\t\t\t<\/div>\n\t\t\t\t\t<\/div>\n\t\t<\/div>\n\t\t\t\t\t<\/div>\n\t\t<\/section>\n\t\t\t\t<\/div>\n\t\t","protected":false},"excerpt":{"rendered":"<p>Pol\u00edcia Civil deflagra opera\u00e7\u00e3o \u201cVi\u00fava Negra\u201d em investiga\u00e7\u00e3o de homic\u00eddio em Brusque Nesta sexta-feira (21\/06), a Pol\u00edcia Civil de Santa Catarina, por meio da Divis\u00e3o de Investiga\u00e7\u00e3o Criminal de Brusque, deflagrou a opera\u00e7\u00e3o \u201cVi\u00fava Negra\u201d, referente \u00e0 investiga\u00e7\u00e3o que apura o homic\u00eddio que vitimou um homem, dado como desaparecido desde o dia 22 de fevereiro [&hellip;]<\/p>\n","protected":false},"author":5,"featured_media":21219,"comment_status":"closed","ping_status":"open","sticky":false,"template":"","format":"standard","meta":{"_monsterinsights_skip_tracking":false,"_monsterinsights_sitenote_active":false,"_monsterinsights_sitenote_note":"","_monsterinsights_sitenote_category":0,"footnotes":""},"categories":[1],"tags":[],"class_list":["post-21218","post","type-post","status-publish","format-standard","has-post-thumbnail","hentry","category-sem-categoria"],"_links":{"self":[{"href":"https:\/\/pc.sc.gov.br\/index.php?rest_route=\/wp\/v2\/posts\/21218","targetHints":{"allow":["GET"]}}],"collection":[{"href":"https:\/\/pc.sc.gov.br\/index.php?rest_route=\/wp\/v2\/posts"}],"about":[{"href":"https:\/\/pc.sc.gov.br\/index.php?rest_route=\/wp\/v2\/types\/post"}],"author":[{"embeddable":true,"href":"https:\/\/pc.sc.gov.br\/index.php?rest_route=\/wp\/v2\/users\/5"}],"replies":[{"embeddable":true,"href":"https:\/\/pc.sc.gov.br\/index.php?rest_route=%2Fwp%2Fv2%2Fcomments&post=21218"}],"version-history":[{"count":7,"href":"https:\/\/pc.sc.gov.br\/index.php?rest_route=\/wp\/v2\/posts\/21218\/revisions"}],"predecessor-version":[{"id":21237,"href":"https:\/\/pc.sc.gov.br\/index.php?rest_route=\/wp\/v2\/posts\/21218\/revisions\/21237"}],"wp:featuredmedia":[{"embeddable":true,"href":"https:\/\/pc.sc.gov.br\/index.php?rest_route=\/wp\/v2\/media\/21219"}],"wp:attachment":[{"href":"https:\/\/pc.sc.gov.br\/index.php?rest_route=%2Fwp%2Fv2%2Fmedia&parent=21218"}],"wp:term":[{"taxonomy":"category","embeddable":true,"href":"https:\/\/pc.sc.gov.br\/index.php?rest_route=%2Fwp%2Fv2%2Fcategories&post=21218"},{"taxonomy":"post_tag","embeddable":true,"href":"https:\/\/pc.sc.gov.br\/index.php?rest_route=%2Fwp%2Fv2%2Ftags&post=21218"}],"curies":[{"name":"wp","href":"https:\/\/api.w.org\/{rel}","templated":true}]}}