{"id":21227,"date":"2024-06-21T18:05:35","date_gmt":"2024-06-21T21:05:35","guid":{"rendered":"https:\/\/pc.sc.gov.br\/?p=21227"},"modified":"2024-06-21T18:34:17","modified_gmt":"2024-06-21T21:34:17","slug":"acao-alusiva-aos-212-anos-da-pcsc-arrecada-683-quilos-de-alimentos-e-encaminha-doacao-para-fundacao-somar-floripa","status":"publish","type":"post","link":"https:\/\/pc.sc.gov.br\/?p=21227","title":{"rendered":"A\u00e7\u00e3o alusiva aos 212 anos da PCSC arrecada 683 quilos de alimentos e encaminha doa\u00e7\u00e3o para Funda\u00e7\u00e3o Somar Floripa"},"content":{"rendered":"\t\t<div data-elementor-type=\"wp-post\" data-elementor-id=\"21227\" class=\"elementor elementor-21227\" data-elementor-post-type=\"post\">\n\t\t\t\t\t\t<section class=\"elementor-section elementor-top-section elementor-element elementor-element-4e159b3 elementor-section-boxed elementor-section-height-default elementor-section-height-default\" data-id=\"4e159b3\" data-element_type=\"section\">\n\t\t\t\t\t\t<div class=\"elementor-container elementor-column-gap-default\">\n\t\t\t\t\t<div class=\"elementor-column elementor-col-100 elementor-top-column elementor-element elementor-element-74365e5\" data-id=\"74365e5\" data-element_type=\"column\">\n\t\t\t<div class=\"elementor-widget-wrap elementor-element-populated\">\n\t\t\t\t\t\t<div class=\"elementor-element elementor-element-9a376a6 elementor-widget elementor-widget-heading\" data-id=\"9a376a6\" data-element_type=\"widget\" data-widget_type=\"heading.default\">\n\t\t\t\t<div class=\"elementor-widget-container\">\n\t\t\t\t\t<h2 class=\"elementor-heading-title elementor-size-default\">A\u00e7\u00e3o alusiva aos 212 anos da PCSC arrecada 683 quilos de alimentos e encaminha doa\u00e7\u00e3o para Funda\u00e7\u00e3o Somar Floripa<\/h2>\t\t\t\t<\/div>\n\t\t\t\t<\/div>\n\t\t\t\t\t<\/div>\n\t\t<\/div>\n\t\t\t\t\t<\/div>\n\t\t<\/section>\n\t\t\t\t<section class=\"elementor-section elementor-top-section elementor-element elementor-element-d808a89 elementor-section-boxed elementor-section-height-default elementor-section-height-default\" data-id=\"d808a89\" data-element_type=\"section\">\n\t\t\t\t\t\t<div class=\"elementor-container elementor-column-gap-default\">\n\t\t\t\t\t<div class=\"elementor-column elementor-col-100 elementor-top-column elementor-element elementor-element-0998d1b\" data-id=\"0998d1b\" data-element_type=\"column\">\n\t\t\t<div class=\"elementor-widget-wrap elementor-element-populated\">\n\t\t\t\t\t\t<div class=\"elementor-element elementor-element-3abbc1a elementor-widget elementor-widget-image\" data-id=\"3abbc1a\" data-element_type=\"widget\" data-widget_type=\"image.default\">\n\t\t\t\t<div class=\"elementor-widget-container\">\n\t\t\t\t\t\t\t\t\t\t\t\t\t\t\t<img fetchpriority=\"high\" decoding=\"async\" width=\"696\" height=\"464\" src=\"https:\/\/pc.sc.gov.br\/\/wp-content\/uploads\/2024\/06\/81c250a3-7661-4ef0-b63e-59ab361f28c1-fotor-2024062117430-1024x682.jpg\" class=\"attachment-large size-large wp-image-21225\" alt=\"\" srcset=\"https:\/\/pc.sc.gov.br\/\/wp-content\/uploads\/2024\/06\/81c250a3-7661-4ef0-b63e-59ab361f28c1-fotor-2024062117430-1024x682.jpg 1024w, https:\/\/pc.sc.gov.br\/\/wp-content\/uploads\/2024\/06\/81c250a3-7661-4ef0-b63e-59ab361f28c1-fotor-2024062117430-300x200.jpg 300w, https:\/\/pc.sc.gov.br\/\/wp-content\/uploads\/2024\/06\/81c250a3-7661-4ef0-b63e-59ab361f28c1-fotor-2024062117430-768x512.jpg 768w, https:\/\/pc.sc.gov.br\/\/wp-content\/uploads\/2024\/06\/81c250a3-7661-4ef0-b63e-59ab361f28c1-fotor-2024062117430-1536x1023.jpg 1536w, https:\/\/pc.sc.gov.br\/\/wp-content\/uploads\/2024\/06\/81c250a3-7661-4ef0-b63e-59ab361f28c1-fotor-2024062117430.jpg 1600w\" sizes=\"(max-width: 696px) 100vw, 696px\" \/>\t\t\t\t\t\t\t\t\t\t\t\t\t\t\t<\/div>\n\t\t\t\t<\/div>\n\t\t\t\t\t<\/div>\n\t\t<\/div>\n\t\t\t\t\t<\/div>\n\t\t<\/section>\n\t\t\t\t<section class=\"elementor-section elementor-top-section elementor-element elementor-element-5e75f57 elementor-section-boxed elementor-section-height-default elementor-section-height-default\" data-id=\"5e75f57\" data-element_type=\"section\">\n\t\t\t\t\t\t<div class=\"elementor-container elementor-column-gap-default\">\n\t\t\t\t\t<div class=\"elementor-column elementor-col-100 elementor-top-column elementor-element elementor-element-b898e01\" data-id=\"b898e01\" data-element_type=\"column\">\n\t\t\t<div class=\"elementor-widget-wrap elementor-element-populated\">\n\t\t\t\t\t\t<div class=\"elementor-element elementor-element-26f6933 elementor-widget elementor-widget-text-editor\" data-id=\"26f6933\" data-element_type=\"widget\" data-widget_type=\"text-editor.default\">\n\t\t\t\t<div class=\"elementor-widget-container\">\n\t\t\t\t\t\t\t\t\t<p>&nbsp;Pol\u00edcia Civil de Santa Catarina entregou nesta sexta-feira (21) para a Funda\u00e7\u00e3o Somar Floripa, 683 quilos de alimentos n\u00e3o perec\u00edveis, doados por policiais civis e funcion\u00e1rios da Delegacia-Geral. Os produtos foram encaminhados para a Funda\u00e7\u00e3o Somar Floripa porque a institui\u00e7\u00e3o j\u00e1 tem em seu cadastro as fam\u00edlias, em situa\u00e7\u00e3o de vulnerabilidade no munic\u00edpio, que precisam receber os alimentos.<\/p>\n<p>Coordenada pelo Setor de Opera\u00e7\u00f5es (SEOPE) da PCSC, a campanha tem abrang\u00eancia estadual e integra o calend\u00e1rio de a\u00e7\u00f5es alusivas aos 212 anos da Pol\u00edcia Civil. Nas demais regi\u00f5es do estado, a campanha de doa\u00e7\u00f5es foi desenvolvida pelas Delegacias Regionais de Pol\u00edcia (DRP), respons\u00e1vel por receber e encaminhar as doa\u00e7\u00f5es para as institui\u00e7\u00f5es.&nbsp;<\/p>\n<p>O Setor de Opera\u00e7\u00f5es (SEOPE) da Delegacia-geral e a GEPAT agradecem a todas as pessoas e setores, em especial a GEPAT, que participaram desta importante a\u00e7\u00e3o social.<\/p>\t\t\t\t\t\t\t\t<\/div>\n\t\t\t\t<\/div>\n\t\t\t\t\t<\/div>\n\t\t<\/div>\n\t\t\t\t\t<\/div>\n\t\t<\/section>\n\t\t\t\t<\/div>\n\t\t","protected":false},"excerpt":{"rendered":"<p>A\u00e7\u00e3o alusiva aos 212 anos da PCSC arrecada 683 quilos de alimentos e encaminha doa\u00e7\u00e3o para Funda\u00e7\u00e3o Somar Floripa &nbsp;Pol\u00edcia Civil de Santa Catarina entregou nesta sexta-feira (21) para a Funda\u00e7\u00e3o Somar Floripa, 683 quilos de alimentos n\u00e3o perec\u00edveis, doados por policiais civis e funcion\u00e1rios da Delegacia-Geral. Os produtos foram encaminhados para a Funda\u00e7\u00e3o Somar [&hellip;]<\/p>\n","protected":false},"author":5,"featured_media":21225,"comment_status":"closed","ping_status":"open","sticky":false,"template":"","format":"standard","meta":{"_monsterinsights_skip_tracking":false,"_monsterinsights_sitenote_active":false,"_monsterinsights_sitenote_note":"","_monsterinsights_sitenote_category":0,"footnotes":""},"categories":[1],"tags":[],"class_list":["post-21227","post","type-post","status-publish","format-standard","has-post-thumbnail","hentry","category-sem-categoria"],"_links":{"self":[{"href":"https:\/\/pc.sc.gov.br\/index.php?rest_route=\/wp\/v2\/posts\/21227","targetHints":{"allow":["GET"]}}],"collection":[{"href":"https:\/\/pc.sc.gov.br\/index.php?rest_route=\/wp\/v2\/posts"}],"about":[{"href":"https:\/\/pc.sc.gov.br\/index.php?rest_route=\/wp\/v2\/types\/post"}],"author":[{"embeddable":true,"href":"https:\/\/pc.sc.gov.br\/index.php?rest_route=\/wp\/v2\/users\/5"}],"replies":[{"embeddable":true,"href":"https:\/\/pc.sc.gov.br\/index.php?rest_route=%2Fwp%2Fv2%2Fcomments&post=21227"}],"version-history":[{"count":7,"href":"https:\/\/pc.sc.gov.br\/index.php?rest_route=\/wp\/v2\/posts\/21227\/revisions"}],"predecessor-version":[{"id":21234,"href":"https:\/\/pc.sc.gov.br\/index.php?rest_route=\/wp\/v2\/posts\/21227\/revisions\/21234"}],"wp:featuredmedia":[{"embeddable":true,"href":"https:\/\/pc.sc.gov.br\/index.php?rest_route=\/wp\/v2\/media\/21225"}],"wp:attachment":[{"href":"https:\/\/pc.sc.gov.br\/index.php?rest_route=%2Fwp%2Fv2%2Fmedia&parent=21227"}],"wp:term":[{"taxonomy":"category","embeddable":true,"href":"https:\/\/pc.sc.gov.br\/index.php?rest_route=%2Fwp%2Fv2%2Fcategories&post=21227"},{"taxonomy":"post_tag","embeddable":true,"href":"https:\/\/pc.sc.gov.br\/index.php?rest_route=%2Fwp%2Fv2%2Ftags&post=21227"}],"curies":[{"name":"wp","href":"https:\/\/api.w.org\/{rel}","templated":true}]}}