{"id":21249,"date":"2024-06-24T14:41:40","date_gmt":"2024-06-24T17:41:40","guid":{"rendered":"https:\/\/pc.sc.gov.br\/?p=21249"},"modified":"2024-06-24T14:42:25","modified_gmt":"2024-06-24T17:42:25","slug":"policia-civil-deflagra-2a-fase-de-operacao-para-prender-executores-de-homicidio-em-balneario-camboriu","status":"publish","type":"post","link":"https:\/\/pc.sc.gov.br\/?p=21249","title":{"rendered":"Pol\u00edcia Civil deflagra 2\u00aa fase de opera\u00e7\u00e3o para prender executores de homic\u00eddio em Balne\u00e1rio Cambori\u00fa"},"content":{"rendered":"\t\t<div data-elementor-type=\"wp-post\" data-elementor-id=\"21249\" class=\"elementor elementor-21249\" data-elementor-post-type=\"post\">\n\t\t\t\t\t\t<section class=\"elementor-section elementor-top-section elementor-element elementor-element-fc0f800 elementor-section-boxed elementor-section-height-default elementor-section-height-default\" data-id=\"fc0f800\" data-element_type=\"section\">\n\t\t\t\t\t\t<div class=\"elementor-container elementor-column-gap-default\">\n\t\t\t\t\t<div class=\"elementor-column elementor-col-100 elementor-top-column elementor-element elementor-element-25a7c18\" data-id=\"25a7c18\" data-element_type=\"column\">\n\t\t\t<div class=\"elementor-widget-wrap elementor-element-populated\">\n\t\t\t\t\t\t<div class=\"elementor-element elementor-element-3cc2720 elementor-widget elementor-widget-heading\" data-id=\"3cc2720\" data-element_type=\"widget\" data-widget_type=\"heading.default\">\n\t\t\t\t<div class=\"elementor-widget-container\">\n\t\t\t\t\t<h2 class=\"elementor-heading-title elementor-size-default\">Pol\u00edcia Civil deflagra 2\u00aa fase de opera\u00e7\u00e3o para prender executores de homic\u00eddio em Balne\u00e1rio Cambori\u00fa <\/h2>\t\t\t\t<\/div>\n\t\t\t\t<\/div>\n\t\t\t\t\t<\/div>\n\t\t<\/div>\n\t\t\t\t\t<\/div>\n\t\t<\/section>\n\t\t\t\t<section class=\"elementor-section elementor-top-section elementor-element elementor-element-fc61ebc elementor-section-boxed elementor-section-height-default elementor-section-height-default\" data-id=\"fc61ebc\" data-element_type=\"section\">\n\t\t\t\t\t\t<div class=\"elementor-container elementor-column-gap-default\">\n\t\t\t\t\t<div class=\"elementor-column elementor-col-100 elementor-top-column elementor-element elementor-element-8283bab\" data-id=\"8283bab\" data-element_type=\"column\">\n\t\t\t<div class=\"elementor-widget-wrap elementor-element-populated\">\n\t\t\t\t\t\t<div class=\"elementor-element elementor-element-8bd6d00 elementor-widget elementor-widget-image\" data-id=\"8bd6d00\" data-element_type=\"widget\" data-widget_type=\"image.default\">\n\t\t\t\t<div class=\"elementor-widget-container\">\n\t\t\t\t\t\t\t\t\t\t\t\t\t\t\t<img fetchpriority=\"high\" decoding=\"async\" width=\"510\" height=\"680\" src=\"https:\/\/pc.sc.gov.br\/\/wp-content\/uploads\/2022\/12\/DIC_COLETE.jpg\" class=\"attachment-large size-large wp-image-2546\" alt=\"\" srcset=\"https:\/\/pc.sc.gov.br\/\/wp-content\/uploads\/2022\/12\/DIC_COLETE.jpg 510w, https:\/\/pc.sc.gov.br\/\/wp-content\/uploads\/2022\/12\/DIC_COLETE-225x300.jpg 225w\" sizes=\"(max-width: 510px) 100vw, 510px\" \/>\t\t\t\t\t\t\t\t\t\t\t\t\t\t\t<\/div>\n\t\t\t\t<\/div>\n\t\t\t\t\t<\/div>\n\t\t<\/div>\n\t\t\t\t\t<\/div>\n\t\t<\/section>\n\t\t\t\t<section class=\"elementor-section elementor-top-section elementor-element elementor-element-c8d5b23 elementor-section-boxed elementor-section-height-default elementor-section-height-default\" data-id=\"c8d5b23\" data-element_type=\"section\">\n\t\t\t\t\t\t<div class=\"elementor-container elementor-column-gap-default\">\n\t\t\t\t\t<div class=\"elementor-column elementor-col-100 elementor-top-column elementor-element elementor-element-3a80c91\" data-id=\"3a80c91\" data-element_type=\"column\">\n\t\t\t<div class=\"elementor-widget-wrap elementor-element-populated\">\n\t\t\t\t\t\t<div class=\"elementor-element elementor-element-b165551 elementor-widget elementor-widget-text-editor\" data-id=\"b165551\" data-element_type=\"widget\" data-widget_type=\"text-editor.default\">\n\t\t\t\t<div class=\"elementor-widget-container\">\n\t\t\t\t\t\t\t\t\t<p>Na sexta-feira (21\/06), a Pol\u00edcia Civil de Santa Catarina, por meio da Divis\u00e3o de Investiga\u00e7\u00e3o Criminal de Balne\u00e1rio Cambori\u00fa, deflagrou opera\u00e7\u00e3o para cumprimento de quatro ordens judiciais, sendo dois mandados de pris\u00e3o preventiva e dois de busca e apreens\u00e3o, em complemento \u00e0 investiga\u00e7\u00e3o que apura o homic\u00eddio de um homem, ocorrido no dia 29\/01\/24, na Rua 901, Centro, em Balne\u00e1rio Cambori\u00fa.<\/p><p>O mandante do crime j\u00e1 havia sido preso preventivamente na 1\u00aa fase da opera\u00e7\u00e3o, deflagrada no dia 06\/05. Como apurado, o crime foi encomendado a dois indiv\u00edduos, com o objetivo de extinguir a d\u00edvida de cerca de R$60.000,00 que o mandante tinha com a v\u00edtima.<\/p><p>Essa 2\u00aa fase contou com o apoio das Pol\u00edcias Civis do Paran\u00e1 e de S\u00e3o Paulo, sendo os mandados cumpridos nas cidades de S\u00e3o Jos\u00e9 dos Pinhais\/PR, Registro\/SP e Cajati\/SP.<\/p><p>Como resultado, o executor, respons\u00e1vel por efetuar os disparos que mataram a v\u00edtima, foi preso. J\u00e1 o segundo coautor, que teria acompanhado e direcionado o executor na empreitada criminosa, n\u00e3o foi localizado, tornando-se foragido.<\/p><p>Com a conclus\u00e3o da 2\u00aa fase da opera\u00e7\u00e3o, o trabalho investigativo acerca do homic\u00eddio se encerra com a identifica\u00e7\u00e3o de todos os envolvidos.<\/p>\t\t\t\t\t\t\t\t<\/div>\n\t\t\t\t<\/div>\n\t\t\t\t\t<\/div>\n\t\t<\/div>\n\t\t\t\t\t<\/div>\n\t\t<\/section>\n\t\t\t\t<\/div>\n\t\t","protected":false},"excerpt":{"rendered":"<p>Pol\u00edcia Civil deflagra 2\u00aa fase de opera\u00e7\u00e3o para prender executores de homic\u00eddio em Balne\u00e1rio Cambori\u00fa Na sexta-feira (21\/06), a Pol\u00edcia Civil de Santa Catarina, por meio da Divis\u00e3o de Investiga\u00e7\u00e3o Criminal de Balne\u00e1rio Cambori\u00fa, deflagrou opera\u00e7\u00e3o para cumprimento de quatro ordens judiciais, sendo dois mandados de pris\u00e3o preventiva e dois de busca e apreens\u00e3o, em [&hellip;]<\/p>\n","protected":false},"author":5,"featured_media":2546,"comment_status":"closed","ping_status":"open","sticky":false,"template":"","format":"standard","meta":{"_monsterinsights_skip_tracking":false,"_monsterinsights_sitenote_active":false,"_monsterinsights_sitenote_note":"","_monsterinsights_sitenote_category":0,"footnotes":""},"categories":[1],"tags":[],"class_list":["post-21249","post","type-post","status-publish","format-standard","has-post-thumbnail","hentry","category-sem-categoria"],"_links":{"self":[{"href":"https:\/\/pc.sc.gov.br\/index.php?rest_route=\/wp\/v2\/posts\/21249","targetHints":{"allow":["GET"]}}],"collection":[{"href":"https:\/\/pc.sc.gov.br\/index.php?rest_route=\/wp\/v2\/posts"}],"about":[{"href":"https:\/\/pc.sc.gov.br\/index.php?rest_route=\/wp\/v2\/types\/post"}],"author":[{"embeddable":true,"href":"https:\/\/pc.sc.gov.br\/index.php?rest_route=\/wp\/v2\/users\/5"}],"replies":[{"embeddable":true,"href":"https:\/\/pc.sc.gov.br\/index.php?rest_route=%2Fwp%2Fv2%2Fcomments&post=21249"}],"version-history":[{"count":4,"href":"https:\/\/pc.sc.gov.br\/index.php?rest_route=\/wp\/v2\/posts\/21249\/revisions"}],"predecessor-version":[{"id":21253,"href":"https:\/\/pc.sc.gov.br\/index.php?rest_route=\/wp\/v2\/posts\/21249\/revisions\/21253"}],"wp:featuredmedia":[{"embeddable":true,"href":"https:\/\/pc.sc.gov.br\/index.php?rest_route=\/wp\/v2\/media\/2546"}],"wp:attachment":[{"href":"https:\/\/pc.sc.gov.br\/index.php?rest_route=%2Fwp%2Fv2%2Fmedia&parent=21249"}],"wp:term":[{"taxonomy":"category","embeddable":true,"href":"https:\/\/pc.sc.gov.br\/index.php?rest_route=%2Fwp%2Fv2%2Fcategories&post=21249"},{"taxonomy":"post_tag","embeddable":true,"href":"https:\/\/pc.sc.gov.br\/index.php?rest_route=%2Fwp%2Fv2%2Ftags&post=21249"}],"curies":[{"name":"wp","href":"https:\/\/api.w.org\/{rel}","templated":true}]}}