{"id":21272,"date":"2024-06-24T16:04:55","date_gmt":"2024-06-24T19:04:55","guid":{"rendered":"https:\/\/pc.sc.gov.br\/?p=21272"},"modified":"2024-06-24T16:06:43","modified_gmt":"2024-06-24T19:06:43","slug":"operacao-avalanche-resulta-na-prisao-de-cinco-pessoas-pelos-crimes-de-extorsao-e-agiotagem-em-rio-negrinho-e-itaiopolis","status":"publish","type":"post","link":"https:\/\/pc.sc.gov.br\/?p=21272","title":{"rendered":"Opera\u00e7\u00e3o \u201cAvalanche\u201d resulta na pris\u00e3o de cinco pessoas pelos crimes de extors\u00e3o e agiotagem em Rio Negrinho e Itai\u00f3polis"},"content":{"rendered":"\t\t<div data-elementor-type=\"wp-post\" data-elementor-id=\"21272\" class=\"elementor elementor-21272\" data-elementor-post-type=\"post\">\n\t\t\t\t\t\t<section class=\"elementor-section elementor-top-section elementor-element elementor-element-fce42f7 elementor-section-boxed elementor-section-height-default elementor-section-height-default\" data-id=\"fce42f7\" data-element_type=\"section\">\n\t\t\t\t\t\t<div class=\"elementor-container elementor-column-gap-default\">\n\t\t\t\t\t<div class=\"elementor-column elementor-col-100 elementor-top-column elementor-element elementor-element-306a0d4\" data-id=\"306a0d4\" data-element_type=\"column\">\n\t\t\t<div class=\"elementor-widget-wrap elementor-element-populated\">\n\t\t\t\t\t\t<div class=\"elementor-element elementor-element-244e6ba elementor-widget elementor-widget-heading\" data-id=\"244e6ba\" data-element_type=\"widget\" data-widget_type=\"heading.default\">\n\t\t\t\t<div class=\"elementor-widget-container\">\n\t\t\t\t\t<h2 class=\"elementor-heading-title elementor-size-default\">Opera\u00e7\u00e3o \u201cAvalanche\u201d resulta na pris\u00e3o de cinco pessoas pelos crimes de extors\u00e3o e agiotagem em Rio Negrinho e Itai\u00f3polis<\/h2>\t\t\t\t<\/div>\n\t\t\t\t<\/div>\n\t\t\t\t\t<\/div>\n\t\t<\/div>\n\t\t\t\t\t<\/div>\n\t\t<\/section>\n\t\t\t\t<section class=\"elementor-section elementor-top-section elementor-element elementor-element-19e477d elementor-section-boxed elementor-section-height-default elementor-section-height-default\" data-id=\"19e477d\" data-element_type=\"section\">\n\t\t\t\t\t\t<div class=\"elementor-container elementor-column-gap-default\">\n\t\t\t\t\t<div class=\"elementor-column elementor-col-100 elementor-top-column elementor-element elementor-element-6fa7594\" data-id=\"6fa7594\" data-element_type=\"column\">\n\t\t\t<div class=\"elementor-widget-wrap elementor-element-populated\">\n\t\t\t\t\t\t<div class=\"elementor-element elementor-element-0b3c87c elementor-widget elementor-widget-image\" data-id=\"0b3c87c\" data-element_type=\"widget\" data-widget_type=\"image.default\">\n\t\t\t\t<div class=\"elementor-widget-container\">\n\t\t\t\t\t\t\t\t\t\t\t\t\t\t\t<img fetchpriority=\"high\" decoding=\"async\" width=\"696\" height=\"487\" src=\"https:\/\/pc.sc.gov.br\/\/wp-content\/uploads\/2024\/06\/66ae4561-c312-425d-aa1a-58926f864ffc-fotor-2024062416214-1024x716.jpg\" class=\"attachment-large size-large wp-image-21273\" alt=\"\" srcset=\"https:\/\/pc.sc.gov.br\/\/wp-content\/uploads\/2024\/06\/66ae4561-c312-425d-aa1a-58926f864ffc-fotor-2024062416214-1024x716.jpg 1024w, https:\/\/pc.sc.gov.br\/\/wp-content\/uploads\/2024\/06\/66ae4561-c312-425d-aa1a-58926f864ffc-fotor-2024062416214-300x210.jpg 300w, https:\/\/pc.sc.gov.br\/\/wp-content\/uploads\/2024\/06\/66ae4561-c312-425d-aa1a-58926f864ffc-fotor-2024062416214-768x537.jpg 768w, https:\/\/pc.sc.gov.br\/\/wp-content\/uploads\/2024\/06\/66ae4561-c312-425d-aa1a-58926f864ffc-fotor-2024062416214.jpg 1072w\" sizes=\"(max-width: 696px) 100vw, 696px\" \/>\t\t\t\t\t\t\t\t\t\t\t\t\t\t\t<\/div>\n\t\t\t\t<\/div>\n\t\t\t\t\t<\/div>\n\t\t<\/div>\n\t\t\t\t\t<\/div>\n\t\t<\/section>\n\t\t\t\t<section class=\"elementor-section elementor-top-section elementor-element elementor-element-f8837e7 elementor-section-boxed elementor-section-height-default elementor-section-height-default\" data-id=\"f8837e7\" data-element_type=\"section\">\n\t\t\t\t\t\t<div class=\"elementor-container elementor-column-gap-default\">\n\t\t\t\t\t<div class=\"elementor-column elementor-col-100 elementor-top-column elementor-element elementor-element-97ee771\" data-id=\"97ee771\" data-element_type=\"column\">\n\t\t\t<div class=\"elementor-widget-wrap elementor-element-populated\">\n\t\t\t\t\t\t<div class=\"elementor-element elementor-element-a29ccdf elementor-widget elementor-widget-text-editor\" data-id=\"a29ccdf\" data-element_type=\"widget\" data-widget_type=\"text-editor.default\">\n\t\t\t\t<div class=\"elementor-widget-container\">\n\t\t\t\t\t\t\t\t\t<p>A Pol\u00edcia Civil de Santa Catarina, por meio da Delegacia de Rio Negrinho, deflagrou na sexta-feira (21) a \u201cOpera\u00e7\u00e3o Avalanche\u201d, com o objetivo de combater os crimes de extors\u00e3o e agiotagem praticados na cidade por uma organiza\u00e7\u00e3o criminosa, que vinha agindo h\u00e1 meses na regi\u00e3o. Durante a a\u00e7\u00e3o, os policiais civis cumpriram quatro mandados de pris\u00e3o preventiva em Rio Negrinho e um em Itai\u00f3polis, totalizando cinco presos.\u00a0<\/p><p>De acordo com a investiga\u00e7\u00e3o, os criminosos praticavam a agiotagem diretamente por meio de empr\u00e9stimo de dinheiro \u00e0s v\u00edtimas. A cobran\u00e7a de quem n\u00e3o pagava em dia os valores do empr\u00e9stimo ou o valor da d\u00edvida era feita por meio de coa\u00e7\u00e3o, constrangimento, amea\u00e7a e chantagem, sempre com muita agressividade.<\/p><p>Conforme os policiais civis, os agiotas da fac\u00e7\u00e3o abordavam inclusive as v\u00edtimas nos seus locais de trabalho e em suas resid\u00eancias, portando arma de choque e tamb\u00e9m arma de fogo. Eles exigiam o valor e dando prazo ex\u00edguo para o cumprimento da suposta obriga\u00e7\u00e3o.<\/p><p>As v\u00edtimas recebiam contatos de extors\u00e3o, via liga\u00e7\u00f5es telef\u00f4nicas e mensagens de texto e fotografias, por meio de aplicativos de mensagens. Nas mensagens, destaca-se o conhecimento dos criminosos sobre a rotina das v\u00edtimas, de seus familiares, locais de moradia e ve\u00edculos que possu\u00edam. Tudo isso, utilizado pelos suspeitos em tom amea\u00e7ador, de morte e agress\u00f5es diversas.<\/p><p>\u00a0Al\u00e9m disso, os \u201ccobradores\u201d trabalhavam realizando este tipo de extors\u00e3o mediante viol\u00eancia e coa\u00e7\u00e3o a mando dos donos de uma revenda de ve\u00edculos da cidade, amea\u00e7ando eventuais devedores, sendo um dos propriet\u00e1rios preso na opera\u00e7\u00e3o. Al\u00e9m dele, foi detido um agiota e tr\u00eas indiv\u00edduos respons\u00e1veis pelas cobran\u00e7as.<\/p><p>Os suspeitos foram encaminhados ao pres\u00eddio de Mafra, onde responder\u00e3o pela pr\u00e1tica dos crimes de extors\u00e3o, agiotagem e organiza\u00e7\u00e3o criminosa. Outros suspeitos de integrar a organiza\u00e7\u00e3o j\u00e1 foram identificados, e dever\u00e3o responder pelos mesmos crimes.<\/p><p>A opera\u00e7\u00e3o contou com o apoio das delegacias de S\u00e3o Bento do Sul e de Mafra.<\/p><div>\u00a0<\/div>\t\t\t\t\t\t\t\t<\/div>\n\t\t\t\t<\/div>\n\t\t\t\t\t<\/div>\n\t\t<\/div>\n\t\t\t\t\t<\/div>\n\t\t<\/section>\n\t\t\t\t<\/div>\n\t\t","protected":false},"excerpt":{"rendered":"<p>Opera\u00e7\u00e3o \u201cAvalanche\u201d resulta na pris\u00e3o de cinco pessoas pelos crimes de extors\u00e3o e agiotagem em Rio Negrinho e Itai\u00f3polis A Pol\u00edcia Civil de Santa Catarina, por meio da Delegacia de Rio Negrinho, deflagrou na sexta-feira (21) a \u201cOpera\u00e7\u00e3o Avalanche\u201d, com o objetivo de combater os crimes de extors\u00e3o e agiotagem praticados na cidade por uma [&hellip;]<\/p>\n","protected":false},"author":5,"featured_media":21273,"comment_status":"closed","ping_status":"open","sticky":false,"template":"","format":"standard","meta":{"_monsterinsights_skip_tracking":false,"_monsterinsights_sitenote_active":false,"_monsterinsights_sitenote_note":"","_monsterinsights_sitenote_category":0,"footnotes":""},"categories":[1],"tags":[],"class_list":["post-21272","post","type-post","status-publish","format-standard","has-post-thumbnail","hentry","category-sem-categoria"],"_links":{"self":[{"href":"https:\/\/pc.sc.gov.br\/index.php?rest_route=\/wp\/v2\/posts\/21272","targetHints":{"allow":["GET"]}}],"collection":[{"href":"https:\/\/pc.sc.gov.br\/index.php?rest_route=\/wp\/v2\/posts"}],"about":[{"href":"https:\/\/pc.sc.gov.br\/index.php?rest_route=\/wp\/v2\/types\/post"}],"author":[{"embeddable":true,"href":"https:\/\/pc.sc.gov.br\/index.php?rest_route=\/wp\/v2\/users\/5"}],"replies":[{"embeddable":true,"href":"https:\/\/pc.sc.gov.br\/index.php?rest_route=%2Fwp%2Fv2%2Fcomments&post=21272"}],"version-history":[{"count":3,"href":"https:\/\/pc.sc.gov.br\/index.php?rest_route=\/wp\/v2\/posts\/21272\/revisions"}],"predecessor-version":[{"id":21276,"href":"https:\/\/pc.sc.gov.br\/index.php?rest_route=\/wp\/v2\/posts\/21272\/revisions\/21276"}],"wp:featuredmedia":[{"embeddable":true,"href":"https:\/\/pc.sc.gov.br\/index.php?rest_route=\/wp\/v2\/media\/21273"}],"wp:attachment":[{"href":"https:\/\/pc.sc.gov.br\/index.php?rest_route=%2Fwp%2Fv2%2Fmedia&parent=21272"}],"wp:term":[{"taxonomy":"category","embeddable":true,"href":"https:\/\/pc.sc.gov.br\/index.php?rest_route=%2Fwp%2Fv2%2Fcategories&post=21272"},{"taxonomy":"post_tag","embeddable":true,"href":"https:\/\/pc.sc.gov.br\/index.php?rest_route=%2Fwp%2Fv2%2Ftags&post=21272"}],"curies":[{"name":"wp","href":"https:\/\/api.w.org\/{rel}","templated":true}]}}