{"id":21277,"date":"2024-06-24T16:22:27","date_gmt":"2024-06-24T19:22:27","guid":{"rendered":"https:\/\/pc.sc.gov.br\/?p=21277"},"modified":"2024-06-24T16:23:05","modified_gmt":"2024-06-24T19:23:05","slug":"policia-civil-prende-homem-investigado-por-homicidio-integrar-organizacao-criminosa-porte-ilegal-de-arma-de-fogo-e-trafico-de-drogas-em-sao-jose","status":"publish","type":"post","link":"https:\/\/pc.sc.gov.br\/?p=21277","title":{"rendered":"Pol\u00edcia Civil prende homem investigado por homic\u00eddio, integrar organiza\u00e7\u00e3o criminosa, porte ilegal de arma de fogo e tr\u00e1fico de drogas em S\u00e3o Jos\u00e9"},"content":{"rendered":"\t\t<div data-elementor-type=\"wp-post\" data-elementor-id=\"21277\" class=\"elementor elementor-21277\" data-elementor-post-type=\"post\">\n\t\t\t\t\t\t<section class=\"elementor-section elementor-top-section elementor-element elementor-element-c50057e elementor-section-boxed elementor-section-height-default elementor-section-height-default\" data-id=\"c50057e\" data-element_type=\"section\">\n\t\t\t\t\t\t<div class=\"elementor-container elementor-column-gap-default\">\n\t\t\t\t\t<div class=\"elementor-column elementor-col-100 elementor-top-column elementor-element elementor-element-35db92f\" data-id=\"35db92f\" data-element_type=\"column\">\n\t\t\t<div class=\"elementor-widget-wrap elementor-element-populated\">\n\t\t\t\t\t\t<div class=\"elementor-element elementor-element-35e398c elementor-widget elementor-widget-heading\" data-id=\"35e398c\" data-element_type=\"widget\" data-widget_type=\"heading.default\">\n\t\t\t\t<div class=\"elementor-widget-container\">\n\t\t\t\t\t<h2 class=\"elementor-heading-title elementor-size-default\">Pol\u00edcia Civil prende homem investigado por homic\u00eddio, integrar organiza\u00e7\u00e3o criminosa, porte ilegal de arma de fogo e tr\u00e1fico de drogas em S\u00e3o Jos\u00e9<\/h2>\t\t\t\t<\/div>\n\t\t\t\t<\/div>\n\t\t\t\t\t<\/div>\n\t\t<\/div>\n\t\t\t\t\t<\/div>\n\t\t<\/section>\n\t\t\t\t<section class=\"elementor-section elementor-top-section elementor-element elementor-element-87741dd elementor-section-boxed elementor-section-height-default elementor-section-height-default\" data-id=\"87741dd\" data-element_type=\"section\">\n\t\t\t\t\t\t<div class=\"elementor-container elementor-column-gap-default\">\n\t\t\t\t\t<div class=\"elementor-column elementor-col-100 elementor-top-column elementor-element elementor-element-dff9f40\" data-id=\"dff9f40\" data-element_type=\"column\">\n\t\t\t<div class=\"elementor-widget-wrap elementor-element-populated\">\n\t\t\t\t\t\t<div class=\"elementor-element elementor-element-b37041b elementor-widget elementor-widget-image\" data-id=\"b37041b\" data-element_type=\"widget\" data-widget_type=\"image.default\">\n\t\t\t\t<div class=\"elementor-widget-container\">\n\t\t\t\t\t\t\t\t\t\t\t\t\t\t\t<img fetchpriority=\"high\" decoding=\"async\" width=\"632\" height=\"464\" src=\"https:\/\/pc.sc.gov.br\/\/wp-content\/uploads\/2024\/06\/a2dbb181-8fea-4491-9f21-ab050c390973-fotor-202404251893.jpg\" class=\"attachment-large size-large wp-image-21177\" alt=\"\" srcset=\"https:\/\/pc.sc.gov.br\/\/wp-content\/uploads\/2024\/06\/a2dbb181-8fea-4491-9f21-ab050c390973-fotor-202404251893.jpg 632w, https:\/\/pc.sc.gov.br\/\/wp-content\/uploads\/2024\/06\/a2dbb181-8fea-4491-9f21-ab050c390973-fotor-202404251893-300x220.jpg 300w\" sizes=\"(max-width: 632px) 100vw, 632px\" \/>\t\t\t\t\t\t\t\t\t\t\t\t\t\t\t<\/div>\n\t\t\t\t<\/div>\n\t\t\t\t\t<\/div>\n\t\t<\/div>\n\t\t\t\t\t<\/div>\n\t\t<\/section>\n\t\t\t\t<section class=\"elementor-section elementor-top-section elementor-element elementor-element-53e1167 elementor-section-boxed elementor-section-height-default elementor-section-height-default\" data-id=\"53e1167\" data-element_type=\"section\">\n\t\t\t\t\t\t<div class=\"elementor-container elementor-column-gap-default\">\n\t\t\t\t\t<div class=\"elementor-column elementor-col-100 elementor-top-column elementor-element elementor-element-ff91b16\" data-id=\"ff91b16\" data-element_type=\"column\">\n\t\t\t<div class=\"elementor-widget-wrap elementor-element-populated\">\n\t\t\t\t\t\t<div class=\"elementor-element elementor-element-56e2a7e elementor-widget elementor-widget-text-editor\" data-id=\"56e2a7e\" data-element_type=\"widget\" data-widget_type=\"text-editor.default\">\n\t\t\t\t<div class=\"elementor-widget-container\">\n\t\t\t\t\t\t\t\t\t<p>Na segunda-feira (24\/06), a Pol\u00edcia Civil de Santa Catarina, por meio da Divis\u00e3o de Investiga\u00e7\u00e3o Criminal de S\u00e3o Jos\u00e9, cumpriu mandado de busca e apreens\u00e3o e dois mandados de pris\u00e3o preventiva, expedidos em virtude de investiga\u00e7\u00f5es em desfavor de um homem pela pr\u00e1tica dos crimes de homic\u00eddio, integrar organiza\u00e7\u00e3o criminosa, porte ilegal de arma de fogo e tr\u00e1fico de drogas, ocorridos em S\u00e3o Jos\u00e9.<\/p><p>As investiga\u00e7\u00f5es visam \u00e0 apura\u00e7\u00e3o dos crimes perpetrados no bairro Vila Formosa, em S\u00e3o Jos\u00e9, local conhecido pela disputa entre fac\u00e7\u00f5es rivais pelo poderio de territ\u00f3rio e dom\u00ednio pelo tr\u00e1fico de drogas nos \u00faltimos anos.<\/p><p>Na ocasi\u00e3o das buscas foi apreendida expressiva quantidade de droga (maconha), bem como materiais de interesse investigativo, resultando na pris\u00e3o em flagrante do suspeito pelos crimes de tr\u00e1fico de drogas e resist\u00eancia.<\/p><p>Registre-se que durante a incurs\u00e3o dos policiais aos fundos da casa, o suspeito foi surpreendido pela equipe. De posse de um fac\u00e3o, amea\u00e7ou os policiais e soltou um cachorro de grande porte (ra\u00e7a pit bull) em dire\u00e7\u00e3o da equipe. Visando resguardar a integridade f\u00edsica dos policiais, foram efetuados disparos de arma de fogo em dire\u00e7\u00e3o ao cachorro pitbull, a fim de dispers\u00e1-lo. Posteriormente, com a rendi\u00e7\u00e3o do suspeito, verificou-se que um dos disparos desferidos acabou acertando o ombro do investigado.<\/p><p>Foi prestado atendimento de primeiros socorros pela equipe policial, na sequ\u00eancia, o homem foi encaminhado o conduzido ao hospital para procedimentos cab\u00edveis e, ap\u00f3s o atendimento m\u00e9dico, conduzido para a Central de Plant\u00e3o Policial.<\/p>\t\t\t\t\t\t\t\t<\/div>\n\t\t\t\t<\/div>\n\t\t\t\t\t<\/div>\n\t\t<\/div>\n\t\t\t\t\t<\/div>\n\t\t<\/section>\n\t\t\t\t<\/div>\n\t\t","protected":false},"excerpt":{"rendered":"<p>Pol\u00edcia Civil prende homem investigado por homic\u00eddio, integrar organiza\u00e7\u00e3o criminosa, porte ilegal de arma de fogo e tr\u00e1fico de drogas em S\u00e3o Jos\u00e9 Na segunda-feira (24\/06), a Pol\u00edcia Civil de Santa Catarina, por meio da Divis\u00e3o de Investiga\u00e7\u00e3o Criminal de S\u00e3o Jos\u00e9, cumpriu mandado de busca e apreens\u00e3o e dois mandados de pris\u00e3o preventiva, expedidos [&hellip;]<\/p>\n","protected":false},"author":5,"featured_media":21038,"comment_status":"closed","ping_status":"open","sticky":false,"template":"","format":"standard","meta":{"_monsterinsights_skip_tracking":false,"_monsterinsights_sitenote_active":false,"_monsterinsights_sitenote_note":"","_monsterinsights_sitenote_category":0,"footnotes":""},"categories":[1],"tags":[],"class_list":["post-21277","post","type-post","status-publish","format-standard","has-post-thumbnail","hentry","category-sem-categoria"],"_links":{"self":[{"href":"https:\/\/pc.sc.gov.br\/index.php?rest_route=\/wp\/v2\/posts\/21277","targetHints":{"allow":["GET"]}}],"collection":[{"href":"https:\/\/pc.sc.gov.br\/index.php?rest_route=\/wp\/v2\/posts"}],"about":[{"href":"https:\/\/pc.sc.gov.br\/index.php?rest_route=\/wp\/v2\/types\/post"}],"author":[{"embeddable":true,"href":"https:\/\/pc.sc.gov.br\/index.php?rest_route=\/wp\/v2\/users\/5"}],"replies":[{"embeddable":true,"href":"https:\/\/pc.sc.gov.br\/index.php?rest_route=%2Fwp%2Fv2%2Fcomments&post=21277"}],"version-history":[{"count":4,"href":"https:\/\/pc.sc.gov.br\/index.php?rest_route=\/wp\/v2\/posts\/21277\/revisions"}],"predecessor-version":[{"id":21281,"href":"https:\/\/pc.sc.gov.br\/index.php?rest_route=\/wp\/v2\/posts\/21277\/revisions\/21281"}],"wp:featuredmedia":[{"embeddable":true,"href":"https:\/\/pc.sc.gov.br\/index.php?rest_route=\/wp\/v2\/media\/21038"}],"wp:attachment":[{"href":"https:\/\/pc.sc.gov.br\/index.php?rest_route=%2Fwp%2Fv2%2Fmedia&parent=21277"}],"wp:term":[{"taxonomy":"category","embeddable":true,"href":"https:\/\/pc.sc.gov.br\/index.php?rest_route=%2Fwp%2Fv2%2Fcategories&post=21277"},{"taxonomy":"post_tag","embeddable":true,"href":"https:\/\/pc.sc.gov.br\/index.php?rest_route=%2Fwp%2Fv2%2Ftags&post=21277"}],"curies":[{"name":"wp","href":"https:\/\/api.w.org\/{rel}","templated":true}]}}