{"id":21282,"date":"2024-06-24T17:39:32","date_gmt":"2024-06-24T20:39:32","guid":{"rendered":"https:\/\/pc.sc.gov.br\/?p=21282"},"modified":"2024-06-24T17:43:11","modified_gmt":"2024-06-24T20:43:11","slug":"pcsc-lanca-portal-de-apoio-para-a-adocao-de-animais-resgatados-vitimas-de-maus-tratos","status":"publish","type":"post","link":"https:\/\/pc.sc.gov.br\/?p=21282","title":{"rendered":"PCSC lan\u00e7a Portal de Apoio para a Ado\u00e7\u00e3o de Animais Resgatados v\u00edtimas de maus-tratos"},"content":{"rendered":"\t\t<div data-elementor-type=\"wp-post\" data-elementor-id=\"21282\" class=\"elementor elementor-21282\" data-elementor-post-type=\"post\">\n\t\t\t\t\t\t<section class=\"elementor-section elementor-top-section elementor-element elementor-element-af8bffe elementor-section-boxed elementor-section-height-default elementor-section-height-default\" data-id=\"af8bffe\" data-element_type=\"section\">\n\t\t\t\t\t\t<div class=\"elementor-container elementor-column-gap-default\">\n\t\t\t\t\t<div class=\"elementor-column elementor-col-100 elementor-top-column elementor-element elementor-element-6ef00b3\" data-id=\"6ef00b3\" data-element_type=\"column\">\n\t\t\t<div class=\"elementor-widget-wrap elementor-element-populated\">\n\t\t\t\t\t\t<div class=\"elementor-element elementor-element-cefe2a7 elementor-widget elementor-widget-heading\" data-id=\"cefe2a7\" data-element_type=\"widget\" data-widget_type=\"heading.default\">\n\t\t\t\t<div class=\"elementor-widget-container\">\n\t\t\t\t\t<h2 class=\"elementor-heading-title elementor-size-default\">PCSC lan\u00e7a Portal de Apoio para a Ado\u00e7\u00e3o de Animais Resgatados v\u00edtimas de maus-tratos<\/h2>\t\t\t\t<\/div>\n\t\t\t\t<\/div>\n\t\t\t\t\t<\/div>\n\t\t<\/div>\n\t\t\t\t\t<\/div>\n\t\t<\/section>\n\t\t\t\t<section class=\"elementor-section elementor-top-section elementor-element elementor-element-eb24d24 elementor-section-boxed elementor-section-height-default elementor-section-height-default\" data-id=\"eb24d24\" data-element_type=\"section\">\n\t\t\t\t\t\t<div class=\"elementor-container elementor-column-gap-default\">\n\t\t\t\t\t<div class=\"elementor-column elementor-col-100 elementor-top-column elementor-element elementor-element-86dd2ad\" data-id=\"86dd2ad\" data-element_type=\"column\">\n\t\t\t<div class=\"elementor-widget-wrap elementor-element-populated\">\n\t\t\t\t\t\t<div class=\"elementor-element elementor-element-03ff8ff elementor-widget elementor-widget-image\" data-id=\"03ff8ff\" data-element_type=\"widget\" data-widget_type=\"image.default\">\n\t\t\t\t<div class=\"elementor-widget-container\">\n\t\t\t\t\t\t\t\t\t\t\t\t\t\t\t<img fetchpriority=\"high\" decoding=\"async\" width=\"696\" height=\"551\" src=\"https:\/\/pc.sc.gov.br\/\/wp-content\/uploads\/2024\/06\/2123e7a1-14c4-4e17-b08e-2a1386fc484f-fotor-2024062414523-1024x811.jpg\" class=\"attachment-large size-large wp-image-21284\" alt=\"\" srcset=\"https:\/\/pc.sc.gov.br\/\/wp-content\/uploads\/2024\/06\/2123e7a1-14c4-4e17-b08e-2a1386fc484f-fotor-2024062414523-1024x811.jpg 1024w, https:\/\/pc.sc.gov.br\/\/wp-content\/uploads\/2024\/06\/2123e7a1-14c4-4e17-b08e-2a1386fc484f-fotor-2024062414523-300x238.jpg 300w, https:\/\/pc.sc.gov.br\/\/wp-content\/uploads\/2024\/06\/2123e7a1-14c4-4e17-b08e-2a1386fc484f-fotor-2024062414523-768x608.jpg 768w, https:\/\/pc.sc.gov.br\/\/wp-content\/uploads\/2024\/06\/2123e7a1-14c4-4e17-b08e-2a1386fc484f-fotor-2024062414523.jpg 1196w\" sizes=\"(max-width: 696px) 100vw, 696px\" \/>\t\t\t\t\t\t\t\t\t\t\t\t\t\t\t<\/div>\n\t\t\t\t<\/div>\n\t\t\t\t\t<\/div>\n\t\t<\/div>\n\t\t\t\t\t<\/div>\n\t\t<\/section>\n\t\t\t\t<section class=\"elementor-section elementor-top-section elementor-element elementor-element-86a9d64 elementor-section-boxed elementor-section-height-default elementor-section-height-default\" data-id=\"86a9d64\" data-element_type=\"section\">\n\t\t\t\t\t\t<div class=\"elementor-container elementor-column-gap-default\">\n\t\t\t\t\t<div class=\"elementor-column elementor-col-100 elementor-top-column elementor-element elementor-element-4fc453f\" data-id=\"4fc453f\" data-element_type=\"column\">\n\t\t\t<div class=\"elementor-widget-wrap elementor-element-populated\">\n\t\t\t\t\t\t<div class=\"elementor-element elementor-element-df8efc6 elementor-widget elementor-widget-text-editor\" data-id=\"df8efc6\" data-element_type=\"widget\" data-widget_type=\"text-editor.default\">\n\t\t\t\t<div class=\"elementor-widget-container\">\n\t\t\t\t\t\t\t\t\t<p>Um dos maiores desafios que a Delegacia de Prote\u00e7\u00e3o a Animais Dom\u00e9sticos (DPA) da Grande Florian\u00f3polis, da Pol\u00edcia Civil de Santa Catarina (PCSC), encontrou ao longo do seu primeiro ano de atua\u00e7\u00e3o foi a falta de vagas para viabilizar novos resgates, devido \u00e0 superlota\u00e7\u00e3o tanto de \u00f3rg\u00e3os p\u00fablicos quanto de parceiros privados e lares tempor\u00e1rios. Para estimular a ado\u00e7\u00e3o respons\u00e1vel, a PCSC est\u00e1 lan\u00e7ando Portal de Apoio para a Ado\u00e7\u00e3o de Animais Resgatados, dentro da \u00e1rea SOS PETS. Al\u00e9m de um espa\u00e7o onde s\u00e3o divulgadas fotos de animais perdidos ou \u00e0 procura do tutor, agora o local tamb\u00e9m disponibiliza imagem e hist\u00f3rico de animais v\u00edtimas de maus-tratos, resgatados pela DPA.&nbsp;<\/p>\n<p>Para a delegada Mardjoli Valcareggi, titular da delegacia especializada, a causa animal somente \u00e9 poss\u00edvel de ser trabalhada em rede de atua\u00e7\u00e3o, com cada \u00f3rg\u00e3o fazendo a sua parte, na sua esfera de atribui\u00e7\u00f5es e com a colabora\u00e7\u00e3o da sociedade. \u201cDessa forma, com o apoio da Ger\u00eancia de Tecnologia (GETIN) da PCSC, foi poss\u00edvel ampliar o sistema SOS PET, com o nome Pol\u00edcia Civil, visando a conscientizar a popula\u00e7\u00e3o sobre a import\u00e2ncia da ado\u00e7\u00e3o animal e estimular o ato respons\u00e1vel. Uma das miss\u00f5es da DPA foi a estabelecer melhorias nos fluxos de atendimento a casos de maus-tratos a animais dom\u00e9sticos\u201d, observou a delegada Mardjoli Valcareggi.<\/p>\n<p><span style=\"font-family: var( --e-global-typography-text-font-family ), Sans-serif; font-size: var( --e-global-typography-text-font-size );\">C<\/span><span style=\"font-family: var( --e-global-typography-text-font-family ), Sans-serif; font-size: var( --e-global-typography-text-font-size );\">om a nova funcionalidade da \u00e1rea SOS PET, quem tiver interesse em adotar um animal que foi resgatado poder\u00e1 ter acesso \u00e0s informa\u00e7\u00f5es pelo site da PCSC, realizar o contato pelo whatsapp e ser atendido por um policial, que far\u00e1 o encaminhamento do interessado na ado\u00e7\u00e3o para a entidade\/pessoa respons\u00e1vel pelo animal, que executar\u00e1 todos os tr\u00e2mites necess\u00e1rios para a ado\u00e7\u00e3o.<\/span><\/p>\n<p>No momento, os animais est\u00e3o sendo cadastrados pela Pol\u00edcia Civil sempre dos casos em que a DPA atuou, mas a ideia \u00e9, futuramente, permitir que o cidad\u00e3o que fez algum resgate tamb\u00e9m possa cadastrar o animal dispon\u00edvel para ado\u00e7\u00e3o.<\/p>\n<p>Conhe\u00e7a o Portal&nbsp;<a href=\"https:\/\/sistemas.pc.sc.gov.br\/sospets\/\" target=\"_blank\">aqui<\/a>!<\/p>\n<p>Pol\u00edcia Civil de Santa Catarina, investiga\u00e7\u00e3o que gera resultado.<span style=\"color: var( --e-global-color-text ); font-family: var( --e-global-typography-primary-font-family ), Sans-serif; font-size: var( --e-global-typography-primary-font-size ); font-weight: var( --e-global-typography-primary-font-weight ); letter-spacing: var( --e-global-typography-primary-letter-spacing );\">&nbsp;<\/span><\/p>\t\t\t\t\t\t\t\t<\/div>\n\t\t\t\t<\/div>\n\t\t\t\t\t<\/div>\n\t\t<\/div>\n\t\t\t\t\t<\/div>\n\t\t<\/section>\n\t\t\t\t<section class=\"elementor-section elementor-top-section elementor-element elementor-element-181216a elementor-section-boxed elementor-section-height-default elementor-section-height-default\" data-id=\"181216a\" data-element_type=\"section\">\n\t\t\t\t\t\t<div class=\"elementor-container elementor-column-gap-default\">\n\t\t\t\t\t<div class=\"elementor-column elementor-col-100 elementor-top-column elementor-element elementor-element-96a93a3\" data-id=\"96a93a3\" data-element_type=\"column\">\n\t\t\t<div class=\"elementor-widget-wrap elementor-element-populated\">\n\t\t\t\t\t\t<div class=\"elementor-element elementor-element-3f6d09c elementor-widget elementor-widget-video\" data-id=\"3f6d09c\" data-element_type=\"widget\" data-settings=\"{&quot;youtube_url&quot;:&quot;https:\\\/\\\/youtu.be\\\/u6C4qMB7efA?si=OeUiitzMQUKfv2Ln&quot;,&quot;video_type&quot;:&quot;youtube&quot;,&quot;controls&quot;:&quot;yes&quot;}\" data-widget_type=\"video.default\">\n\t\t\t\t<div class=\"elementor-widget-container\">\n\t\t\t\t\t\t\t<div class=\"elementor-wrapper elementor-open-inline\">\n\t\t\t<div class=\"elementor-video\"><\/div>\t\t<\/div>\n\t\t\t\t\t\t<\/div>\n\t\t\t\t<\/div>\n\t\t\t\t\t<\/div>\n\t\t<\/div>\n\t\t\t\t\t<\/div>\n\t\t<\/section>\n\t\t\t\t<\/div>\n\t\t","protected":false},"excerpt":{"rendered":"<p>PCSC lan\u00e7a Portal de Apoio para a Ado\u00e7\u00e3o de Animais Resgatados v\u00edtimas de maus-tratos Um dos maiores desafios que a Delegacia de Prote\u00e7\u00e3o a Animais Dom\u00e9sticos (DPA) da Grande Florian\u00f3polis, da Pol\u00edcia Civil de Santa Catarina (PCSC), encontrou ao longo do seu primeiro ano de atua\u00e7\u00e3o foi a falta de vagas para viabilizar novos resgates, [&hellip;]<\/p>\n","protected":false},"author":5,"featured_media":21283,"comment_status":"closed","ping_status":"open","sticky":false,"template":"","format":"standard","meta":{"_monsterinsights_skip_tracking":false,"_monsterinsights_sitenote_active":false,"_monsterinsights_sitenote_note":"","_monsterinsights_sitenote_category":0,"footnotes":""},"categories":[1],"tags":[],"class_list":["post-21282","post","type-post","status-publish","format-standard","has-post-thumbnail","hentry","category-sem-categoria"],"_links":{"self":[{"href":"https:\/\/pc.sc.gov.br\/index.php?rest_route=\/wp\/v2\/posts\/21282","targetHints":{"allow":["GET"]}}],"collection":[{"href":"https:\/\/pc.sc.gov.br\/index.php?rest_route=\/wp\/v2\/posts"}],"about":[{"href":"https:\/\/pc.sc.gov.br\/index.php?rest_route=\/wp\/v2\/types\/post"}],"author":[{"embeddable":true,"href":"https:\/\/pc.sc.gov.br\/index.php?rest_route=\/wp\/v2\/users\/5"}],"replies":[{"embeddable":true,"href":"https:\/\/pc.sc.gov.br\/index.php?rest_route=%2Fwp%2Fv2%2Fcomments&post=21282"}],"version-history":[{"count":3,"href":"https:\/\/pc.sc.gov.br\/index.php?rest_route=\/wp\/v2\/posts\/21282\/revisions"}],"predecessor-version":[{"id":21287,"href":"https:\/\/pc.sc.gov.br\/index.php?rest_route=\/wp\/v2\/posts\/21282\/revisions\/21287"}],"wp:featuredmedia":[{"embeddable":true,"href":"https:\/\/pc.sc.gov.br\/index.php?rest_route=\/wp\/v2\/media\/21283"}],"wp:attachment":[{"href":"https:\/\/pc.sc.gov.br\/index.php?rest_route=%2Fwp%2Fv2%2Fmedia&parent=21282"}],"wp:term":[{"taxonomy":"category","embeddable":true,"href":"https:\/\/pc.sc.gov.br\/index.php?rest_route=%2Fwp%2Fv2%2Fcategories&post=21282"},{"taxonomy":"post_tag","embeddable":true,"href":"https:\/\/pc.sc.gov.br\/index.php?rest_route=%2Fwp%2Fv2%2Ftags&post=21282"}],"curies":[{"name":"wp","href":"https:\/\/api.w.org\/{rel}","templated":true}]}}