{"id":2129,"date":"2022-12-08T16:56:00","date_gmt":"2022-12-08T19:56:00","guid":{"rendered":"https:\/\/pc.sc.gov.br\/?p=2129"},"modified":"2022-12-14T11:58:34","modified_gmt":"2022-12-14T14:58:34","slug":"policia-civil-prende-homem-suspeito-de-homicidio-e-de-traficar-drogas-em-porto-belo","status":"publish","type":"post","link":"https:\/\/pc.sc.gov.br\/?p=2129","title":{"rendered":"Pol\u00edcia Civil prende homem suspeito de homic\u00eddio e de traficar drogas em Porto Belo"},"content":{"rendered":"\t\t<div data-elementor-type=\"wp-post\" data-elementor-id=\"2129\" class=\"elementor elementor-2129\" data-elementor-post-type=\"post\">\n\t\t\t\t\t\t<section class=\"elementor-section elementor-top-section elementor-element elementor-element-640c22b elementor-section-boxed elementor-section-height-default elementor-section-height-default\" data-id=\"640c22b\" data-element_type=\"section\">\n\t\t\t\t\t\t<div class=\"elementor-container elementor-column-gap-default\">\n\t\t\t\t\t<div class=\"elementor-column elementor-col-100 elementor-top-column elementor-element elementor-element-1bcbf50\" data-id=\"1bcbf50\" data-element_type=\"column\">\n\t\t\t<div class=\"elementor-widget-wrap elementor-element-populated\">\n\t\t\t\t\t\t<div class=\"elementor-element elementor-element-1bd8611 elementor-widget elementor-widget-heading\" data-id=\"1bd8611\" data-element_type=\"widget\" data-widget_type=\"heading.default\">\n\t\t\t\t<div class=\"elementor-widget-container\">\n\t\t\t\t\t<h2 class=\"elementor-heading-title elementor-size-default\">Pol\u00edcia Civil prende homem suspeito de homic\u00eddio e de traficar drogas em Porto Belo<\/h2>\t\t\t\t<\/div>\n\t\t\t\t<\/div>\n\t\t\t\t\t<\/div>\n\t\t<\/div>\n\t\t\t\t\t<\/div>\n\t\t<\/section>\n\t\t\t\t<section class=\"elementor-section elementor-top-section elementor-element elementor-element-9299462 elementor-section-boxed elementor-section-height-default elementor-section-height-default\" data-id=\"9299462\" data-element_type=\"section\">\n\t\t\t\t\t\t<div class=\"elementor-container elementor-column-gap-default\">\n\t\t\t\t\t<div class=\"elementor-column elementor-col-100 elementor-top-column elementor-element elementor-element-101a92e\" data-id=\"101a92e\" data-element_type=\"column\">\n\t\t\t<div class=\"elementor-widget-wrap elementor-element-populated\">\n\t\t\t\t\t\t<div class=\"elementor-element elementor-element-26c821c elementor-widget elementor-widget-image\" data-id=\"26c821c\" data-element_type=\"widget\" data-widget_type=\"image.default\">\n\t\t\t\t<div class=\"elementor-widget-container\">\n\t\t\t\t\t\t\t\t\t\t\t\t\t\t\t<img fetchpriority=\"high\" decoding=\"async\" width=\"696\" height=\"455\" src=\"https:\/\/pc.sc.gov.br\/\/wp-content\/uploads\/2022\/12\/01-3-1024x670.jpg\" class=\"attachment-large size-large wp-image-2130\" alt=\"\" srcset=\"https:\/\/pc.sc.gov.br\/\/wp-content\/uploads\/2022\/12\/01-3-1024x670.jpg 1024w, https:\/\/pc.sc.gov.br\/\/wp-content\/uploads\/2022\/12\/01-3-300x196.jpg 300w, https:\/\/pc.sc.gov.br\/\/wp-content\/uploads\/2022\/12\/01-3-768x503.jpg 768w, https:\/\/pc.sc.gov.br\/\/wp-content\/uploads\/2022\/12\/01-3.jpg 1280w\" sizes=\"(max-width: 696px) 100vw, 696px\" \/>\t\t\t\t\t\t\t\t\t\t\t\t\t\t\t<\/div>\n\t\t\t\t<\/div>\n\t\t\t\t\t<\/div>\n\t\t<\/div>\n\t\t\t\t\t<\/div>\n\t\t<\/section>\n\t\t\t\t<section class=\"elementor-section elementor-top-section elementor-element elementor-element-f07af93 elementor-section-boxed elementor-section-height-default elementor-section-height-default\" data-id=\"f07af93\" data-element_type=\"section\">\n\t\t\t\t\t\t<div class=\"elementor-container elementor-column-gap-default\">\n\t\t\t\t\t<div class=\"elementor-column elementor-col-100 elementor-top-column elementor-element elementor-element-e00bf39\" data-id=\"e00bf39\" data-element_type=\"column\">\n\t\t\t<div class=\"elementor-widget-wrap elementor-element-populated\">\n\t\t\t\t\t\t<div class=\"elementor-element elementor-element-bf178fe elementor-widget elementor-widget-text-editor\" data-id=\"bf178fe\" data-element_type=\"widget\" data-widget_type=\"text-editor.default\">\n\t\t\t\t<div class=\"elementor-widget-container\">\n\t\t\t\t\t\t\t\t\t<p>Na quinta-feira (08), a Pol\u00edcia Civil de Santa Catarina, por meio da Delegacia de Pol\u00edcia da Comarca de Porto Belo, deu cumprimento a um mandado de pris\u00e3o preventiva contra um homem investigado pelo crime de homic\u00eddio ocorrido em 10 de julho deste ano em Porto Belo. O crime foi praticado mediante disparos de arma de fogo e golpes de fac\u00e3o.<\/p><p>O foragido foi localizado na cidade de Itapema e, no momento de sua pris\u00e3o, foram apreendidos em sua resid\u00eancia 604 comprimidos de ecstasy, 76 frascos de lan\u00e7a perfume, 23 gramas de coca\u00edna e 24 gramas de maconha, al\u00e9m de balan\u00e7a de precis\u00e3o, materiais utilizados para embalar droga e uma quantia de R$ 6.270,00 em dinheiro em esp\u00e9cie.<\/p><p>Dessa forma, o homem foi preso tamb\u00e9m em flagrante pela pr\u00e1tica do crime de tr\u00e1fico de drogas, sendo que j\u00e1 havia informa\u00e7\u00f5es sobre o seu envolvimento com o tr\u00e1fico, inclusive j\u00e1 havia sido preso anteriormente por esse crime. Ap\u00f3s a lavratura do procedimento, o preso foi encaminhado para o Pres\u00eddio.<\/p>\t\t\t\t\t\t\t\t<\/div>\n\t\t\t\t<\/div>\n\t\t\t\t\t<\/div>\n\t\t<\/div>\n\t\t\t\t\t<\/div>\n\t\t<\/section>\n\t\t\t\t<\/div>\n\t\t","protected":false},"excerpt":{"rendered":"<p>Pol\u00edcia Civil prende homem suspeito de homic\u00eddio e de traficar drogas em Porto Belo Na quinta-feira (08), a Pol\u00edcia Civil de Santa Catarina, por meio da Delegacia de Pol\u00edcia da Comarca de Porto Belo, deu cumprimento a um mandado de pris\u00e3o preventiva contra um homem investigado pelo crime de homic\u00eddio ocorrido em 10 de julho [&hellip;]<\/p>\n","protected":false},"author":2,"featured_media":2130,"comment_status":"closed","ping_status":"open","sticky":false,"template":"elementor_header_footer","format":"standard","meta":{"_monsterinsights_skip_tracking":false,"_monsterinsights_sitenote_active":false,"_monsterinsights_sitenote_note":"","_monsterinsights_sitenote_category":0,"footnotes":""},"categories":[1],"tags":[],"class_list":["post-2129","post","type-post","status-publish","format-standard","has-post-thumbnail","hentry","category-sem-categoria"],"_links":{"self":[{"href":"https:\/\/pc.sc.gov.br\/index.php?rest_route=\/wp\/v2\/posts\/2129","targetHints":{"allow":["GET"]}}],"collection":[{"href":"https:\/\/pc.sc.gov.br\/index.php?rest_route=\/wp\/v2\/posts"}],"about":[{"href":"https:\/\/pc.sc.gov.br\/index.php?rest_route=\/wp\/v2\/types\/post"}],"author":[{"embeddable":true,"href":"https:\/\/pc.sc.gov.br\/index.php?rest_route=\/wp\/v2\/users\/2"}],"replies":[{"embeddable":true,"href":"https:\/\/pc.sc.gov.br\/index.php?rest_route=%2Fwp%2Fv2%2Fcomments&post=2129"}],"version-history":[{"count":4,"href":"https:\/\/pc.sc.gov.br\/index.php?rest_route=\/wp\/v2\/posts\/2129\/revisions"}],"predecessor-version":[{"id":2137,"href":"https:\/\/pc.sc.gov.br\/index.php?rest_route=\/wp\/v2\/posts\/2129\/revisions\/2137"}],"wp:featuredmedia":[{"embeddable":true,"href":"https:\/\/pc.sc.gov.br\/index.php?rest_route=\/wp\/v2\/media\/2130"}],"wp:attachment":[{"href":"https:\/\/pc.sc.gov.br\/index.php?rest_route=%2Fwp%2Fv2%2Fmedia&parent=2129"}],"wp:term":[{"taxonomy":"category","embeddable":true,"href":"https:\/\/pc.sc.gov.br\/index.php?rest_route=%2Fwp%2Fv2%2Fcategories&post=2129"},{"taxonomy":"post_tag","embeddable":true,"href":"https:\/\/pc.sc.gov.br\/index.php?rest_route=%2Fwp%2Fv2%2Ftags&post=2129"}],"curies":[{"name":"wp","href":"https:\/\/api.w.org\/{rel}","templated":true}]}}