{"id":21298,"date":"2024-06-25T16:50:09","date_gmt":"2024-06-25T19:50:09","guid":{"rendered":"https:\/\/pc.sc.gov.br\/?p=21298"},"modified":"2024-06-25T16:54:18","modified_gmt":"2024-06-25T19:54:18","slug":"no-parana-dfrv-deic-prende-investigado-por-envolvimento-com-furto-de-carga-em-santa-catarina","status":"publish","type":"post","link":"https:\/\/pc.sc.gov.br\/?p=21298","title":{"rendered":"No Paran\u00e1, DFRV\/DEIC prende investigado por envolvimento com furto de carga em Santa Catarina"},"content":{"rendered":"\t\t<div data-elementor-type=\"wp-post\" data-elementor-id=\"21298\" class=\"elementor elementor-21298\" data-elementor-post-type=\"post\">\n\t\t\t\t\t\t<section class=\"elementor-section elementor-top-section elementor-element elementor-element-fe33011 elementor-section-boxed elementor-section-height-default elementor-section-height-default\" data-id=\"fe33011\" data-element_type=\"section\">\n\t\t\t\t\t\t<div class=\"elementor-container elementor-column-gap-default\">\n\t\t\t\t\t<div class=\"elementor-column elementor-col-100 elementor-top-column elementor-element elementor-element-db9868b\" data-id=\"db9868b\" data-element_type=\"column\">\n\t\t\t<div class=\"elementor-widget-wrap elementor-element-populated\">\n\t\t\t\t\t\t<div class=\"elementor-element elementor-element-d0f5e18 elementor-widget elementor-widget-heading\" data-id=\"d0f5e18\" data-element_type=\"widget\" data-widget_type=\"heading.default\">\n\t\t\t\t<div class=\"elementor-widget-container\">\n\t\t\t\t\t<h2 class=\"elementor-heading-title elementor-size-default\">No Paran\u00e1, DFRV\/DEIC prende investigado por envolvimento com furto de carga em Santa Catarina<\/h2>\t\t\t\t<\/div>\n\t\t\t\t<\/div>\n\t\t\t\t\t<\/div>\n\t\t<\/div>\n\t\t\t\t\t<\/div>\n\t\t<\/section>\n\t\t\t\t<section class=\"elementor-section elementor-top-section elementor-element elementor-element-3a1e931 elementor-section-boxed elementor-section-height-default elementor-section-height-default\" data-id=\"3a1e931\" data-element_type=\"section\">\n\t\t\t\t\t\t<div class=\"elementor-container elementor-column-gap-default\">\n\t\t\t\t\t<div class=\"elementor-column elementor-col-100 elementor-top-column elementor-element elementor-element-a5693df\" data-id=\"a5693df\" data-element_type=\"column\">\n\t\t\t<div class=\"elementor-widget-wrap elementor-element-populated\">\n\t\t\t\t\t\t<div class=\"elementor-element elementor-element-b4204ea elementor-widget elementor-widget-image\" data-id=\"b4204ea\" data-element_type=\"widget\" data-widget_type=\"image.default\">\n\t\t\t\t<div class=\"elementor-widget-container\">\n\t\t\t\t\t\t\t\t\t\t\t\t\t\t\t<img fetchpriority=\"high\" decoding=\"async\" width=\"696\" height=\"602\" src=\"https:\/\/pc.sc.gov.br\/\/wp-content\/uploads\/2024\/06\/WhatsApp-Image-2024-06-25-at-16.30.16-fotor-20240625164835-1024x886.jpg\" class=\"attachment-large size-large wp-image-21299\" alt=\"\" srcset=\"https:\/\/pc.sc.gov.br\/\/wp-content\/uploads\/2024\/06\/WhatsApp-Image-2024-06-25-at-16.30.16-fotor-20240625164835-1024x886.jpg 1024w, https:\/\/pc.sc.gov.br\/\/wp-content\/uploads\/2024\/06\/WhatsApp-Image-2024-06-25-at-16.30.16-fotor-20240625164835-300x260.jpg 300w, https:\/\/pc.sc.gov.br\/\/wp-content\/uploads\/2024\/06\/WhatsApp-Image-2024-06-25-at-16.30.16-fotor-20240625164835-768x665.jpg 768w, https:\/\/pc.sc.gov.br\/\/wp-content\/uploads\/2024\/06\/WhatsApp-Image-2024-06-25-at-16.30.16-fotor-20240625164835.jpg 1151w\" sizes=\"(max-width: 696px) 100vw, 696px\" \/>\t\t\t\t\t\t\t\t\t\t\t\t\t\t\t<\/div>\n\t\t\t\t<\/div>\n\t\t\t\t\t<\/div>\n\t\t<\/div>\n\t\t\t\t\t<\/div>\n\t\t<\/section>\n\t\t\t\t<section class=\"elementor-section elementor-top-section elementor-element elementor-element-0385e3f elementor-section-boxed elementor-section-height-default elementor-section-height-default\" data-id=\"0385e3f\" data-element_type=\"section\">\n\t\t\t\t\t\t<div class=\"elementor-container elementor-column-gap-default\">\n\t\t\t\t\t<div class=\"elementor-column elementor-col-100 elementor-top-column elementor-element elementor-element-9ad558c\" data-id=\"9ad558c\" data-element_type=\"column\">\n\t\t\t<div class=\"elementor-widget-wrap elementor-element-populated\">\n\t\t\t\t\t\t<div class=\"elementor-element elementor-element-0dd8519 elementor-widget elementor-widget-text-editor\" data-id=\"0dd8519\" data-element_type=\"widget\" data-widget_type=\"text-editor.default\">\n\t\t\t\t<div class=\"elementor-widget-container\">\n\t\t\t\t\t\t\t\t\t<p>A Pol\u00edcia Civil de Santa Catarina, por meio da Delegacia de Furtos e Roubos de Cargas (DFRC\/DEIC) deflagrou nesta ter\u00e7a-feira (25) uma opera\u00e7\u00e3o policial na cidade de Campina Grande do Sul (PR). Na a\u00e7\u00e3o um homem foi preso preventivamente por envolvimento com subtra\u00e7\u00e3o de carga. Ele tamb\u00e9m foi preso em flagrante pelo delito por posse ilegal de arma de fogo. O conduzido fazia parte do quadro da seguran\u00e7a p\u00fablica do estado do Paran\u00e1 e foi demitido em abril\/2024.<\/p>\n<p>Esta \u00e9 a terceira fase da investiga\u00e7\u00e3o que resultou na recupera\u00e7\u00e3o de carga de vinho Importado em abril\/2024 na cidade de Itaja\u00ed. Ap\u00f3s an\u00e1lise do material apreendido, a equipe de investiga\u00e7\u00e3o coordenada pelo Delegado Osnei Valdir de Oliveira identificou pessoas envolvidas na subtra\u00e7\u00e3o da carga.<\/p>\n<p>No dia 01\/05\/2024 a DFRC\/DEIC cumpriu mandado de pris\u00e3o preventiva expedido em desfavor de indiv\u00edduo respons\u00e1vel pela subtra\u00e7\u00e3o de carga de vinho. Em continuidade, foi identificado que o indiv\u00edduo vinculado ao crime e pugnou-se pela decreta\u00e7\u00e3o da pris\u00e3o preventiva, sendo prontamente deferida pelo Poder Judici\u00e1rio.<\/p>\n<p>Durante o cumprimento da ordem judicial, os policiais civis da DFRC\/DEIC localizaram na resid\u00eancia do investigado uma arma de fogo, muni\u00e7\u00f5es e dois carregadores de pistola calibre .40 pertencentes a uma for\u00e7a policial, al\u00e9m de uniforme com bras\u00e3o da institui\u00e7\u00e3o que fazia parte.<\/p>\n<p>O titular da Delegacia de Furtos e Roubos de Cargas, Delegado Osnei Valdir de Oliveira, ressaltou que todos os envolvidos nesse crime foram identificados e apresentados \u00e0 Justi\u00e7a para que sejam responsabilizados criminalmente por suas condutas. As investiga\u00e7\u00f5es realizadas pela Pol\u00edcia Civil v\u00e3o muito al\u00e9m da recupera\u00e7\u00e3o da carga subtra\u00edda. \u201cN\u00e3o h\u00e1 efetividade no combate ao roubo de carga sem a identifica\u00e7\u00e3o e responsabiliza\u00e7\u00e3o dos envolvidos na cadeia criminosa\u201d, assinalou o delegado Osnei.<\/p>\n<p><b>Den\u00fancias e informa\u00e7\u00f5es relacionadas a Roubo de Cargas podem ser encaminhadas para o e-mail: deic-dfrc@pc.sc.gov.br da POL\u00cdCIA CIVIL, sendo garantido o anonimato.<\/b><\/p>\t\t\t\t\t\t\t\t<\/div>\n\t\t\t\t<\/div>\n\t\t\t\t\t<\/div>\n\t\t<\/div>\n\t\t\t\t\t<\/div>\n\t\t<\/section>\n\t\t\t\t<section class=\"elementor-section elementor-top-section elementor-element elementor-element-f452872 elementor-section-boxed elementor-section-height-default elementor-section-height-default\" data-id=\"f452872\" data-element_type=\"section\">\n\t\t\t\t\t\t<div class=\"elementor-container elementor-column-gap-default\">\n\t\t\t\t\t<div class=\"elementor-column elementor-col-100 elementor-top-column elementor-element elementor-element-d36b449\" data-id=\"d36b449\" data-element_type=\"column\">\n\t\t\t<div class=\"elementor-widget-wrap elementor-element-populated\">\n\t\t\t\t\t\t<div class=\"elementor-element elementor-element-2b9bd78 elementor-widget__width-initial elementor-widget elementor-widget-video\" data-id=\"2b9bd78\" data-element_type=\"widget\" data-settings=\"{&quot;video_type&quot;:&quot;hosted&quot;,&quot;controls&quot;:&quot;yes&quot;}\" data-widget_type=\"video.default\">\n\t\t\t\t<div class=\"elementor-widget-container\">\n\t\t\t\t\t\t\t<div class=\"e-hosted-video elementor-wrapper elementor-open-inline\">\n\t\t\t\t\t<video class=\"elementor-video\" src=\"https:\/\/pc.sc.gov.br\/wp-content\/uploads\/2024\/06\/WhatsApp-Video-2024-06-25-at-16.30.15.mp4\" controls=\"\" preload=\"metadata\" controlsList=\"nodownload\"><\/video>\n\t\t\t\t<\/div>\n\t\t\t\t\t\t<\/div>\n\t\t\t\t<\/div>\n\t\t\t\t\t<\/div>\n\t\t<\/div>\n\t\t\t\t\t<\/div>\n\t\t<\/section>\n\t\t\t\t<\/div>\n\t\t","protected":false},"excerpt":{"rendered":"<p>No Paran\u00e1, DFRV\/DEIC prende investigado por envolvimento com furto de carga em Santa Catarina A Pol\u00edcia Civil de Santa Catarina, por meio da Delegacia de Furtos e Roubos de Cargas (DFRC\/DEIC) deflagrou nesta ter\u00e7a-feira (25) uma opera\u00e7\u00e3o policial na cidade de Campina Grande do Sul (PR). Na a\u00e7\u00e3o um homem foi preso preventivamente por envolvimento [&hellip;]<\/p>\n","protected":false},"author":5,"featured_media":21305,"comment_status":"closed","ping_status":"open","sticky":false,"template":"","format":"standard","meta":{"_monsterinsights_skip_tracking":false,"_monsterinsights_sitenote_active":false,"_monsterinsights_sitenote_note":"","_monsterinsights_sitenote_category":0,"footnotes":""},"categories":[1],"tags":[],"class_list":["post-21298","post","type-post","status-publish","format-standard","has-post-thumbnail","hentry","category-sem-categoria"],"_links":{"self":[{"href":"https:\/\/pc.sc.gov.br\/index.php?rest_route=\/wp\/v2\/posts\/21298","targetHints":{"allow":["GET"]}}],"collection":[{"href":"https:\/\/pc.sc.gov.br\/index.php?rest_route=\/wp\/v2\/posts"}],"about":[{"href":"https:\/\/pc.sc.gov.br\/index.php?rest_route=\/wp\/v2\/types\/post"}],"author":[{"embeddable":true,"href":"https:\/\/pc.sc.gov.br\/index.php?rest_route=\/wp\/v2\/users\/5"}],"replies":[{"embeddable":true,"href":"https:\/\/pc.sc.gov.br\/index.php?rest_route=%2Fwp%2Fv2%2Fcomments&post=21298"}],"version-history":[{"count":4,"href":"https:\/\/pc.sc.gov.br\/index.php?rest_route=\/wp\/v2\/posts\/21298\/revisions"}],"predecessor-version":[{"id":21304,"href":"https:\/\/pc.sc.gov.br\/index.php?rest_route=\/wp\/v2\/posts\/21298\/revisions\/21304"}],"wp:featuredmedia":[{"embeddable":true,"href":"https:\/\/pc.sc.gov.br\/index.php?rest_route=\/wp\/v2\/media\/21305"}],"wp:attachment":[{"href":"https:\/\/pc.sc.gov.br\/index.php?rest_route=%2Fwp%2Fv2%2Fmedia&parent=21298"}],"wp:term":[{"taxonomy":"category","embeddable":true,"href":"https:\/\/pc.sc.gov.br\/index.php?rest_route=%2Fwp%2Fv2%2Fcategories&post=21298"},{"taxonomy":"post_tag","embeddable":true,"href":"https:\/\/pc.sc.gov.br\/index.php?rest_route=%2Fwp%2Fv2%2Ftags&post=21298"}],"curies":[{"name":"wp","href":"https:\/\/api.w.org\/{rel}","templated":true}]}}