{"id":21309,"date":"2024-06-25T18:57:46","date_gmt":"2024-06-25T21:57:46","guid":{"rendered":"https:\/\/pc.sc.gov.br\/?p=21309"},"modified":"2024-06-25T18:58:52","modified_gmt":"2024-06-25T21:58:52","slug":"na-capital-decod-dic-prende-homem-investigado-por-trafico-de-drogas","status":"publish","type":"post","link":"https:\/\/pc.sc.gov.br\/?p=21309","title":{"rendered":"Na Capital, DECOD\/DIC prende homem investigado por tr\u00e1fico de drogas"},"content":{"rendered":"\t\t<div data-elementor-type=\"wp-post\" data-elementor-id=\"21309\" class=\"elementor elementor-21309\" data-elementor-post-type=\"post\">\n\t\t\t\t\t\t<section class=\"elementor-section elementor-top-section elementor-element elementor-element-d3c7ace elementor-section-boxed elementor-section-height-default elementor-section-height-default\" data-id=\"d3c7ace\" data-element_type=\"section\">\n\t\t\t\t\t\t<div class=\"elementor-container elementor-column-gap-default\">\n\t\t\t\t\t<div class=\"elementor-column elementor-col-100 elementor-top-column elementor-element elementor-element-a3d6a88\" data-id=\"a3d6a88\" data-element_type=\"column\">\n\t\t\t<div class=\"elementor-widget-wrap elementor-element-populated\">\n\t\t\t\t\t\t<div class=\"elementor-element elementor-element-24f4d8f elementor-widget elementor-widget-heading\" data-id=\"24f4d8f\" data-element_type=\"widget\" data-widget_type=\"heading.default\">\n\t\t\t\t<div class=\"elementor-widget-container\">\n\t\t\t\t\t<h2 class=\"elementor-heading-title elementor-size-default\">Na Capital, DECOD\/DIC prende homem investigado por tr\u00e1fico de drogas<\/h2>\t\t\t\t<\/div>\n\t\t\t\t<\/div>\n\t\t\t\t\t<\/div>\n\t\t<\/div>\n\t\t\t\t\t<\/div>\n\t\t<\/section>\n\t\t\t\t<section class=\"elementor-section elementor-top-section elementor-element elementor-element-7203a3d elementor-section-boxed elementor-section-height-default elementor-section-height-default\" data-id=\"7203a3d\" data-element_type=\"section\">\n\t\t\t\t\t\t<div class=\"elementor-container elementor-column-gap-default\">\n\t\t\t\t\t<div class=\"elementor-column elementor-col-100 elementor-top-column elementor-element elementor-element-3b4b09e\" data-id=\"3b4b09e\" data-element_type=\"column\">\n\t\t\t<div class=\"elementor-widget-wrap elementor-element-populated\">\n\t\t\t\t\t\t<div class=\"elementor-element elementor-element-ca895ff elementor-widget elementor-widget-image\" data-id=\"ca895ff\" data-element_type=\"widget\" data-widget_type=\"image.default\">\n\t\t\t\t<div class=\"elementor-widget-container\">\n\t\t\t\t\t\t\t\t\t\t\t\t\t\t\t<img fetchpriority=\"high\" decoding=\"async\" width=\"696\" height=\"434\" src=\"https:\/\/pc.sc.gov.br\/\/wp-content\/uploads\/2024\/06\/6b4dc7ce-f3ae-4f02-8f94-c6293199daa5-fotor-20240625185645.jpg\" class=\"attachment-large size-large wp-image-21310\" alt=\"\" srcset=\"https:\/\/pc.sc.gov.br\/\/wp-content\/uploads\/2024\/06\/6b4dc7ce-f3ae-4f02-8f94-c6293199daa5-fotor-20240625185645.jpg 960w, https:\/\/pc.sc.gov.br\/\/wp-content\/uploads\/2024\/06\/6b4dc7ce-f3ae-4f02-8f94-c6293199daa5-fotor-20240625185645-300x187.jpg 300w, https:\/\/pc.sc.gov.br\/\/wp-content\/uploads\/2024\/06\/6b4dc7ce-f3ae-4f02-8f94-c6293199daa5-fotor-20240625185645-768x478.jpg 768w\" sizes=\"(max-width: 696px) 100vw, 696px\" \/>\t\t\t\t\t\t\t\t\t\t\t\t\t\t\t<\/div>\n\t\t\t\t<\/div>\n\t\t\t\t\t<\/div>\n\t\t<\/div>\n\t\t\t\t\t<\/div>\n\t\t<\/section>\n\t\t\t\t<section class=\"elementor-section elementor-top-section elementor-element elementor-element-7a14c2c elementor-section-boxed elementor-section-height-default elementor-section-height-default\" data-id=\"7a14c2c\" data-element_type=\"section\">\n\t\t\t\t\t\t<div class=\"elementor-container elementor-column-gap-default\">\n\t\t\t\t\t<div class=\"elementor-column elementor-col-100 elementor-top-column elementor-element elementor-element-8ce9387\" data-id=\"8ce9387\" data-element_type=\"column\">\n\t\t\t<div class=\"elementor-widget-wrap elementor-element-populated\">\n\t\t\t\t\t\t<div class=\"elementor-element elementor-element-e974612 elementor-widget elementor-widget-text-editor\" data-id=\"e974612\" data-element_type=\"widget\" data-widget_type=\"text-editor.default\">\n\t\t\t\t<div class=\"elementor-widget-container\">\n\t\t\t\t\t\t\t\t\t<p>A Pol\u00edcia Civil de Santa Catarina, por meio da Delegacia de Combate \u00e0s Drogas do Departamento de Investiga\u00e7\u00e3o Criminal de Florian\u00f3polis (DECOD\/DIC), em opera\u00e7\u00e3o conjunta realizada nesta ter\u00e7a-feira (25), com o apoio da Coordenadoria de Opera\u00e7\u00f5es com C\u00e3es (COPC), prendeu em flagrante um homem, no Bairro Ratones, na Capital, pelo envolvimento com o tr\u00e1fico de drogas.<\/p>\n<p>A pris\u00e3o \u00e9 resultado de uma investiga\u00e7\u00e3o que durou tr\u00eas meses, per\u00edodo durante o qual o investigado foi monitorado pelos policiais da DECOD de Florian\u00f3polis. Na opera\u00e7\u00e3o de hoje, foram cumpridos mandados de busca e apreens\u00e3o em sua resid\u00eancia, al\u00e9m de um mandado de pris\u00e3o preventiva em desfavor do suspeito.<\/p>\n<p>Com o aux\u00edlio dos c\u00e3es farejadores do COPC, os agentes da DECOD\/DIC da Capital encontraram e apreenderam diversos itens il\u00edcitos na resid\u00eancia do suspeito, incluindo uma balan\u00e7a de precis\u00e3o, certa quantidade de coca\u00edna, maconha e comprimidos de ecstasy.<\/p>\n<p>As investiga\u00e7\u00f5es continuam, e outras pris\u00f5es podem ocorrer nos pr\u00f3ximos dias como desdobramento das a\u00e7\u00f5es.<\/p>\n<p><b>A DECOD reitera o convite \u00e0 popula\u00e7\u00e3o para que denuncie este tipo de crime. As informa\u00e7\u00f5es podem ser enviadas anonimamente por meio do n\u00famero 181, pelo WhatsApp da Pol\u00edcia Civil de Santa Catarina (48 9 8844-0011) ou diretamente \u00e0 DECOD.<\/b><\/p>\t\t\t\t\t\t\t\t<\/div>\n\t\t\t\t<\/div>\n\t\t\t\t\t<\/div>\n\t\t<\/div>\n\t\t\t\t\t<\/div>\n\t\t<\/section>\n\t\t\t\t<\/div>\n\t\t","protected":false},"excerpt":{"rendered":"<p>Na Capital, DECOD\/DIC prende homem investigado por tr\u00e1fico de drogas A Pol\u00edcia Civil de Santa Catarina, por meio da Delegacia de Combate \u00e0s Drogas do Departamento de Investiga\u00e7\u00e3o Criminal de Florian\u00f3polis (DECOD\/DIC), em opera\u00e7\u00e3o conjunta realizada nesta ter\u00e7a-feira (25), com o apoio da Coordenadoria de Opera\u00e7\u00f5es com C\u00e3es (COPC), prendeu em flagrante um homem, no [&hellip;]<\/p>\n","protected":false},"author":5,"featured_media":21310,"comment_status":"closed","ping_status":"open","sticky":false,"template":"","format":"standard","meta":{"_monsterinsights_skip_tracking":false,"_monsterinsights_sitenote_active":false,"_monsterinsights_sitenote_note":"","_monsterinsights_sitenote_category":0,"footnotes":""},"categories":[1],"tags":[],"class_list":["post-21309","post","type-post","status-publish","format-standard","has-post-thumbnail","hentry","category-sem-categoria"],"_links":{"self":[{"href":"https:\/\/pc.sc.gov.br\/index.php?rest_route=\/wp\/v2\/posts\/21309","targetHints":{"allow":["GET"]}}],"collection":[{"href":"https:\/\/pc.sc.gov.br\/index.php?rest_route=\/wp\/v2\/posts"}],"about":[{"href":"https:\/\/pc.sc.gov.br\/index.php?rest_route=\/wp\/v2\/types\/post"}],"author":[{"embeddable":true,"href":"https:\/\/pc.sc.gov.br\/index.php?rest_route=\/wp\/v2\/users\/5"}],"replies":[{"embeddable":true,"href":"https:\/\/pc.sc.gov.br\/index.php?rest_route=%2Fwp%2Fv2%2Fcomments&post=21309"}],"version-history":[{"count":4,"href":"https:\/\/pc.sc.gov.br\/index.php?rest_route=\/wp\/v2\/posts\/21309\/revisions"}],"predecessor-version":[{"id":21317,"href":"https:\/\/pc.sc.gov.br\/index.php?rest_route=\/wp\/v2\/posts\/21309\/revisions\/21317"}],"wp:featuredmedia":[{"embeddable":true,"href":"https:\/\/pc.sc.gov.br\/index.php?rest_route=\/wp\/v2\/media\/21310"}],"wp:attachment":[{"href":"https:\/\/pc.sc.gov.br\/index.php?rest_route=%2Fwp%2Fv2%2Fmedia&parent=21309"}],"wp:term":[{"taxonomy":"category","embeddable":true,"href":"https:\/\/pc.sc.gov.br\/index.php?rest_route=%2Fwp%2Fv2%2Fcategories&post=21309"},{"taxonomy":"post_tag","embeddable":true,"href":"https:\/\/pc.sc.gov.br\/index.php?rest_route=%2Fwp%2Fv2%2Ftags&post=21309"}],"curies":[{"name":"wp","href":"https:\/\/api.w.org\/{rel}","templated":true}]}}