{"id":21334,"date":"2024-06-26T17:31:19","date_gmt":"2024-06-26T20:31:19","guid":{"rendered":"https:\/\/pc.sc.gov.br\/?p=21334"},"modified":"2024-06-26T17:33:34","modified_gmt":"2024-06-26T20:33:34","slug":"dfrc-deic-prende-mentor-intelectual-e-operador-logistico-de-grupo-que-atuava-em-furto-e-roubo-de-cargas-em-sc-e-no-pr","status":"publish","type":"post","link":"https:\/\/pc.sc.gov.br\/?p=21334","title":{"rendered":"DFRC\/DEIC prende mentor intelectual e operador log\u00edstico de grupo que atuava em furto e roubo de cargas em SC e no PR"},"content":{"rendered":"\t\t<div data-elementor-type=\"wp-post\" data-elementor-id=\"21334\" class=\"elementor elementor-21334\" data-elementor-post-type=\"post\">\n\t\t\t\t\t\t<section class=\"elementor-section elementor-top-section elementor-element elementor-element-b4f6609 elementor-section-boxed elementor-section-height-default elementor-section-height-default\" data-id=\"b4f6609\" data-element_type=\"section\">\n\t\t\t\t\t\t<div class=\"elementor-container elementor-column-gap-default\">\n\t\t\t\t\t<div class=\"elementor-column elementor-col-100 elementor-top-column elementor-element elementor-element-25edae7\" data-id=\"25edae7\" data-element_type=\"column\">\n\t\t\t<div class=\"elementor-widget-wrap elementor-element-populated\">\n\t\t\t\t\t\t<div class=\"elementor-element elementor-element-0625319 elementor-widget elementor-widget-heading\" data-id=\"0625319\" data-element_type=\"widget\" data-widget_type=\"heading.default\">\n\t\t\t\t<div class=\"elementor-widget-container\">\n\t\t\t\t\t<h2 class=\"elementor-heading-title elementor-size-default\">DFRC\/DEIC prende mentor intelectual e operador log\u00edstico de grupo criminoso que atuava em furto e roubo de cargas em SC e no PR<\/h2>\t\t\t\t<\/div>\n\t\t\t\t<\/div>\n\t\t\t\t\t<\/div>\n\t\t<\/div>\n\t\t\t\t\t<\/div>\n\t\t<\/section>\n\t\t\t\t<section class=\"elementor-section elementor-top-section elementor-element elementor-element-3aee9ae elementor-section-boxed elementor-section-height-default elementor-section-height-default\" data-id=\"3aee9ae\" data-element_type=\"section\">\n\t\t\t\t\t\t<div class=\"elementor-container elementor-column-gap-default\">\n\t\t\t\t\t<div class=\"elementor-column elementor-col-100 elementor-top-column elementor-element elementor-element-e9ca173\" data-id=\"e9ca173\" data-element_type=\"column\">\n\t\t\t<div class=\"elementor-widget-wrap elementor-element-populated\">\n\t\t\t\t\t\t<div class=\"elementor-element elementor-element-8057bcc elementor-widget elementor-widget-image\" data-id=\"8057bcc\" data-element_type=\"widget\" data-widget_type=\"image.default\">\n\t\t\t\t<div class=\"elementor-widget-container\">\n\t\t\t\t\t\t\t\t\t\t\t\t\t\t\t<img fetchpriority=\"high\" decoding=\"async\" width=\"696\" height=\"540\" src=\"https:\/\/pc.sc.gov.br\/\/wp-content\/uploads\/2024\/06\/WhatsApp-Image-2024-06-26-at-17.16.09-1024x795.jpeg\" class=\"attachment-large size-large wp-image-21335\" alt=\"\" srcset=\"https:\/\/pc.sc.gov.br\/\/wp-content\/uploads\/2024\/06\/WhatsApp-Image-2024-06-26-at-17.16.09-1024x795.jpeg 1024w, https:\/\/pc.sc.gov.br\/\/wp-content\/uploads\/2024\/06\/WhatsApp-Image-2024-06-26-at-17.16.09-300x233.jpeg 300w, https:\/\/pc.sc.gov.br\/\/wp-content\/uploads\/2024\/06\/WhatsApp-Image-2024-06-26-at-17.16.09-768x597.jpeg 768w, https:\/\/pc.sc.gov.br\/\/wp-content\/uploads\/2024\/06\/WhatsApp-Image-2024-06-26-at-17.16.09.jpeg 1290w\" sizes=\"(max-width: 696px) 100vw, 696px\" \/>\t\t\t\t\t\t\t\t\t\t\t\t\t\t\t<\/div>\n\t\t\t\t<\/div>\n\t\t\t\t\t<\/div>\n\t\t<\/div>\n\t\t\t\t\t<\/div>\n\t\t<\/section>\n\t\t\t\t<section class=\"elementor-section elementor-top-section elementor-element elementor-element-925a75f elementor-section-boxed elementor-section-height-default elementor-section-height-default\" data-id=\"925a75f\" data-element_type=\"section\">\n\t\t\t\t\t\t<div class=\"elementor-container elementor-column-gap-default\">\n\t\t\t\t\t<div class=\"elementor-column elementor-col-100 elementor-top-column elementor-element elementor-element-a6d8773\" data-id=\"a6d8773\" data-element_type=\"column\">\n\t\t\t<div class=\"elementor-widget-wrap elementor-element-populated\">\n\t\t\t\t\t\t<div class=\"elementor-element elementor-element-b5de2ea elementor-widget elementor-widget-text-editor\" data-id=\"b5de2ea\" data-element_type=\"widget\" data-widget_type=\"text-editor.default\">\n\t\t\t\t<div class=\"elementor-widget-container\">\n\t\t\t\t\t\t\t\t\t<p>A Pol\u00edcia Civil de Santa Catarina, por meio da Delegacia de Furtos e Roubos de Cargas (DFRC\/DEIC) identificou e prendeu o mentor intelectual e operador log\u00edstico de grupo criminoso, respons\u00e1vel por diversos furtos de cargas nos estados de Santa Catarina e Paran\u00e1.<\/p>\n<p>Na fase anterior, os policiais civis da DFRC\/DEIC cumpriram mandados de pris\u00e3o preventiva no estado do Paran\u00e1, ocasi\u00e3o em que foi preso motorista que atuou na subtra\u00e7\u00e3o de cargas de fertilizantes embarcadas nas cidades de S\u00e3o Francisco do Sul (SC) e Paranagu\u00e1 (PR).<\/p>\n<p>De acordo com titular da DFRC\/DEIC, delegado Osnei Valdir de Oliveira, no enfrentamento ao furto\/roubo de carga a atua\u00e7\u00e3o da Pol\u00edcia Civil vai al\u00e9m da pris\u00e3o \u00f3bvia, ou seja, s\u00f3 dos executores diretos. \u201cCom a investiga\u00e7\u00e3o criminal, pautada em habilidades, experi\u00eancia e conhecimentos metodol\u00f3gicos, busca-se o mentor intelectual, o financiador, o operador log\u00edstico, enfim, todo aquele que de alguma forma atuou no furto\/roubo de carga precisa responder por seus atos. Esse n\u00e3o \u00e9 um crime de um homem s\u00f3. A expertise dos Policiais que atuam na investiga\u00e7\u00e3o reflete diretamente na redu\u00e7\u00e3o de ocorr\u00eancias dessa modalidade criminosa\u201d, destacou o delegado Osnei.<\/p>\n<p><b>Den\u00fancias e informa\u00e7\u00f5es relacionadas a Roubo de Cargas podem ser encaminhadas para o e-mail _deic-dfrc@pc.sc.gov.br da POL\u00cdCIA CIVIL, sendo garantido o anonimato.<\/b><span style=\"color: var( --e-global-color-text ); font-family: var( --e-global-typography-primary-font-family ), Sans-serif; font-size: var( --e-global-typography-primary-font-size ); font-weight: var( --e-global-typography-primary-font-weight ); letter-spacing: var( --e-global-typography-primary-letter-spacing );\">&nbsp;<\/span><\/p>\t\t\t\t\t\t\t\t<\/div>\n\t\t\t\t<\/div>\n\t\t\t\t\t<\/div>\n\t\t<\/div>\n\t\t\t\t\t<\/div>\n\t\t<\/section>\n\t\t\t\t<\/div>\n\t\t","protected":false},"excerpt":{"rendered":"<p>DFRC\/DEIC prende mentor intelectual e operador log\u00edstico de grupo criminoso que atuava em furto e roubo de cargas em SC e no PR A Pol\u00edcia Civil de Santa Catarina, por meio da Delegacia de Furtos e Roubos de Cargas (DFRC\/DEIC) identificou e prendeu o mentor intelectual e operador log\u00edstico de grupo criminoso, respons\u00e1vel por diversos [&hellip;]<\/p>\n","protected":false},"author":5,"featured_media":21335,"comment_status":"closed","ping_status":"open","sticky":false,"template":"","format":"standard","meta":{"_monsterinsights_skip_tracking":false,"_monsterinsights_sitenote_active":false,"_monsterinsights_sitenote_note":"","_monsterinsights_sitenote_category":0,"footnotes":""},"categories":[1],"tags":[],"class_list":["post-21334","post","type-post","status-publish","format-standard","has-post-thumbnail","hentry","category-sem-categoria"],"_links":{"self":[{"href":"https:\/\/pc.sc.gov.br\/index.php?rest_route=\/wp\/v2\/posts\/21334","targetHints":{"allow":["GET"]}}],"collection":[{"href":"https:\/\/pc.sc.gov.br\/index.php?rest_route=\/wp\/v2\/posts"}],"about":[{"href":"https:\/\/pc.sc.gov.br\/index.php?rest_route=\/wp\/v2\/types\/post"}],"author":[{"embeddable":true,"href":"https:\/\/pc.sc.gov.br\/index.php?rest_route=\/wp\/v2\/users\/5"}],"replies":[{"embeddable":true,"href":"https:\/\/pc.sc.gov.br\/index.php?rest_route=%2Fwp%2Fv2%2Fcomments&post=21334"}],"version-history":[{"count":3,"href":"https:\/\/pc.sc.gov.br\/index.php?rest_route=\/wp\/v2\/posts\/21334\/revisions"}],"predecessor-version":[{"id":21338,"href":"https:\/\/pc.sc.gov.br\/index.php?rest_route=\/wp\/v2\/posts\/21334\/revisions\/21338"}],"wp:featuredmedia":[{"embeddable":true,"href":"https:\/\/pc.sc.gov.br\/index.php?rest_route=\/wp\/v2\/media\/21335"}],"wp:attachment":[{"href":"https:\/\/pc.sc.gov.br\/index.php?rest_route=%2Fwp%2Fv2%2Fmedia&parent=21334"}],"wp:term":[{"taxonomy":"category","embeddable":true,"href":"https:\/\/pc.sc.gov.br\/index.php?rest_route=%2Fwp%2Fv2%2Fcategories&post=21334"},{"taxonomy":"post_tag","embeddable":true,"href":"https:\/\/pc.sc.gov.br\/index.php?rest_route=%2Fwp%2Fv2%2Ftags&post=21334"}],"curies":[{"name":"wp","href":"https:\/\/api.w.org\/{rel}","templated":true}]}}