{"id":21339,"date":"2024-06-26T18:21:37","date_gmt":"2024-06-26T21:21:37","guid":{"rendered":"https:\/\/pc.sc.gov.br\/?p=21339"},"modified":"2024-06-26T18:23:53","modified_gmt":"2024-06-26T21:23:53","slug":"pcsc-212-anos-promove-acao-social-com-doacao-de-sangue-no-hemosc-da-capital-em-comemoracao-aos-seus-212-anos","status":"publish","type":"post","link":"https:\/\/pc.sc.gov.br\/?p=21339","title":{"rendered":"PCSC 212 anos:  promove a\u00e7\u00e3o social com doa\u00e7\u00e3o de sangue no Hemosc da Capital em comemora\u00e7\u00e3o aos seus 212 anos"},"content":{"rendered":"\t\t<div data-elementor-type=\"wp-post\" data-elementor-id=\"21339\" class=\"elementor elementor-21339\" data-elementor-post-type=\"post\">\n\t\t\t\t\t\t<section class=\"elementor-section elementor-top-section elementor-element elementor-element-2db26cf elementor-section-boxed elementor-section-height-default elementor-section-height-default\" data-id=\"2db26cf\" data-element_type=\"section\">\n\t\t\t\t\t\t<div class=\"elementor-container elementor-column-gap-default\">\n\t\t\t\t\t<div class=\"elementor-column elementor-col-100 elementor-top-column elementor-element elementor-element-9c49295\" data-id=\"9c49295\" data-element_type=\"column\">\n\t\t\t<div class=\"elementor-widget-wrap elementor-element-populated\">\n\t\t\t\t\t\t<div class=\"elementor-element elementor-element-521b257 elementor-widget elementor-widget-heading\" data-id=\"521b257\" data-element_type=\"widget\" data-widget_type=\"heading.default\">\n\t\t\t\t<div class=\"elementor-widget-container\">\n\t\t\t\t\t<h2 class=\"elementor-heading-title elementor-size-default\">PCSC promove a\u00e7\u00e3o social com doa\u00e7\u00e3o de sangue no Hemosc da Capital em comemora\u00e7\u00e3o aos seus 212 anos<\/h2>\t\t\t\t<\/div>\n\t\t\t\t<\/div>\n\t\t\t\t\t<\/div>\n\t\t<\/div>\n\t\t\t\t\t<\/div>\n\t\t<\/section>\n\t\t\t\t<section class=\"elementor-section elementor-top-section elementor-element elementor-element-ffb8884 elementor-section-boxed elementor-section-height-default elementor-section-height-default\" data-id=\"ffb8884\" data-element_type=\"section\">\n\t\t\t\t\t\t<div class=\"elementor-container elementor-column-gap-default\">\n\t\t\t\t\t<div class=\"elementor-column elementor-col-100 elementor-top-column elementor-element elementor-element-4aa6dbd\" data-id=\"4aa6dbd\" data-element_type=\"column\">\n\t\t\t<div class=\"elementor-widget-wrap elementor-element-populated\">\n\t\t\t\t\t\t<div class=\"elementor-element elementor-element-69164ba elementor-widget elementor-widget-image\" data-id=\"69164ba\" data-element_type=\"widget\" data-widget_type=\"image.default\">\n\t\t\t\t<div class=\"elementor-widget-container\">\n\t\t\t\t\t\t\t\t\t\t\t\t\t\t\t<img fetchpriority=\"high\" decoding=\"async\" width=\"696\" height=\"774\" src=\"https:\/\/pc.sc.gov.br\/\/wp-content\/uploads\/2024\/06\/WhatsApp-Image-2024-06-26-at-17.19.47-1-fotor-20240626182132.jpg\" class=\"attachment-large size-large wp-image-21341\" alt=\"\" srcset=\"https:\/\/pc.sc.gov.br\/\/wp-content\/uploads\/2024\/06\/WhatsApp-Image-2024-06-26-at-17.19.47-1-fotor-20240626182132.jpg 720w, https:\/\/pc.sc.gov.br\/\/wp-content\/uploads\/2024\/06\/WhatsApp-Image-2024-06-26-at-17.19.47-1-fotor-20240626182132-270x300.jpg 270w\" sizes=\"(max-width: 696px) 100vw, 696px\" \/>\t\t\t\t\t\t\t\t\t\t\t\t\t\t\t<\/div>\n\t\t\t\t<\/div>\n\t\t\t\t\t<\/div>\n\t\t<\/div>\n\t\t\t\t\t<\/div>\n\t\t<\/section>\n\t\t\t\t<section class=\"elementor-section elementor-top-section elementor-element elementor-element-cec8a6e elementor-section-boxed elementor-section-height-default elementor-section-height-default\" data-id=\"cec8a6e\" data-element_type=\"section\">\n\t\t\t\t\t\t<div class=\"elementor-container elementor-column-gap-default\">\n\t\t\t\t\t<div class=\"elementor-column elementor-col-100 elementor-top-column elementor-element elementor-element-400aceb\" data-id=\"400aceb\" data-element_type=\"column\">\n\t\t\t<div class=\"elementor-widget-wrap elementor-element-populated\">\n\t\t\t\t\t\t<div class=\"elementor-element elementor-element-c02bc86 elementor-widget elementor-widget-text-editor\" data-id=\"c02bc86\" data-element_type=\"widget\" data-widget_type=\"text-editor.default\">\n\t\t\t\t<div class=\"elementor-widget-container\">\n\t\t\t\t\t\t\t\t\t<p>A Pol\u00edcia Civil de Santa Catarina fez nesta quarta-feira (26) mais uma a\u00e7\u00e3o social para marcar os 212 anos da institui\u00e7\u00e3o, que ser\u00e1 comemorado no dia 29 de julho. Uma equipe formada por 16 pessoas, entre policiais civis e funcion\u00e1rios terceirizados que atuam na Delegacia-Geral fez a doa\u00e7\u00e3o de sangue no Hemosc, da Capital.<\/p><p>Desde o in\u00edcio do ano, o Setor de Opera\u00e7\u00f5es (SEOPE) da Delegacia-Geral vem coordenando diversas a\u00e7\u00f5es comunit\u00e1rias como, por exemplo, campanha de arrecada\u00e7\u00e3o de alimentos que resultou na doa\u00e7\u00e3o de aproximadamente duas toneladas de produtos, encaminhados para institui\u00e7\u00f5es que atendem pessoas em situa\u00e7\u00e3o de vulnerabilidade, em todo o Estado.<\/p>\t\t\t\t\t\t\t\t<\/div>\n\t\t\t\t<\/div>\n\t\t\t\t\t<\/div>\n\t\t<\/div>\n\t\t\t\t\t<\/div>\n\t\t<\/section>\n\t\t\t\t<\/div>\n\t\t","protected":false},"excerpt":{"rendered":"<p>PCSC promove a\u00e7\u00e3o social com doa\u00e7\u00e3o de sangue no Hemosc da Capital em comemora\u00e7\u00e3o aos seus 212 anos A Pol\u00edcia Civil de Santa Catarina fez nesta quarta-feira (26) mais uma a\u00e7\u00e3o social para marcar os 212 anos da institui\u00e7\u00e3o, que ser\u00e1 comemorado no dia 29 de julho. Uma equipe formada por 16 pessoas, entre policiais [&hellip;]<\/p>\n","protected":false},"author":5,"featured_media":21340,"comment_status":"closed","ping_status":"open","sticky":false,"template":"","format":"standard","meta":{"_monsterinsights_skip_tracking":false,"_monsterinsights_sitenote_active":false,"_monsterinsights_sitenote_note":"","_monsterinsights_sitenote_category":0,"footnotes":""},"categories":[1],"tags":[],"class_list":["post-21339","post","type-post","status-publish","format-standard","has-post-thumbnail","hentry","category-sem-categoria"],"_links":{"self":[{"href":"https:\/\/pc.sc.gov.br\/index.php?rest_route=\/wp\/v2\/posts\/21339","targetHints":{"allow":["GET"]}}],"collection":[{"href":"https:\/\/pc.sc.gov.br\/index.php?rest_route=\/wp\/v2\/posts"}],"about":[{"href":"https:\/\/pc.sc.gov.br\/index.php?rest_route=\/wp\/v2\/types\/post"}],"author":[{"embeddable":true,"href":"https:\/\/pc.sc.gov.br\/index.php?rest_route=\/wp\/v2\/users\/5"}],"replies":[{"embeddable":true,"href":"https:\/\/pc.sc.gov.br\/index.php?rest_route=%2Fwp%2Fv2%2Fcomments&post=21339"}],"version-history":[{"count":3,"href":"https:\/\/pc.sc.gov.br\/index.php?rest_route=\/wp\/v2\/posts\/21339\/revisions"}],"predecessor-version":[{"id":21344,"href":"https:\/\/pc.sc.gov.br\/index.php?rest_route=\/wp\/v2\/posts\/21339\/revisions\/21344"}],"wp:featuredmedia":[{"embeddable":true,"href":"https:\/\/pc.sc.gov.br\/index.php?rest_route=\/wp\/v2\/media\/21340"}],"wp:attachment":[{"href":"https:\/\/pc.sc.gov.br\/index.php?rest_route=%2Fwp%2Fv2%2Fmedia&parent=21339"}],"wp:term":[{"taxonomy":"category","embeddable":true,"href":"https:\/\/pc.sc.gov.br\/index.php?rest_route=%2Fwp%2Fv2%2Fcategories&post=21339"},{"taxonomy":"post_tag","embeddable":true,"href":"https:\/\/pc.sc.gov.br\/index.php?rest_route=%2Fwp%2Fv2%2Ftags&post=21339"}],"curies":[{"name":"wp","href":"https:\/\/api.w.org\/{rel}","templated":true}]}}