{"id":21349,"date":"2024-06-26T18:45:04","date_gmt":"2024-06-26T21:45:04","guid":{"rendered":"https:\/\/pc.sc.gov.br\/?p=21349"},"modified":"2024-06-26T18:47:13","modified_gmt":"2024-06-26T21:47:13","slug":"delegado-cassiano-tiburski-assume-a-9a-delegacia-regional-de-policia-de-mafra","status":"publish","type":"post","link":"https:\/\/pc.sc.gov.br\/?p=21349","title":{"rendered":"Delegado Cassiano Tiburski assume a 9\u00aa Delegacia Regional de Pol\u00edcia de Mafra"},"content":{"rendered":"\t\t<div data-elementor-type=\"wp-post\" data-elementor-id=\"21349\" class=\"elementor elementor-21349\" data-elementor-post-type=\"post\">\n\t\t\t\t\t\t<section class=\"elementor-section elementor-top-section elementor-element elementor-element-22ec293 elementor-section-boxed elementor-section-height-default elementor-section-height-default\" data-id=\"22ec293\" data-element_type=\"section\">\n\t\t\t\t\t\t<div class=\"elementor-container elementor-column-gap-default\">\n\t\t\t\t\t<div class=\"elementor-column elementor-col-100 elementor-top-column elementor-element elementor-element-6ed0bef\" data-id=\"6ed0bef\" data-element_type=\"column\">\n\t\t\t<div class=\"elementor-widget-wrap elementor-element-populated\">\n\t\t\t\t\t\t<div class=\"elementor-element elementor-element-6d0b56b elementor-widget elementor-widget-heading\" data-id=\"6d0b56b\" data-element_type=\"widget\" data-widget_type=\"heading.default\">\n\t\t\t\t<div class=\"elementor-widget-container\">\n\t\t\t\t\t<h2 class=\"elementor-heading-title elementor-size-default\">Delegado Cassiano Tiburski assume a 9\u00aa Delegacia Regional de Pol\u00edcia de Mafra <\/h2>\t\t\t\t<\/div>\n\t\t\t\t<\/div>\n\t\t\t\t\t<\/div>\n\t\t<\/div>\n\t\t\t\t\t<\/div>\n\t\t<\/section>\n\t\t\t\t<section class=\"elementor-section elementor-top-section elementor-element elementor-element-38c0407 elementor-section-boxed elementor-section-height-default elementor-section-height-default\" data-id=\"38c0407\" data-element_type=\"section\">\n\t\t\t\t\t\t<div class=\"elementor-container elementor-column-gap-default\">\n\t\t\t\t\t<div class=\"elementor-column elementor-col-100 elementor-top-column elementor-element elementor-element-7631304\" data-id=\"7631304\" data-element_type=\"column\">\n\t\t\t<div class=\"elementor-widget-wrap elementor-element-populated\">\n\t\t\t\t\t\t<div class=\"elementor-element elementor-element-fe411a0 elementor-widget elementor-widget-image\" data-id=\"fe411a0\" data-element_type=\"widget\" data-widget_type=\"image.default\">\n\t\t\t\t<div class=\"elementor-widget-container\">\n\t\t\t\t\t\t\t\t\t\t\t\t\t\t\t<img fetchpriority=\"high\" decoding=\"async\" width=\"696\" height=\"655\" src=\"https:\/\/pc.sc.gov.br\/\/wp-content\/uploads\/2024\/06\/WhatsApp-Image-2024-06-26-at-18.41.46-1024x963.jpeg\" class=\"attachment-large size-large wp-image-21350\" alt=\"\" srcset=\"https:\/\/pc.sc.gov.br\/\/wp-content\/uploads\/2024\/06\/WhatsApp-Image-2024-06-26-at-18.41.46-1024x963.jpeg 1024w, https:\/\/pc.sc.gov.br\/\/wp-content\/uploads\/2024\/06\/WhatsApp-Image-2024-06-26-at-18.41.46-300x282.jpeg 300w, https:\/\/pc.sc.gov.br\/\/wp-content\/uploads\/2024\/06\/WhatsApp-Image-2024-06-26-at-18.41.46-768x722.jpeg 768w, https:\/\/pc.sc.gov.br\/\/wp-content\/uploads\/2024\/06\/WhatsApp-Image-2024-06-26-at-18.41.46.jpeg 1080w\" sizes=\"(max-width: 696px) 100vw, 696px\" \/>\t\t\t\t\t\t\t\t\t\t\t\t\t\t\t<\/div>\n\t\t\t\t<\/div>\n\t\t\t\t\t<\/div>\n\t\t<\/div>\n\t\t\t\t\t<\/div>\n\t\t<\/section>\n\t\t\t\t<section class=\"elementor-section elementor-top-section elementor-element elementor-element-ff73b64 elementor-section-boxed elementor-section-height-default elementor-section-height-default\" data-id=\"ff73b64\" data-element_type=\"section\">\n\t\t\t\t\t\t<div class=\"elementor-container elementor-column-gap-default\">\n\t\t\t\t\t<div class=\"elementor-column elementor-col-100 elementor-top-column elementor-element elementor-element-133bd59\" data-id=\"133bd59\" data-element_type=\"column\">\n\t\t\t<div class=\"elementor-widget-wrap elementor-element-populated\">\n\t\t\t\t\t\t<div class=\"elementor-element elementor-element-4d6aafc elementor-widget elementor-widget-text-editor\" data-id=\"4d6aafc\" data-element_type=\"widget\" data-widget_type=\"text-editor.default\">\n\t\t\t\t<div class=\"elementor-widget-container\">\n\t\t\t\t\t\t\t\t\t<p>Nesta quarta-feira (26), o delegado-geral da Pol\u00edcia Civil de Santa Catarina (PCSC), Ulisses Gabriel, deu posse ao novo Delegado Regional de Mafra (9\u00aaDRP), Cassiano Tiburski. O ato foi realizado no Audit\u00f3rio da Universidade do Contestado (UNC\/campus Mafra. A solenidade contou com a presen\u00e7a do Diretor de Pol\u00edcia do Interior (DPOI\/PCSC), delegado Ant\u00f4nio Lucas Ferreira Pinto, entre outras autoridades locais.<\/p><p>Em sua fala, o delegado-geral Ulisses Gabriel destacou que a Pol\u00edcia Civil de Santa Catarina vem batendo recorde de produtividade. \u201cEm 2024 foram realizadas 3.018 pris\u00f5es por mandados e 3.767 mandados de buscas cumpridos na casa de suspeitos\u201d, assinalou. Ulisses Gabriel disse ainda que a Pol\u00edcia Civil, integrada \u00e0s demais for\u00e7as de seguran\u00e7a, est\u00e1 empenhada em melhorar, cada vez mais a seguran\u00e7a p\u00fablica de todos os catarinenses.<\/p><p>O delegado Cassiano Tiburski refor\u00e7ou seu compromisso com a regi\u00e3o de abrang\u00eancia da 9\u00aa DRP de Mafra, que compreende os munic\u00edpios de Mafra, Itai\u00f3polis, Monte Castelo e Papanduva.<\/p><p>Nascido em Rio Negro (PR), delegado Cassiano Tiburski \u00e9 Graduado em Direito pela Universidade do Contestado &#8211; campus de Mafra, p\u00f3s-graduado em Direito Penal e Processual, em Investiga\u00e7\u00e3o Forense e Per\u00edcia Criminal e p\u00f3s-graduando em An\u00e1lise de Dados. O delegado Cassiano entrou para a Pol\u00edcia Civil de Santa Catarina em 2016, sempre atuando como delegado no Planalto Norte e Meio Oeste do estado.\u00a0<\/p><p>Ao longo de sua carreira atuou como titular das Delegacias de Prote\u00e7\u00e3o \u00e0 Crian\u00e7a, ao Adolescente, \u00e0 Mulher e ao Idoso das cidades de S\u00e3o Bento do Sul, Mafra e ca\u00e7ador. Tamb\u00e9m atuou nas delegacias de comarca de Lebon R\u00e9gis, Santa Cec\u00edlia e Itai\u00f3polis. Nos \u00faltimos dois anos esteve \u00e0 frente da Divis\u00e3o de Investiga\u00e7\u00e3o Criminal \u2013 DIC de Mafra, cuja unidade \u00e9 respons\u00e1vel pela apura\u00e7\u00e3o dos crimes mais complexos.\u00a0<\/p><p>Importante destacar que nestes dois anos de DIC, o delegado Cassiano obteve, junto ao poder judici\u00e1rio, cerca de 90 decis\u00f5es favor\u00e1veis de decreta\u00e7\u00e3o de pris\u00f5es cautelares de criminosos investigados, n\u00famero recorde na unidade.\u00a0<\/p>\t\t\t\t\t\t\t\t<\/div>\n\t\t\t\t<\/div>\n\t\t\t\t\t<\/div>\n\t\t<\/div>\n\t\t\t\t\t<\/div>\n\t\t<\/section>\n\t\t\t\t<\/div>\n\t\t","protected":false},"excerpt":{"rendered":"<p>Delegado Cassiano Tiburski assume a 9\u00aa Delegacia Regional de Pol\u00edcia de Mafra Nesta quarta-feira (26), o delegado-geral da Pol\u00edcia Civil de Santa Catarina (PCSC), Ulisses Gabriel, deu posse ao novo Delegado Regional de Mafra (9\u00aaDRP), Cassiano Tiburski. O ato foi realizado no Audit\u00f3rio da Universidade do Contestado (UNC\/campus Mafra. A solenidade contou com a presen\u00e7a [&hellip;]<\/p>\n","protected":false},"author":5,"featured_media":21350,"comment_status":"closed","ping_status":"open","sticky":false,"template":"","format":"standard","meta":{"_monsterinsights_skip_tracking":false,"_monsterinsights_sitenote_active":false,"_monsterinsights_sitenote_note":"","_monsterinsights_sitenote_category":0,"footnotes":""},"categories":[1],"tags":[],"class_list":["post-21349","post","type-post","status-publish","format-standard","has-post-thumbnail","hentry","category-sem-categoria"],"_links":{"self":[{"href":"https:\/\/pc.sc.gov.br\/index.php?rest_route=\/wp\/v2\/posts\/21349","targetHints":{"allow":["GET"]}}],"collection":[{"href":"https:\/\/pc.sc.gov.br\/index.php?rest_route=\/wp\/v2\/posts"}],"about":[{"href":"https:\/\/pc.sc.gov.br\/index.php?rest_route=\/wp\/v2\/types\/post"}],"author":[{"embeddable":true,"href":"https:\/\/pc.sc.gov.br\/index.php?rest_route=\/wp\/v2\/users\/5"}],"replies":[{"embeddable":true,"href":"https:\/\/pc.sc.gov.br\/index.php?rest_route=%2Fwp%2Fv2%2Fcomments&post=21349"}],"version-history":[{"count":3,"href":"https:\/\/pc.sc.gov.br\/index.php?rest_route=\/wp\/v2\/posts\/21349\/revisions"}],"predecessor-version":[{"id":21353,"href":"https:\/\/pc.sc.gov.br\/index.php?rest_route=\/wp\/v2\/posts\/21349\/revisions\/21353"}],"wp:featuredmedia":[{"embeddable":true,"href":"https:\/\/pc.sc.gov.br\/index.php?rest_route=\/wp\/v2\/media\/21350"}],"wp:attachment":[{"href":"https:\/\/pc.sc.gov.br\/index.php?rest_route=%2Fwp%2Fv2%2Fmedia&parent=21349"}],"wp:term":[{"taxonomy":"category","embeddable":true,"href":"https:\/\/pc.sc.gov.br\/index.php?rest_route=%2Fwp%2Fv2%2Fcategories&post=21349"},{"taxonomy":"post_tag","embeddable":true,"href":"https:\/\/pc.sc.gov.br\/index.php?rest_route=%2Fwp%2Fv2%2Ftags&post=21349"}],"curies":[{"name":"wp","href":"https:\/\/api.w.org\/{rel}","templated":true}]}}