{"id":21361,"date":"2024-06-27T14:33:18","date_gmt":"2024-06-27T17:33:18","guid":{"rendered":"https:\/\/pc.sc.gov.br\/?p=21361"},"modified":"2024-06-27T14:36:36","modified_gmt":"2024-06-27T17:36:36","slug":"delegada-sirlei-gutoski-assume-a-delegacia-regional-de-policia-de-canoinhas","status":"publish","type":"post","link":"https:\/\/pc.sc.gov.br\/?p=21361","title":{"rendered":"Delegada Sirlei Gutoski assume a Delegacia Regional de Pol\u00edcia de Canoinhas"},"content":{"rendered":"\t\t<div data-elementor-type=\"wp-post\" data-elementor-id=\"21361\" class=\"elementor elementor-21361\" data-elementor-post-type=\"post\">\n\t\t\t\t\t\t<section class=\"elementor-section elementor-top-section elementor-element elementor-element-d480e93 elementor-section-boxed elementor-section-height-default elementor-section-height-default\" data-id=\"d480e93\" data-element_type=\"section\">\n\t\t\t\t\t\t<div class=\"elementor-container elementor-column-gap-default\">\n\t\t\t\t\t<div class=\"elementor-column elementor-col-100 elementor-top-column elementor-element elementor-element-69a487c\" data-id=\"69a487c\" data-element_type=\"column\">\n\t\t\t<div class=\"elementor-widget-wrap elementor-element-populated\">\n\t\t\t\t\t\t<div class=\"elementor-element elementor-element-e7c56f3 elementor-widget elementor-widget-heading\" data-id=\"e7c56f3\" data-element_type=\"widget\" data-widget_type=\"heading.default\">\n\t\t\t\t<div class=\"elementor-widget-container\">\n\t\t\t\t\t<h2 class=\"elementor-heading-title elementor-size-default\">Delegada Sirlei Gutoski assume a Delegacia Regional de Pol\u00edcia de Canoinhas<\/h2>\t\t\t\t<\/div>\n\t\t\t\t<\/div>\n\t\t\t\t\t<\/div>\n\t\t<\/div>\n\t\t\t\t\t<\/div>\n\t\t<\/section>\n\t\t\t\t<section class=\"elementor-section elementor-top-section elementor-element elementor-element-52f1b68 elementor-section-boxed elementor-section-height-default elementor-section-height-default\" data-id=\"52f1b68\" data-element_type=\"section\">\n\t\t\t\t\t\t<div class=\"elementor-container elementor-column-gap-default\">\n\t\t\t\t\t<div class=\"elementor-column elementor-col-100 elementor-top-column elementor-element elementor-element-c43f78c\" data-id=\"c43f78c\" data-element_type=\"column\">\n\t\t\t<div class=\"elementor-widget-wrap elementor-element-populated\">\n\t\t\t\t\t\t<div class=\"elementor-element elementor-element-ef6b465 elementor-widget elementor-widget-image\" data-id=\"ef6b465\" data-element_type=\"widget\" data-widget_type=\"image.default\">\n\t\t\t\t<div class=\"elementor-widget-container\">\n\t\t\t\t\t\t\t\t\t\t\t\t\t\t\t<img fetchpriority=\"high\" decoding=\"async\" width=\"696\" height=\"688\" src=\"https:\/\/pc.sc.gov.br\/\/wp-content\/uploads\/2024\/06\/WhatsApp-Image-2024-06-27-at-14.27.12-1024x1012.jpeg\" class=\"attachment-large size-large wp-image-21362\" alt=\"\" srcset=\"https:\/\/pc.sc.gov.br\/\/wp-content\/uploads\/2024\/06\/WhatsApp-Image-2024-06-27-at-14.27.12-1024x1012.jpeg 1024w, https:\/\/pc.sc.gov.br\/\/wp-content\/uploads\/2024\/06\/WhatsApp-Image-2024-06-27-at-14.27.12-300x296.jpeg 300w, https:\/\/pc.sc.gov.br\/\/wp-content\/uploads\/2024\/06\/WhatsApp-Image-2024-06-27-at-14.27.12-768x759.jpeg 768w, https:\/\/pc.sc.gov.br\/\/wp-content\/uploads\/2024\/06\/WhatsApp-Image-2024-06-27-at-14.27.12.jpeg 1080w\" sizes=\"(max-width: 696px) 100vw, 696px\" \/>\t\t\t\t\t\t\t\t\t\t\t\t\t\t\t<\/div>\n\t\t\t\t<\/div>\n\t\t\t\t\t<\/div>\n\t\t<\/div>\n\t\t\t\t\t<\/div>\n\t\t<\/section>\n\t\t\t\t<section class=\"elementor-section elementor-top-section elementor-element elementor-element-195a7e8 elementor-section-boxed elementor-section-height-default elementor-section-height-default\" data-id=\"195a7e8\" data-element_type=\"section\">\n\t\t\t\t\t\t<div class=\"elementor-container elementor-column-gap-default\">\n\t\t\t\t\t<div class=\"elementor-column elementor-col-100 elementor-top-column elementor-element elementor-element-ffca1b7\" data-id=\"ffca1b7\" data-element_type=\"column\">\n\t\t\t<div class=\"elementor-widget-wrap elementor-element-populated\">\n\t\t\t\t\t\t<div class=\"elementor-element elementor-element-94f7c64 elementor-widget elementor-widget-text-editor\" data-id=\"94f7c64\" data-element_type=\"widget\" data-widget_type=\"text-editor.default\">\n\t\t\t\t<div class=\"elementor-widget-container\">\n\t\t\t\t\t\t\t\t\t<p>Nesta quinta-feira (27), o delegado-geral da Pol\u00edcia Civil de Santa Catarina (PCSC), Ulisses Gabriel, deu posse \u00e0 nova Delegada Regional de Canoinhas (22\u00aa DRP), Sirlei Gutoski. O ato foi realizado no Audit\u00f3rio do Sicoob, em Canoinhas.<\/p>\n<p>Em sua manifesta\u00e7\u00e3o, o delegado-geral da PCSC destacou que os bons resultados da Pol\u00edcia Civil se devem ao empenho dos policiais civis, aos investimentos do governado do estado e a atua\u00e7\u00e3o estrat\u00e9gica da institui\u00e7\u00e3o, em neste ano comemora 212 anos de atividades em Santa Catarina.<\/p>\n<p>Natural de Porto Uni\u00e3o, a delegada Sirlei Gutoski j\u00e1 trabalhou em Canoinhas no come\u00e7o dos anos 2000. Passou pelas comarcas de Ca\u00e7ador e de Jaragu\u00e1 do Sul, onde estava antes de aceitar o convite para voltar para Canoinhas.<\/p>\t\t\t\t\t\t\t\t<\/div>\n\t\t\t\t<\/div>\n\t\t\t\t\t<\/div>\n\t\t<\/div>\n\t\t\t\t\t<\/div>\n\t\t<\/section>\n\t\t\t\t<\/div>\n\t\t","protected":false},"excerpt":{"rendered":"<p>Delegada Sirlei Gutoski assume a Delegacia Regional de Pol\u00edcia de Canoinhas Nesta quinta-feira (27), o delegado-geral da Pol\u00edcia Civil de Santa Catarina (PCSC), Ulisses Gabriel, deu posse \u00e0 nova Delegada Regional de Canoinhas (22\u00aa DRP), Sirlei Gutoski. O ato foi realizado no Audit\u00f3rio do Sicoob, em Canoinhas. Em sua manifesta\u00e7\u00e3o, o delegado-geral da PCSC destacou [&hellip;]<\/p>\n","protected":false},"author":5,"featured_media":21368,"comment_status":"closed","ping_status":"open","sticky":false,"template":"","format":"standard","meta":{"_monsterinsights_skip_tracking":false,"_monsterinsights_sitenote_active":false,"_monsterinsights_sitenote_note":"","_monsterinsights_sitenote_category":0,"footnotes":""},"categories":[1],"tags":[],"class_list":["post-21361","post","type-post","status-publish","format-standard","has-post-thumbnail","hentry","category-sem-categoria"],"_links":{"self":[{"href":"https:\/\/pc.sc.gov.br\/index.php?rest_route=\/wp\/v2\/posts\/21361","targetHints":{"allow":["GET"]}}],"collection":[{"href":"https:\/\/pc.sc.gov.br\/index.php?rest_route=\/wp\/v2\/posts"}],"about":[{"href":"https:\/\/pc.sc.gov.br\/index.php?rest_route=\/wp\/v2\/types\/post"}],"author":[{"embeddable":true,"href":"https:\/\/pc.sc.gov.br\/index.php?rest_route=\/wp\/v2\/users\/5"}],"replies":[{"embeddable":true,"href":"https:\/\/pc.sc.gov.br\/index.php?rest_route=%2Fwp%2Fv2%2Fcomments&post=21361"}],"version-history":[{"count":4,"href":"https:\/\/pc.sc.gov.br\/index.php?rest_route=\/wp\/v2\/posts\/21361\/revisions"}],"predecessor-version":[{"id":21366,"href":"https:\/\/pc.sc.gov.br\/index.php?rest_route=\/wp\/v2\/posts\/21361\/revisions\/21366"}],"wp:featuredmedia":[{"embeddable":true,"href":"https:\/\/pc.sc.gov.br\/index.php?rest_route=\/wp\/v2\/media\/21368"}],"wp:attachment":[{"href":"https:\/\/pc.sc.gov.br\/index.php?rest_route=%2Fwp%2Fv2%2Fmedia&parent=21361"}],"wp:term":[{"taxonomy":"category","embeddable":true,"href":"https:\/\/pc.sc.gov.br\/index.php?rest_route=%2Fwp%2Fv2%2Fcategories&post=21361"},{"taxonomy":"post_tag","embeddable":true,"href":"https:\/\/pc.sc.gov.br\/index.php?rest_route=%2Fwp%2Fv2%2Ftags&post=21361"}],"curies":[{"name":"wp","href":"https:\/\/api.w.org\/{rel}","templated":true}]}}