{"id":21369,"date":"2024-06-27T15:06:20","date_gmt":"2024-06-27T18:06:20","guid":{"rendered":"https:\/\/pc.sc.gov.br\/?p=21369"},"modified":"2024-06-27T15:07:04","modified_gmt":"2024-06-27T18:07:04","slug":"policia-civil-cumpre-ordem-judicial-que-determinou-retorno-a-prisao-de-investigado-preso-na-operacao-terra-nostra","status":"publish","type":"post","link":"https:\/\/pc.sc.gov.br\/?p=21369","title":{"rendered":"Pol\u00edcia Civil cumpre ordem judicial que determinou retorno \u00e0 pris\u00e3o de investigado preso na opera\u00e7\u00e3o \u201cTerra Nostra\u201d"},"content":{"rendered":"\t\t<div data-elementor-type=\"wp-post\" data-elementor-id=\"21369\" class=\"elementor elementor-21369\" data-elementor-post-type=\"post\">\n\t\t\t\t\t\t<section class=\"elementor-section elementor-top-section elementor-element elementor-element-04c5090 elementor-section-boxed elementor-section-height-default elementor-section-height-default\" data-id=\"04c5090\" data-element_type=\"section\">\n\t\t\t\t\t\t<div class=\"elementor-container elementor-column-gap-default\">\n\t\t\t\t\t<div class=\"elementor-column elementor-col-100 elementor-top-column elementor-element elementor-element-5bf9324\" data-id=\"5bf9324\" data-element_type=\"column\">\n\t\t\t<div class=\"elementor-widget-wrap elementor-element-populated\">\n\t\t\t\t\t\t<div class=\"elementor-element elementor-element-5299660 elementor-widget elementor-widget-heading\" data-id=\"5299660\" data-element_type=\"widget\" data-widget_type=\"heading.default\">\n\t\t\t\t<div class=\"elementor-widget-container\">\n\t\t\t\t\t<h2 class=\"elementor-heading-title elementor-size-default\">Pol\u00edcia Civil cumpre ordem judicial que determinou retorno \u00e0 pris\u00e3o de investigado preso na opera\u00e7\u00e3o \u201cTerra Nostra\u201d <\/h2>\t\t\t\t<\/div>\n\t\t\t\t<\/div>\n\t\t\t\t\t<\/div>\n\t\t<\/div>\n\t\t\t\t\t<\/div>\n\t\t<\/section>\n\t\t\t\t<section class=\"elementor-section elementor-top-section elementor-element elementor-element-3efddea elementor-section-boxed elementor-section-height-default elementor-section-height-default\" data-id=\"3efddea\" data-element_type=\"section\">\n\t\t\t\t\t\t<div class=\"elementor-container elementor-column-gap-default\">\n\t\t\t\t\t<div class=\"elementor-column elementor-col-100 elementor-top-column elementor-element elementor-element-9f22873\" data-id=\"9f22873\" data-element_type=\"column\">\n\t\t\t<div class=\"elementor-widget-wrap elementor-element-populated\">\n\t\t\t\t\t\t<div class=\"elementor-element elementor-element-d2e145a elementor-widget elementor-widget-image\" data-id=\"d2e145a\" data-element_type=\"widget\" data-widget_type=\"image.default\">\n\t\t\t\t<div class=\"elementor-widget-container\">\n\t\t\t\t\t\t\t\t\t\t\t\t\t\t\t<img fetchpriority=\"high\" decoding=\"async\" width=\"696\" height=\"487\" src=\"https:\/\/pc.sc.gov.br\/\/wp-content\/uploads\/2024\/06\/WhatsApp-Image-2024-06-27-at-13.50.24-1024x716.jpeg\" class=\"attachment-large size-large wp-image-21370\" alt=\"\" srcset=\"https:\/\/pc.sc.gov.br\/\/wp-content\/uploads\/2024\/06\/WhatsApp-Image-2024-06-27-at-13.50.24-1024x716.jpeg 1024w, https:\/\/pc.sc.gov.br\/\/wp-content\/uploads\/2024\/06\/WhatsApp-Image-2024-06-27-at-13.50.24-300x210.jpeg 300w, https:\/\/pc.sc.gov.br\/\/wp-content\/uploads\/2024\/06\/WhatsApp-Image-2024-06-27-at-13.50.24-768x537.jpeg 768w, https:\/\/pc.sc.gov.br\/\/wp-content\/uploads\/2024\/06\/WhatsApp-Image-2024-06-27-at-13.50.24.jpeg 1290w\" sizes=\"(max-width: 696px) 100vw, 696px\" \/>\t\t\t\t\t\t\t\t\t\t\t\t\t\t\t<\/div>\n\t\t\t\t<\/div>\n\t\t\t\t\t<\/div>\n\t\t<\/div>\n\t\t\t\t\t<\/div>\n\t\t<\/section>\n\t\t\t\t<section class=\"elementor-section elementor-top-section elementor-element elementor-element-e2317fe elementor-section-boxed elementor-section-height-default elementor-section-height-default\" data-id=\"e2317fe\" data-element_type=\"section\">\n\t\t\t\t\t\t<div class=\"elementor-container elementor-column-gap-default\">\n\t\t\t\t\t<div class=\"elementor-column elementor-col-100 elementor-top-column elementor-element elementor-element-513526e\" data-id=\"513526e\" data-element_type=\"column\">\n\t\t\t<div class=\"elementor-widget-wrap elementor-element-populated\">\n\t\t\t\t\t\t<div class=\"elementor-element elementor-element-2da4e84 elementor-widget elementor-widget-text-editor\" data-id=\"2da4e84\" data-element_type=\"widget\" data-widget_type=\"text-editor.default\">\n\t\t\t\t<div class=\"elementor-widget-container\">\n\t\t\t\t\t\t\t\t\t<p>Ap\u00f3s mais de um m\u00eas preso em decorr\u00eancia da opera\u00e7\u00e3o \u201cTerra Nostra\u201d deflagrada pela Pol\u00edcia Civil de Santa Catarina, por meio da 2\u00aa Delegacia de Combate \u00e0 Corrup\u00e7\u00e3o (2\u00ba DECOR), um dos investigados que estava preso foi posto em liberdade pelo Poder Judici\u00e1rio, em decorr\u00eancia de decis\u00e3o monocr\u00e1tica.<\/p><p>Em raz\u00e3o disto, o Minist\u00e9rio P\u00fablico de Santa Catarina agravou da decis\u00e3o e, no dia de hoje (27\/06), a 5\u00aa C\u00e2mara Criminal do Tribunal de Justi\u00e7a de Santa Catarina decretou o retorno do r\u00e9u \u00e0 pris\u00e3o e, por isto, a Pol\u00edcia Civil de Santa Catarina, por meio da 2\u00ba DECOR, cumpriu, imediatamente, a ordem judicial.<\/p><p>.<\/p>\t\t\t\t\t\t\t\t<\/div>\n\t\t\t\t<\/div>\n\t\t\t\t\t<\/div>\n\t\t<\/div>\n\t\t\t\t\t<\/div>\n\t\t<\/section>\n\t\t\t\t<\/div>\n\t\t","protected":false},"excerpt":{"rendered":"<p>Pol\u00edcia Civil cumpre ordem judicial que determinou retorno \u00e0 pris\u00e3o de investigado preso na opera\u00e7\u00e3o \u201cTerra Nostra\u201d Ap\u00f3s mais de um m\u00eas preso em decorr\u00eancia da opera\u00e7\u00e3o \u201cTerra Nostra\u201d deflagrada pela Pol\u00edcia Civil de Santa Catarina, por meio da 2\u00aa Delegacia de Combate \u00e0 Corrup\u00e7\u00e3o (2\u00ba DECOR), um dos investigados que estava preso foi posto [&hellip;]<\/p>\n","protected":false},"author":5,"featured_media":21370,"comment_status":"closed","ping_status":"open","sticky":false,"template":"","format":"standard","meta":{"_monsterinsights_skip_tracking":false,"_monsterinsights_sitenote_active":false,"_monsterinsights_sitenote_note":"","_monsterinsights_sitenote_category":0,"footnotes":""},"categories":[1],"tags":[],"class_list":["post-21369","post","type-post","status-publish","format-standard","has-post-thumbnail","hentry","category-sem-categoria"],"_links":{"self":[{"href":"https:\/\/pc.sc.gov.br\/index.php?rest_route=\/wp\/v2\/posts\/21369","targetHints":{"allow":["GET"]}}],"collection":[{"href":"https:\/\/pc.sc.gov.br\/index.php?rest_route=\/wp\/v2\/posts"}],"about":[{"href":"https:\/\/pc.sc.gov.br\/index.php?rest_route=\/wp\/v2\/types\/post"}],"author":[{"embeddable":true,"href":"https:\/\/pc.sc.gov.br\/index.php?rest_route=\/wp\/v2\/users\/5"}],"replies":[{"embeddable":true,"href":"https:\/\/pc.sc.gov.br\/index.php?rest_route=%2Fwp%2Fv2%2Fcomments&post=21369"}],"version-history":[{"count":4,"href":"https:\/\/pc.sc.gov.br\/index.php?rest_route=\/wp\/v2\/posts\/21369\/revisions"}],"predecessor-version":[{"id":21374,"href":"https:\/\/pc.sc.gov.br\/index.php?rest_route=\/wp\/v2\/posts\/21369\/revisions\/21374"}],"wp:featuredmedia":[{"embeddable":true,"href":"https:\/\/pc.sc.gov.br\/index.php?rest_route=\/wp\/v2\/media\/21370"}],"wp:attachment":[{"href":"https:\/\/pc.sc.gov.br\/index.php?rest_route=%2Fwp%2Fv2%2Fmedia&parent=21369"}],"wp:term":[{"taxonomy":"category","embeddable":true,"href":"https:\/\/pc.sc.gov.br\/index.php?rest_route=%2Fwp%2Fv2%2Fcategories&post=21369"},{"taxonomy":"post_tag","embeddable":true,"href":"https:\/\/pc.sc.gov.br\/index.php?rest_route=%2Fwp%2Fv2%2Ftags&post=21369"}],"curies":[{"name":"wp","href":"https:\/\/api.w.org\/{rel}","templated":true}]}}