{"id":2138,"date":"2022-12-09T11:59:00","date_gmt":"2022-12-09T14:59:00","guid":{"rendered":"https:\/\/pc.sc.gov.br\/?p=2138"},"modified":"2022-12-14T12:01:03","modified_gmt":"2022-12-14T15:01:03","slug":"policia-civil-prende-cinco-pessoas-em-operacao-para-combate-ao-trafico-de-drogas-em-alfredo-wagner","status":"publish","type":"post","link":"https:\/\/pc.sc.gov.br\/?p=2138","title":{"rendered":"Pol\u00edcia Civil prende cinco pessoas em opera\u00e7\u00e3o para combate ao tr\u00e1fico de drogas em Alfredo Wagner"},"content":{"rendered":"\t\t<div data-elementor-type=\"wp-post\" data-elementor-id=\"2138\" class=\"elementor elementor-2138\" data-elementor-post-type=\"post\">\n\t\t\t\t\t\t<section class=\"elementor-section elementor-top-section elementor-element elementor-element-218e851 elementor-section-boxed elementor-section-height-default elementor-section-height-default\" data-id=\"218e851\" data-element_type=\"section\">\n\t\t\t\t\t\t<div class=\"elementor-container elementor-column-gap-default\">\n\t\t\t\t\t<div class=\"elementor-column elementor-col-100 elementor-top-column elementor-element elementor-element-c12f0dc\" data-id=\"c12f0dc\" data-element_type=\"column\">\n\t\t\t<div class=\"elementor-widget-wrap elementor-element-populated\">\n\t\t\t\t\t\t<div class=\"elementor-element elementor-element-3b0641d elementor-widget elementor-widget-heading\" data-id=\"3b0641d\" data-element_type=\"widget\" data-widget_type=\"heading.default\">\n\t\t\t\t<div class=\"elementor-widget-container\">\n\t\t\t\t\t<h2 class=\"elementor-heading-title elementor-size-default\">Pol\u00edcia Civil prende cinco pessoas em opera\u00e7\u00e3o para combate ao tr\u00e1fico de drogas em Alfredo Wagner<\/h2>\t\t\t\t<\/div>\n\t\t\t\t<\/div>\n\t\t\t\t\t<\/div>\n\t\t<\/div>\n\t\t\t\t\t<\/div>\n\t\t<\/section>\n\t\t\t\t<section class=\"elementor-section elementor-top-section elementor-element elementor-element-02d72c1 elementor-section-boxed elementor-section-height-default elementor-section-height-default\" data-id=\"02d72c1\" data-element_type=\"section\">\n\t\t\t\t\t\t<div class=\"elementor-container elementor-column-gap-default\">\n\t\t\t\t\t<div class=\"elementor-column elementor-col-100 elementor-top-column elementor-element elementor-element-2154b7b\" data-id=\"2154b7b\" data-element_type=\"column\">\n\t\t\t<div class=\"elementor-widget-wrap elementor-element-populated\">\n\t\t\t\t\t\t<div class=\"elementor-element elementor-element-f4f16f1 elementor-widget elementor-widget-image\" data-id=\"f4f16f1\" data-element_type=\"widget\" data-widget_type=\"image.default\">\n\t\t\t\t<div class=\"elementor-widget-container\">\n\t\t\t\t\t\t\t\t\t\t\t\t\t\t\t<img fetchpriority=\"high\" decoding=\"async\" width=\"696\" height=\"406\" src=\"https:\/\/pc.sc.gov.br\/\/wp-content\/uploads\/2022\/12\/02-3.jpg\" class=\"attachment-large size-large wp-image-2131\" alt=\"\" srcset=\"https:\/\/pc.sc.gov.br\/\/wp-content\/uploads\/2022\/12\/02-3.jpg 863w, https:\/\/pc.sc.gov.br\/\/wp-content\/uploads\/2022\/12\/02-3-300x175.jpg 300w, https:\/\/pc.sc.gov.br\/\/wp-content\/uploads\/2022\/12\/02-3-768x448.jpg 768w\" sizes=\"(max-width: 696px) 100vw, 696px\" \/>\t\t\t\t\t\t\t\t\t\t\t\t\t\t\t<\/div>\n\t\t\t\t<\/div>\n\t\t\t\t<div class=\"elementor-element elementor-element-1ceb09d elementor-widget elementor-widget-text-editor\" data-id=\"1ceb09d\" data-element_type=\"widget\" data-widget_type=\"text-editor.default\">\n\t\t\t\t<div class=\"elementor-widget-container\">\n\t\t\t\t\t\t\t\t\t<p>Nesta sexta-feira (9), a Pol\u00edcia Civil de Santa Catarina, por meio da Delegacia de Pol\u00edcia da Comarca de Alfredo Wagner, deflagrou uma opera\u00e7\u00e3o visando desarticular uma associa\u00e7\u00e3o criminosa que atua no tr\u00e1fico de drogas na regi\u00e3o de Alfredo Wagner, com ramifica\u00e7\u00f5es em Bom Retiro e parte da Grande Florian\u00f3polis. A a\u00e7\u00e3o contou com apoio da Divis\u00e3o de Investiga\u00e7\u00e3o Criminal de Lages, do N\u00facleo de Opera\u00e7\u00f5es com C\u00e3es de Lages e da Delegacia de Pol\u00edcia da Comarca de Bom Retiro.<\/p><p>Depois de diversas a\u00e7\u00f5es da Pol\u00edcia Civil, foram identificados indiv\u00edduos que estavam praticando tr\u00e1fico de drogas na regi\u00e3o. Foi representada pela expedi\u00e7\u00e3o de mandados de busca e apreens\u00e3o, sendo deferido o pedido pelo Poder Judici\u00e1rio.<\/p><p>Durante a opera\u00e7\u00e3o, cinco pessoas foram presas, sendo aprendidas drogas, armas e muni\u00e7\u00f5es. Uma das armas, uma espingarda cal. 22LR, estava preparada com uma mira telesc\u00f3pica e um supressor de ru\u00eddo.<\/p><p>Al\u00e9m disso, tr\u00eas dos presos foram surpreendidos logo depois de terem praticado abigeato (furto de gado). O animal j\u00e1 havia sido abatido e estavam sendo separadas as pe\u00e7as de carne para serem revendidas no mercado ilegal. A v\u00edtima do abigeato foi identificada e acionada a CIDASC para prestar apoio.<\/p><p>Os indiv\u00edduos foram conduzidos para Delegacia de Pol\u00edcia de Alfredo Wagner, onde foram presos em flagrante por tr\u00e1fico de drogas, associa\u00e7\u00e3o para o tr\u00e1fico e furto de gado. Dois deles tamb\u00e9m foram autuados por uso de drogas. Em seguida, foram encaminhados para o Sistema Penitenci\u00e1rio, onde ficar\u00e3o \u00e0 disposi\u00e7\u00e3o da Justi\u00e7a.<\/p>\t\t\t\t\t\t\t\t<\/div>\n\t\t\t\t<\/div>\n\t\t\t\t\t<\/div>\n\t\t<\/div>\n\t\t\t\t\t<\/div>\n\t\t<\/section>\n\t\t\t\t<\/div>\n\t\t","protected":false},"excerpt":{"rendered":"<p>Pol\u00edcia Civil prende cinco pessoas em opera\u00e7\u00e3o para combate ao tr\u00e1fico de drogas em Alfredo Wagner Nesta sexta-feira (9), a Pol\u00edcia Civil de Santa Catarina, por meio da Delegacia de Pol\u00edcia da Comarca de Alfredo Wagner, deflagrou uma opera\u00e7\u00e3o visando desarticular uma associa\u00e7\u00e3o criminosa que atua no tr\u00e1fico de drogas na regi\u00e3o de Alfredo Wagner, [&hellip;]<\/p>\n","protected":false},"author":2,"featured_media":2131,"comment_status":"closed","ping_status":"open","sticky":false,"template":"elementor_header_footer","format":"standard","meta":{"_monsterinsights_skip_tracking":false,"_monsterinsights_sitenote_active":false,"_monsterinsights_sitenote_note":"","_monsterinsights_sitenote_category":0,"footnotes":""},"categories":[1],"tags":[],"class_list":["post-2138","post","type-post","status-publish","format-standard","has-post-thumbnail","hentry","category-sem-categoria"],"_links":{"self":[{"href":"https:\/\/pc.sc.gov.br\/index.php?rest_route=\/wp\/v2\/posts\/2138","targetHints":{"allow":["GET"]}}],"collection":[{"href":"https:\/\/pc.sc.gov.br\/index.php?rest_route=\/wp\/v2\/posts"}],"about":[{"href":"https:\/\/pc.sc.gov.br\/index.php?rest_route=\/wp\/v2\/types\/post"}],"author":[{"embeddable":true,"href":"https:\/\/pc.sc.gov.br\/index.php?rest_route=\/wp\/v2\/users\/2"}],"replies":[{"embeddable":true,"href":"https:\/\/pc.sc.gov.br\/index.php?rest_route=%2Fwp%2Fv2%2Fcomments&post=2138"}],"version-history":[{"count":7,"href":"https:\/\/pc.sc.gov.br\/index.php?rest_route=\/wp\/v2\/posts\/2138\/revisions"}],"predecessor-version":[{"id":2145,"href":"https:\/\/pc.sc.gov.br\/index.php?rest_route=\/wp\/v2\/posts\/2138\/revisions\/2145"}],"wp:featuredmedia":[{"embeddable":true,"href":"https:\/\/pc.sc.gov.br\/index.php?rest_route=\/wp\/v2\/media\/2131"}],"wp:attachment":[{"href":"https:\/\/pc.sc.gov.br\/index.php?rest_route=%2Fwp%2Fv2%2Fmedia&parent=2138"}],"wp:term":[{"taxonomy":"category","embeddable":true,"href":"https:\/\/pc.sc.gov.br\/index.php?rest_route=%2Fwp%2Fv2%2Fcategories&post=2138"},{"taxonomy":"post_tag","embeddable":true,"href":"https:\/\/pc.sc.gov.br\/index.php?rest_route=%2Fwp%2Fv2%2Ftags&post=2138"}],"curies":[{"name":"wp","href":"https:\/\/api.w.org\/{rel}","templated":true}]}}