{"id":21445,"date":"2024-07-01T17:20:48","date_gmt":"2024-07-01T20:20:48","guid":{"rendered":"https:\/\/pc.sc.gov.br\/?p=21445"},"modified":"2024-07-01T17:22:43","modified_gmt":"2024-07-01T20:22:43","slug":"estacao-inverno-pcsc-reforca-efetivo-para-atuar-na-serra-catarinense","status":"publish","type":"post","link":"https:\/\/pc.sc.gov.br\/?p=21445","title":{"rendered":"Esta\u00e7\u00e3o Inverno: PCSC refor\u00e7a efetivo para atuar na Serra Catarinense"},"content":{"rendered":"\t\t<div data-elementor-type=\"wp-post\" data-elementor-id=\"21445\" class=\"elementor elementor-21445\" data-elementor-post-type=\"post\">\n\t\t\t\t\t\t<section class=\"elementor-section elementor-top-section elementor-element elementor-element-3131825 elementor-section-boxed elementor-section-height-default elementor-section-height-default\" data-id=\"3131825\" data-element_type=\"section\">\n\t\t\t\t\t\t<div class=\"elementor-container elementor-column-gap-default\">\n\t\t\t\t\t<div class=\"elementor-column elementor-col-100 elementor-top-column elementor-element elementor-element-356a7a2\" data-id=\"356a7a2\" data-element_type=\"column\">\n\t\t\t<div class=\"elementor-widget-wrap elementor-element-populated\">\n\t\t\t\t\t\t<div class=\"elementor-element elementor-element-ad232e1 elementor-widget elementor-widget-heading\" data-id=\"ad232e1\" data-element_type=\"widget\" data-widget_type=\"heading.default\">\n\t\t\t\t<div class=\"elementor-widget-container\">\n\t\t\t\t\t<h2 class=\"elementor-heading-title elementor-size-default\">Esta\u00e7\u00e3o Inverno: PCSC refor\u00e7a efetivo para atuar na Serra Catarinense<\/h2>\t\t\t\t<\/div>\n\t\t\t\t<\/div>\n\t\t\t\t\t<\/div>\n\t\t<\/div>\n\t\t\t\t\t<\/div>\n\t\t<\/section>\n\t\t\t\t<section class=\"elementor-section elementor-top-section elementor-element elementor-element-94b2f5b elementor-section-boxed elementor-section-height-default elementor-section-height-default\" data-id=\"94b2f5b\" data-element_type=\"section\">\n\t\t\t\t\t\t<div class=\"elementor-container elementor-column-gap-default\">\n\t\t\t\t\t<div class=\"elementor-column elementor-col-100 elementor-top-column elementor-element elementor-element-8a39e9f\" data-id=\"8a39e9f\" data-element_type=\"column\">\n\t\t\t<div class=\"elementor-widget-wrap elementor-element-populated\">\n\t\t\t\t\t\t<div class=\"elementor-element elementor-element-72fdaca elementor-widget elementor-widget-image\" data-id=\"72fdaca\" data-element_type=\"widget\" data-widget_type=\"image.default\">\n\t\t\t\t<div class=\"elementor-widget-container\">\n\t\t\t\t\t\t\t\t\t\t\t\t\t\t\t<img fetchpriority=\"high\" decoding=\"async\" width=\"696\" height=\"392\" src=\"https:\/\/pc.sc.gov.br\/\/wp-content\/uploads\/2024\/07\/videira2_51467587006_o-1024x576.jpg\" class=\"attachment-large size-large wp-image-21446\" alt=\"\" srcset=\"https:\/\/pc.sc.gov.br\/\/wp-content\/uploads\/2024\/07\/videira2_51467587006_o-1024x576.jpg 1024w, https:\/\/pc.sc.gov.br\/\/wp-content\/uploads\/2024\/07\/videira2_51467587006_o-300x169.jpg 300w, https:\/\/pc.sc.gov.br\/\/wp-content\/uploads\/2024\/07\/videira2_51467587006_o-768x432.jpg 768w, https:\/\/pc.sc.gov.br\/\/wp-content\/uploads\/2024\/07\/videira2_51467587006_o.jpg 1280w\" sizes=\"(max-width: 696px) 100vw, 696px\" \/>\t\t\t\t\t\t\t\t\t\t\t\t\t\t\t<\/div>\n\t\t\t\t<\/div>\n\t\t\t\t\t<\/div>\n\t\t<\/div>\n\t\t\t\t\t<\/div>\n\t\t<\/section>\n\t\t\t\t<section class=\"elementor-section elementor-top-section elementor-element elementor-element-9ff6a00 elementor-section-boxed elementor-section-height-default elementor-section-height-default\" data-id=\"9ff6a00\" data-element_type=\"section\">\n\t\t\t\t\t\t<div class=\"elementor-container elementor-column-gap-default\">\n\t\t\t\t\t<div class=\"elementor-column elementor-col-100 elementor-top-column elementor-element elementor-element-2a1d245\" data-id=\"2a1d245\" data-element_type=\"column\">\n\t\t\t<div class=\"elementor-widget-wrap elementor-element-populated\">\n\t\t\t\t\t\t<div class=\"elementor-element elementor-element-7908478 elementor-widget elementor-widget-text-editor\" data-id=\"7908478\" data-element_type=\"widget\" data-widget_type=\"text-editor.default\">\n\t\t\t\t<div class=\"elementor-widget-container\">\n\t\t\t\t\t\t\t\t\t<p>Com a chegada do Inverno e aumento no fluxo de turistas principalmente na regi\u00e3o Serrana de SC, a Pol\u00edcia Civil de Santa Catarina mobilizou 139 policiais, entre delegados, escriv\u00e3es, agentes de Pol\u00edcia e psic\u00f3logos policiais para atuar em Lages, entre os dias 1\u00ba de julho a 5 de agosto.\u00a0<\/p><p>A opera\u00e7\u00e3o tamb\u00e9m conta com o refor\u00e7o de 89 viaturas. Outro ponto de a\u00e7\u00e3o da PCSC ser\u00e1 em S\u00e3o Joaquim que receber\u00e1 21 policiais e conta ainda com o refor\u00e7o de 19 viaturas. O efetivo dos policiais deslocado para atender essas duas regi\u00f5es atuar\u00e1 n\u00e3o apenas nas delegacias, mas tamb\u00e9m em investiga\u00e7\u00f5es.<\/p><p>De acordo com o delegado-geral da PCSC, Ulisses Gabriel, a Pol\u00edcia Civil \u00e9 intensificar suas a\u00e7\u00f5es nos locais onde h\u00e1 maior fluxo de turistas, como nas regi\u00f5es de Lages e S\u00e3o Joaquim. \u201cNosso objetivo \u00e9 oferecer um melhor atendimento para o cidad\u00e3o catarinense que visita a Serra e turistas de outros estados e at\u00e9 de outros pa\u00edses\u201d, assinalou.<\/p><p>Desde o ano passado o Governo do Estado est\u00e1 investindo na opera\u00e7\u00e3o Esta\u00e7\u00e3o Inverno, com refor\u00e7o no efetivo de todas as for\u00e7as de seguran\u00e7a &#8211; PCSC, PMSC, PCI\/SC e COBOM\/SC em fun\u00e7\u00e3o do aumento do fluxo de visitantes na Serra catarinense, em fun\u00e7\u00e3o do frio, das belezas naturais e gastronomia da regi\u00e3o.<\/p><div>\u00a0<\/div>\t\t\t\t\t\t\t\t<\/div>\n\t\t\t\t<\/div>\n\t\t\t\t\t<\/div>\n\t\t<\/div>\n\t\t\t\t\t<\/div>\n\t\t<\/section>\n\t\t\t\t<\/div>\n\t\t","protected":false},"excerpt":{"rendered":"<p>Esta\u00e7\u00e3o Inverno: PCSC refor\u00e7a efetivo para atuar na Serra Catarinense Com a chegada do Inverno e aumento no fluxo de turistas principalmente na regi\u00e3o Serrana de SC, a Pol\u00edcia Civil de Santa Catarina mobilizou 139 policiais, entre delegados, escriv\u00e3es, agentes de Pol\u00edcia e psic\u00f3logos policiais para atuar em Lages, entre os dias 1\u00ba de julho [&hellip;]<\/p>\n","protected":false},"author":5,"featured_media":21446,"comment_status":"closed","ping_status":"open","sticky":false,"template":"","format":"standard","meta":{"_monsterinsights_skip_tracking":false,"_monsterinsights_sitenote_active":false,"_monsterinsights_sitenote_note":"","_monsterinsights_sitenote_category":0,"footnotes":""},"categories":[1],"tags":[],"class_list":["post-21445","post","type-post","status-publish","format-standard","has-post-thumbnail","hentry","category-sem-categoria"],"_links":{"self":[{"href":"https:\/\/pc.sc.gov.br\/index.php?rest_route=\/wp\/v2\/posts\/21445","targetHints":{"allow":["GET"]}}],"collection":[{"href":"https:\/\/pc.sc.gov.br\/index.php?rest_route=\/wp\/v2\/posts"}],"about":[{"href":"https:\/\/pc.sc.gov.br\/index.php?rest_route=\/wp\/v2\/types\/post"}],"author":[{"embeddable":true,"href":"https:\/\/pc.sc.gov.br\/index.php?rest_route=\/wp\/v2\/users\/5"}],"replies":[{"embeddable":true,"href":"https:\/\/pc.sc.gov.br\/index.php?rest_route=%2Fwp%2Fv2%2Fcomments&post=21445"}],"version-history":[{"count":4,"href":"https:\/\/pc.sc.gov.br\/index.php?rest_route=\/wp\/v2\/posts\/21445\/revisions"}],"predecessor-version":[{"id":21450,"href":"https:\/\/pc.sc.gov.br\/index.php?rest_route=\/wp\/v2\/posts\/21445\/revisions\/21450"}],"wp:featuredmedia":[{"embeddable":true,"href":"https:\/\/pc.sc.gov.br\/index.php?rest_route=\/wp\/v2\/media\/21446"}],"wp:attachment":[{"href":"https:\/\/pc.sc.gov.br\/index.php?rest_route=%2Fwp%2Fv2%2Fmedia&parent=21445"}],"wp:term":[{"taxonomy":"category","embeddable":true,"href":"https:\/\/pc.sc.gov.br\/index.php?rest_route=%2Fwp%2Fv2%2Fcategories&post=21445"},{"taxonomy":"post_tag","embeddable":true,"href":"https:\/\/pc.sc.gov.br\/index.php?rest_route=%2Fwp%2Fv2%2Ftags&post=21445"}],"curies":[{"name":"wp","href":"https:\/\/api.w.org\/{rel}","templated":true}]}}