{"id":21487,"date":"2024-07-02T16:32:58","date_gmt":"2024-07-02T19:32:58","guid":{"rendered":"https:\/\/pc.sc.gov.br\/?p=21487"},"modified":"2024-07-02T16:36:54","modified_gmt":"2024-07-02T19:36:54","slug":"operacao-sintonia-dpco-de-navegantes-e-dic-de-itajai-17-pessoas-ligadas-a-faccao-criminosa","status":"publish","type":"post","link":"https:\/\/pc.sc.gov.br\/?p=21487","title":{"rendered":"Opera\u00e7\u00e3o Sintonia: DPCo de Navegantes e DIC de Itaja\u00ed 17 pessoas ligadas \u00e0 fac\u00e7\u00e3o criminosa"},"content":{"rendered":"\t\t<div data-elementor-type=\"wp-post\" data-elementor-id=\"21487\" class=\"elementor elementor-21487\" data-elementor-post-type=\"post\">\n\t\t\t\t\t\t<section class=\"elementor-section elementor-top-section elementor-element elementor-element-ae2c6d9 elementor-section-boxed elementor-section-height-default elementor-section-height-default\" data-id=\"ae2c6d9\" data-element_type=\"section\">\n\t\t\t\t\t\t<div class=\"elementor-container elementor-column-gap-default\">\n\t\t\t\t\t<div class=\"elementor-column elementor-col-100 elementor-top-column elementor-element elementor-element-0e5408c\" data-id=\"0e5408c\" data-element_type=\"column\">\n\t\t\t<div class=\"elementor-widget-wrap elementor-element-populated\">\n\t\t\t\t\t\t<div class=\"elementor-element elementor-element-ec68ef0 elementor-widget elementor-widget-heading\" data-id=\"ec68ef0\" data-element_type=\"widget\" data-widget_type=\"heading.default\">\n\t\t\t\t<div class=\"elementor-widget-container\">\n\t\t\t\t\t<h2 class=\"elementor-heading-title elementor-size-default\">Opera\u00e7\u00e3o Sintonia: DPCo de Navegantes e DIC de Itaja\u00ed prendem pessoas ligadas \u00e0 fac\u00e7\u00e3o criminosa<\/h2>\t\t\t\t<\/div>\n\t\t\t\t<\/div>\n\t\t\t\t\t<\/div>\n\t\t<\/div>\n\t\t\t\t\t<\/div>\n\t\t<\/section>\n\t\t\t\t<section class=\"elementor-section elementor-top-section elementor-element elementor-element-558a2c4 elementor-section-boxed elementor-section-height-default elementor-section-height-default\" data-id=\"558a2c4\" data-element_type=\"section\">\n\t\t\t\t\t\t<div class=\"elementor-container elementor-column-gap-default\">\n\t\t\t\t\t<div class=\"elementor-column elementor-col-100 elementor-top-column elementor-element elementor-element-e1c2325\" data-id=\"e1c2325\" data-element_type=\"column\">\n\t\t\t<div class=\"elementor-widget-wrap elementor-element-populated\">\n\t\t\t\t\t\t<div class=\"elementor-element elementor-element-b439e1d elementor-widget elementor-widget-image\" data-id=\"b439e1d\" data-element_type=\"widget\" data-widget_type=\"image.default\">\n\t\t\t\t<div class=\"elementor-widget-container\">\n\t\t\t\t\t\t\t\t\t\t\t\t\t\t\t<img fetchpriority=\"high\" decoding=\"async\" width=\"696\" height=\"570\" src=\"https:\/\/pc.sc.gov.br\/\/wp-content\/uploads\/2024\/07\/2893e216-7153-4372-9895-ed2b0e4a2dff-fotor-20240702161216-1024x838.jpg\" class=\"attachment-large size-large wp-image-21489\" alt=\"\" srcset=\"https:\/\/pc.sc.gov.br\/\/wp-content\/uploads\/2024\/07\/2893e216-7153-4372-9895-ed2b0e4a2dff-fotor-20240702161216-1024x838.jpg 1024w, https:\/\/pc.sc.gov.br\/\/wp-content\/uploads\/2024\/07\/2893e216-7153-4372-9895-ed2b0e4a2dff-fotor-20240702161216-300x246.jpg 300w, https:\/\/pc.sc.gov.br\/\/wp-content\/uploads\/2024\/07\/2893e216-7153-4372-9895-ed2b0e4a2dff-fotor-20240702161216-768x629.jpg 768w, https:\/\/pc.sc.gov.br\/\/wp-content\/uploads\/2024\/07\/2893e216-7153-4372-9895-ed2b0e4a2dff-fotor-20240702161216.jpg 1140w\" sizes=\"(max-width: 696px) 100vw, 696px\" \/>\t\t\t\t\t\t\t\t\t\t\t\t\t\t\t<\/div>\n\t\t\t\t<\/div>\n\t\t\t\t\t<\/div>\n\t\t<\/div>\n\t\t\t\t\t<\/div>\n\t\t<\/section>\n\t\t\t\t<section class=\"elementor-section elementor-top-section elementor-element elementor-element-45ff91c elementor-section-boxed elementor-section-height-default elementor-section-height-default\" data-id=\"45ff91c\" data-element_type=\"section\">\n\t\t\t\t\t\t<div class=\"elementor-container elementor-column-gap-default\">\n\t\t\t\t\t<div class=\"elementor-column elementor-col-100 elementor-top-column elementor-element elementor-element-1d0a827\" data-id=\"1d0a827\" data-element_type=\"column\">\n\t\t\t<div class=\"elementor-widget-wrap elementor-element-populated\">\n\t\t\t\t\t\t<div class=\"elementor-element elementor-element-5e512c2 elementor-widget elementor-widget-text-editor\" data-id=\"5e512c2\" data-element_type=\"widget\" data-widget_type=\"text-editor.default\">\n\t\t\t\t<div class=\"elementor-widget-container\">\n\t\t\t\t\t\t\t\t\t<p><span style=\"font-family: var( --e-global-typography-text-font-family ), Sans-serif; font-size: var( --e-global-typography-text-font-size );\">A P<\/span><span style=\"font-family: var( --e-global-typography-text-font-family ), Sans-serif; font-size: var( --e-global-typography-text-font-size );\">ol\u00edcia Civil de Santa Catarina, por meio da DPCo de Navegantes e da DIC de Itaja\u00ed, deu cumprimento nesta ter\u00e7a-feira (02) a 17 mandados de pris\u00e3o preventiva de pessoas investigadas por fazerem parte de organiza\u00e7\u00e3o criminosa, com atua\u00e7\u00e3o marcante em nosso Estado.<\/span><\/p>\n<p>Al\u00e9m das pris\u00f5es, foram cumpridos 34 mandados de busca e apreens\u00e3o, que viabilizaram reunir mais elementos que evidenciam o envolvimento dos investigados com a fac\u00e7\u00e3o e com o tr\u00e1fico de drogas, al\u00e9m da apreens\u00e3o de diversos aparelhos telef\u00f4nicos e a quantia aproximada de R$ 18 mil em esp\u00e9cie.<\/p>\n<p>Dois indiv\u00edduos restaram presos em flagrante, por terem em dep\u00f3sito subst\u00e2ncias com caracter\u00edsticas das drogas como coca\u00edna e crack, al\u00e9m de outros elementos que indicam a narcotrafic\u00e2ncia.&nbsp; As investiga\u00e7\u00f5es continuam e devem ser encerradas nas pr\u00f3ximas semanas.<\/p>\n<p>&nbsp;As pessoas presas foram encaminhadas ao pres\u00eddio de Itaja\u00ed, onde permanecer\u00e3o \u00e0 disposi\u00e7\u00e3o da Justi\u00e7a.<\/p>\t\t\t\t\t\t\t\t<\/div>\n\t\t\t\t<\/div>\n\t\t\t\t\t<\/div>\n\t\t<\/div>\n\t\t\t\t\t<\/div>\n\t\t<\/section>\n\t\t\t\t<section class=\"elementor-section elementor-top-section elementor-element elementor-element-83825d3 elementor-section-boxed elementor-section-height-default elementor-section-height-default\" data-id=\"83825d3\" data-element_type=\"section\">\n\t\t\t\t\t\t<div class=\"elementor-container elementor-column-gap-default\">\n\t\t\t\t\t<div class=\"elementor-column elementor-col-100 elementor-top-column elementor-element elementor-element-281e7fd\" data-id=\"281e7fd\" data-element_type=\"column\">\n\t\t\t<div class=\"elementor-widget-wrap elementor-element-populated\">\n\t\t\t\t\t\t<div class=\"elementor-element elementor-element-280d0a8 elementor-widget elementor-widget-video\" data-id=\"280d0a8\" data-element_type=\"widget\" data-settings=\"{&quot;video_type&quot;:&quot;hosted&quot;,&quot;controls&quot;:&quot;yes&quot;}\" data-widget_type=\"video.default\">\n\t\t\t\t<div class=\"elementor-widget-container\">\n\t\t\t\t\t\t\t<div class=\"e-hosted-video elementor-wrapper elementor-open-inline\">\n\t\t\t\t\t<video class=\"elementor-video\" src=\"https:\/\/pc.sc.gov.br\/wp-content\/uploads\/2024\/07\/WhatsApp-Video-2024-07-02-at-09.55.20-1.mp4\" controls=\"\" preload=\"metadata\"><\/video>\n\t\t\t\t<\/div>\n\t\t\t\t\t\t<\/div>\n\t\t\t\t<\/div>\n\t\t\t\t\t<\/div>\n\t\t<\/div>\n\t\t\t\t\t<\/div>\n\t\t<\/section>\n\t\t\t\t<\/div>\n\t\t","protected":false},"excerpt":{"rendered":"<p>Opera\u00e7\u00e3o Sintonia: DPCo de Navegantes e DIC de Itaja\u00ed prendem pessoas ligadas \u00e0 fac\u00e7\u00e3o criminosa A Pol\u00edcia Civil de Santa Catarina, por meio da DPCo de Navegantes e da DIC de Itaja\u00ed, deu cumprimento nesta ter\u00e7a-feira (02) a 17 mandados de pris\u00e3o preventiva de pessoas investigadas por fazerem parte de organiza\u00e7\u00e3o criminosa, com atua\u00e7\u00e3o marcante [&hellip;]<\/p>\n","protected":false},"author":5,"featured_media":21488,"comment_status":"closed","ping_status":"open","sticky":false,"template":"","format":"standard","meta":{"_monsterinsights_skip_tracking":false,"_monsterinsights_sitenote_active":false,"_monsterinsights_sitenote_note":"","_monsterinsights_sitenote_category":0,"footnotes":""},"categories":[1],"tags":[],"class_list":["post-21487","post","type-post","status-publish","format-standard","has-post-thumbnail","hentry","category-sem-categoria"],"_links":{"self":[{"href":"https:\/\/pc.sc.gov.br\/index.php?rest_route=\/wp\/v2\/posts\/21487","targetHints":{"allow":["GET"]}}],"collection":[{"href":"https:\/\/pc.sc.gov.br\/index.php?rest_route=\/wp\/v2\/posts"}],"about":[{"href":"https:\/\/pc.sc.gov.br\/index.php?rest_route=\/wp\/v2\/types\/post"}],"author":[{"embeddable":true,"href":"https:\/\/pc.sc.gov.br\/index.php?rest_route=\/wp\/v2\/users\/5"}],"replies":[{"embeddable":true,"href":"https:\/\/pc.sc.gov.br\/index.php?rest_route=%2Fwp%2Fv2%2Fcomments&post=21487"}],"version-history":[{"count":3,"href":"https:\/\/pc.sc.gov.br\/index.php?rest_route=\/wp\/v2\/posts\/21487\/revisions"}],"predecessor-version":[{"id":21493,"href":"https:\/\/pc.sc.gov.br\/index.php?rest_route=\/wp\/v2\/posts\/21487\/revisions\/21493"}],"wp:featuredmedia":[{"embeddable":true,"href":"https:\/\/pc.sc.gov.br\/index.php?rest_route=\/wp\/v2\/media\/21488"}],"wp:attachment":[{"href":"https:\/\/pc.sc.gov.br\/index.php?rest_route=%2Fwp%2Fv2%2Fmedia&parent=21487"}],"wp:term":[{"taxonomy":"category","embeddable":true,"href":"https:\/\/pc.sc.gov.br\/index.php?rest_route=%2Fwp%2Fv2%2Fcategories&post=21487"},{"taxonomy":"post_tag","embeddable":true,"href":"https:\/\/pc.sc.gov.br\/index.php?rest_route=%2Fwp%2Fv2%2Ftags&post=21487"}],"curies":[{"name":"wp","href":"https:\/\/api.w.org\/{rel}","templated":true}]}}