{"id":21494,"date":"2024-07-02T17:49:53","date_gmt":"2024-07-02T20:49:53","guid":{"rendered":"https:\/\/pc.sc.gov.br\/?p=21494"},"modified":"2024-07-02T17:51:06","modified_gmt":"2024-07-02T20:51:06","slug":"em-ascurra-pcsc-prende-homem-em-flagrante-pelo-crime-de-posse-ilegal-de-arma-de-fogo-de-uso-permitido","status":"publish","type":"post","link":"https:\/\/pc.sc.gov.br\/?p=21494","title":{"rendered":"Em Ascurra, PCSC prende homem em flagrante pelo crime de posse ilegal de arma de fogo de uso permitido"},"content":{"rendered":"\t\t<div data-elementor-type=\"wp-post\" data-elementor-id=\"21494\" class=\"elementor elementor-21494\" data-elementor-post-type=\"post\">\n\t\t\t\t\t\t<section class=\"elementor-section elementor-top-section elementor-element elementor-element-b9f1478 elementor-section-boxed elementor-section-height-default elementor-section-height-default\" data-id=\"b9f1478\" data-element_type=\"section\">\n\t\t\t\t\t\t<div class=\"elementor-container elementor-column-gap-default\">\n\t\t\t\t\t<div class=\"elementor-column elementor-col-100 elementor-top-column elementor-element elementor-element-26e8ef9\" data-id=\"26e8ef9\" data-element_type=\"column\">\n\t\t\t<div class=\"elementor-widget-wrap elementor-element-populated\">\n\t\t\t\t\t\t<div class=\"elementor-element elementor-element-2435476 elementor-widget elementor-widget-heading\" data-id=\"2435476\" data-element_type=\"widget\" data-widget_type=\"heading.default\">\n\t\t\t\t<div class=\"elementor-widget-container\">\n\t\t\t\t\t<h2 class=\"elementor-heading-title elementor-size-default\">Em Ascurra, PCSC prende homem em flagrante pelo crime de posse ilegal de arma de fogo de uso permitido<\/h2>\t\t\t\t<\/div>\n\t\t\t\t<\/div>\n\t\t\t\t\t<\/div>\n\t\t<\/div>\n\t\t\t\t\t<\/div>\n\t\t<\/section>\n\t\t\t\t<section class=\"elementor-section elementor-top-section elementor-element elementor-element-e35e374 elementor-section-boxed elementor-section-height-default elementor-section-height-default\" data-id=\"e35e374\" data-element_type=\"section\">\n\t\t\t\t\t\t<div class=\"elementor-container elementor-column-gap-default\">\n\t\t\t\t\t<div class=\"elementor-column elementor-col-100 elementor-top-column elementor-element elementor-element-d67e56a\" data-id=\"d67e56a\" data-element_type=\"column\">\n\t\t\t<div class=\"elementor-widget-wrap elementor-element-populated\">\n\t\t\t\t\t\t<div class=\"elementor-element elementor-element-9001816 elementor-widget elementor-widget-image\" data-id=\"9001816\" data-element_type=\"widget\" data-widget_type=\"image.default\">\n\t\t\t\t<div class=\"elementor-widget-container\">\n\t\t\t\t\t\t\t\t\t\t\t\t\t\t\t<img fetchpriority=\"high\" decoding=\"async\" width=\"696\" height=\"406\" src=\"https:\/\/pc.sc.gov.br\/\/wp-content\/uploads\/2024\/07\/6395886c-f831-451a-a125-aa2e7be73025-fotor-20240702174831-1024x598.jpg\" class=\"attachment-large size-large wp-image-21495\" alt=\"\" srcset=\"https:\/\/pc.sc.gov.br\/\/wp-content\/uploads\/2024\/07\/6395886c-f831-451a-a125-aa2e7be73025-fotor-20240702174831-1024x598.jpg 1024w, https:\/\/pc.sc.gov.br\/\/wp-content\/uploads\/2024\/07\/6395886c-f831-451a-a125-aa2e7be73025-fotor-20240702174831-300x175.jpg 300w, https:\/\/pc.sc.gov.br\/\/wp-content\/uploads\/2024\/07\/6395886c-f831-451a-a125-aa2e7be73025-fotor-20240702174831-768x448.jpg 768w, https:\/\/pc.sc.gov.br\/\/wp-content\/uploads\/2024\/07\/6395886c-f831-451a-a125-aa2e7be73025-fotor-20240702174831.jpg 1280w\" sizes=\"(max-width: 696px) 100vw, 696px\" \/>\t\t\t\t\t\t\t\t\t\t\t\t\t\t\t<\/div>\n\t\t\t\t<\/div>\n\t\t\t\t\t<\/div>\n\t\t<\/div>\n\t\t\t\t\t<\/div>\n\t\t<\/section>\n\t\t\t\t<section class=\"elementor-section elementor-top-section elementor-element elementor-element-cee6fc5 elementor-section-boxed elementor-section-height-default elementor-section-height-default\" data-id=\"cee6fc5\" data-element_type=\"section\">\n\t\t\t\t\t\t<div class=\"elementor-container elementor-column-gap-default\">\n\t\t\t\t\t<div class=\"elementor-column elementor-col-100 elementor-top-column elementor-element elementor-element-a4fcd47\" data-id=\"a4fcd47\" data-element_type=\"column\">\n\t\t\t<div class=\"elementor-widget-wrap elementor-element-populated\">\n\t\t\t\t\t\t<div class=\"elementor-element elementor-element-1c8c429 elementor-widget elementor-widget-text-editor\" data-id=\"1c8c429\" data-element_type=\"widget\" data-widget_type=\"text-editor.default\">\n\t\t\t\t<div class=\"elementor-widget-container\">\n\t\t\t\t\t\t\t\t\t<p>Nesta ter\u00e7a-feira (02),&nbsp; por volta das 13h30, a Pol\u00edcia Civil, atrav\u00e9s da Delegacia de Pol\u00edcia Civil da Comarca de Ascurra, deu cumprimento a um mandado de busca e apreens\u00e3o domiciliar em um im\u00f3vel localizado no bairro Tamandu\u00e1, na cidade de Ascurra.<\/p>\n<p>O alvo do mandado de busca e apreens\u00e3o domiciliar \u00e9 investigado pelo crime de amea\u00e7a (com uso de arma de fogo ou simulacro), praticado contra um morador da mesma regi\u00e3o, em meados do m\u00eas de mar\u00e7o do ano de 2024.<\/p>\n<p>De acordo com o Delegado de Pol\u00edcia Civil da Comarca de Ascurra, Wesley de Sousa Costa, os elementos de prova angariados na investiga\u00e7\u00e3o embasaram a representa\u00e7\u00e3o junto ao poder judici\u00e1rio pela expedi\u00e7\u00e3o de mandado de busca e apreens\u00e3o domiciliar no endere\u00e7o do investigado, com a finalidade de encontrar eventuais armas de fogo ilegais.<\/p>\n<p>Diante do encontro da arma de fogo, uma espingarda calibre 28 GA, bem como de muni\u00e7\u00f5es, um homem foi preso em flagrante delito. Ainda, restou encontrado o simulacro em tese utilizado para amea\u00e7ar a v\u00edtima. Ap\u00f3s a lavratura do auto de pris\u00e3o em flagrante nesta delegacia, o preso foi colocado em liberdade mediante o pagamento de fian\u00e7a, conforme previs\u00e3o legal.<\/p>\n<p><span style=\"font-family: var( --e-global-typography-text-font-family ), Sans-serif; font-size: var( --e-global-typography-text-font-size ); font-weight: var( --e-global-typography-text-font-weight );\">Colabore com a Pol\u00edcia Civil, por Interm\u00e9dio da Delegacia de Ascurra &#8211; Den\u00fancias pelo whatsapp (47)9 9793-6769 &#8211; Sigilo absoluto<\/span><span style=\"color: var( --e-global-color-text ); font-family: var( --e-global-typography-primary-font-family ), Sans-serif; font-size: var( --e-global-typography-primary-font-size ); font-weight: var( --e-global-typography-primary-font-weight ); letter-spacing: var( --e-global-typography-primary-letter-spacing );\">&nbsp;<\/span><\/p>\t\t\t\t\t\t\t\t<\/div>\n\t\t\t\t<\/div>\n\t\t\t\t\t<\/div>\n\t\t<\/div>\n\t\t\t\t\t<\/div>\n\t\t<\/section>\n\t\t\t\t<\/div>\n\t\t","protected":false},"excerpt":{"rendered":"<p>Em Ascurra, PCSC prende homem em flagrante pelo crime de posse ilegal de arma de fogo de uso permitido Nesta ter\u00e7a-feira (02),&nbsp; por volta das 13h30, a Pol\u00edcia Civil, atrav\u00e9s da Delegacia de Pol\u00edcia Civil da Comarca de Ascurra, deu cumprimento a um mandado de busca e apreens\u00e3o domiciliar em um im\u00f3vel localizado no bairro [&hellip;]<\/p>\n","protected":false},"author":5,"featured_media":21495,"comment_status":"closed","ping_status":"open","sticky":false,"template":"","format":"standard","meta":{"_monsterinsights_skip_tracking":false,"_monsterinsights_sitenote_active":false,"_monsterinsights_sitenote_note":"","_monsterinsights_sitenote_category":0,"footnotes":""},"categories":[1],"tags":[],"class_list":["post-21494","post","type-post","status-publish","format-standard","has-post-thumbnail","hentry","category-sem-categoria"],"_links":{"self":[{"href":"https:\/\/pc.sc.gov.br\/index.php?rest_route=\/wp\/v2\/posts\/21494","targetHints":{"allow":["GET"]}}],"collection":[{"href":"https:\/\/pc.sc.gov.br\/index.php?rest_route=\/wp\/v2\/posts"}],"about":[{"href":"https:\/\/pc.sc.gov.br\/index.php?rest_route=\/wp\/v2\/types\/post"}],"author":[{"embeddable":true,"href":"https:\/\/pc.sc.gov.br\/index.php?rest_route=\/wp\/v2\/users\/5"}],"replies":[{"embeddable":true,"href":"https:\/\/pc.sc.gov.br\/index.php?rest_route=%2Fwp%2Fv2%2Fcomments&post=21494"}],"version-history":[{"count":4,"href":"https:\/\/pc.sc.gov.br\/index.php?rest_route=\/wp\/v2\/posts\/21494\/revisions"}],"predecessor-version":[{"id":21499,"href":"https:\/\/pc.sc.gov.br\/index.php?rest_route=\/wp\/v2\/posts\/21494\/revisions\/21499"}],"wp:featuredmedia":[{"embeddable":true,"href":"https:\/\/pc.sc.gov.br\/index.php?rest_route=\/wp\/v2\/media\/21495"}],"wp:attachment":[{"href":"https:\/\/pc.sc.gov.br\/index.php?rest_route=%2Fwp%2Fv2%2Fmedia&parent=21494"}],"wp:term":[{"taxonomy":"category","embeddable":true,"href":"https:\/\/pc.sc.gov.br\/index.php?rest_route=%2Fwp%2Fv2%2Fcategories&post=21494"},{"taxonomy":"post_tag","embeddable":true,"href":"https:\/\/pc.sc.gov.br\/index.php?rest_route=%2Fwp%2Fv2%2Ftags&post=21494"}],"curies":[{"name":"wp","href":"https:\/\/api.w.org\/{rel}","templated":true}]}}