{"id":21507,"date":"2024-07-03T15:36:35","date_gmt":"2024-07-03T18:36:35","guid":{"rendered":"https:\/\/pc.sc.gov.br\/?p=21507"},"modified":"2024-07-03T15:37:23","modified_gmt":"2024-07-03T18:37:23","slug":"policia-civil-e-sefaz-sc-realizam-fiscalizacoes-em-sao-joaquim-no-ambito-da-operacao-inverno","status":"publish","type":"post","link":"https:\/\/pc.sc.gov.br\/?p=21507","title":{"rendered":"Pol\u00edcia Civil e Sefaz\/SC realizam fiscaliza\u00e7\u00f5es em S\u00e3o Joaquim no \u00e2mbito da opera\u00e7\u00e3o \u201cInverno\u201d"},"content":{"rendered":"\t\t<div data-elementor-type=\"wp-post\" data-elementor-id=\"21507\" class=\"elementor elementor-21507\" data-elementor-post-type=\"post\">\n\t\t\t\t\t\t<section class=\"elementor-section elementor-top-section elementor-element elementor-element-5231c99 elementor-section-boxed elementor-section-height-default elementor-section-height-default\" data-id=\"5231c99\" data-element_type=\"section\">\n\t\t\t\t\t\t<div class=\"elementor-container elementor-column-gap-default\">\n\t\t\t\t\t<div class=\"elementor-column elementor-col-100 elementor-top-column elementor-element elementor-element-f28f39c\" data-id=\"f28f39c\" data-element_type=\"column\">\n\t\t\t<div class=\"elementor-widget-wrap elementor-element-populated\">\n\t\t\t\t\t\t<div class=\"elementor-element elementor-element-ecc1245 elementor-widget elementor-widget-heading\" data-id=\"ecc1245\" data-element_type=\"widget\" data-widget_type=\"heading.default\">\n\t\t\t\t<div class=\"elementor-widget-container\">\n\t\t\t\t\t<h2 class=\"elementor-heading-title elementor-size-default\">Pol\u00edcia Civil e Sefaz\/SC realizam fiscaliza\u00e7\u00f5es em S\u00e3o Joaquim no \u00e2mbito da opera\u00e7\u00e3o \u201cInverno\u201d<\/h2>\t\t\t\t<\/div>\n\t\t\t\t<\/div>\n\t\t\t\t\t<\/div>\n\t\t<\/div>\n\t\t\t\t\t<\/div>\n\t\t<\/section>\n\t\t\t\t<section class=\"elementor-section elementor-top-section elementor-element elementor-element-bd13790 elementor-section-boxed elementor-section-height-default elementor-section-height-default\" data-id=\"bd13790\" data-element_type=\"section\">\n\t\t\t\t\t\t<div class=\"elementor-container elementor-column-gap-default\">\n\t\t\t\t\t<div class=\"elementor-column elementor-col-100 elementor-top-column elementor-element elementor-element-8dfd8dc\" data-id=\"8dfd8dc\" data-element_type=\"column\">\n\t\t\t<div class=\"elementor-widget-wrap elementor-element-populated\">\n\t\t\t\t\t\t<div class=\"elementor-element elementor-element-6355fc6 elementor-widget elementor-widget-image\" data-id=\"6355fc6\" data-element_type=\"widget\" data-widget_type=\"image.default\">\n\t\t\t\t<div class=\"elementor-widget-container\">\n\t\t\t\t\t\t\t\t\t\t\t\t\t\t\t<img fetchpriority=\"high\" decoding=\"async\" width=\"696\" height=\"928\" src=\"https:\/\/pc.sc.gov.br\/\/wp-content\/uploads\/2024\/07\/WhatsApp-Image-2024-07-02-at-20.20.35-768x1024.jpeg\" class=\"attachment-large size-large wp-image-21508\" alt=\"\" srcset=\"https:\/\/pc.sc.gov.br\/\/wp-content\/uploads\/2024\/07\/WhatsApp-Image-2024-07-02-at-20.20.35-768x1024.jpeg 768w, https:\/\/pc.sc.gov.br\/\/wp-content\/uploads\/2024\/07\/WhatsApp-Image-2024-07-02-at-20.20.35-225x300.jpeg 225w, https:\/\/pc.sc.gov.br\/\/wp-content\/uploads\/2024\/07\/WhatsApp-Image-2024-07-02-at-20.20.35.jpeg 960w\" sizes=\"(max-width: 696px) 100vw, 696px\" \/>\t\t\t\t\t\t\t\t\t\t\t\t\t\t\t<\/div>\n\t\t\t\t<\/div>\n\t\t\t\t\t<\/div>\n\t\t<\/div>\n\t\t\t\t\t<\/div>\n\t\t<\/section>\n\t\t\t\t<section class=\"elementor-section elementor-top-section elementor-element elementor-element-cd210c8 elementor-section-boxed elementor-section-height-default elementor-section-height-default\" data-id=\"cd210c8\" data-element_type=\"section\">\n\t\t\t\t\t\t<div class=\"elementor-container elementor-column-gap-default\">\n\t\t\t\t\t<div class=\"elementor-column elementor-col-100 elementor-top-column elementor-element elementor-element-a081b33\" data-id=\"a081b33\" data-element_type=\"column\">\n\t\t\t<div class=\"elementor-widget-wrap elementor-element-populated\">\n\t\t\t\t\t\t<div class=\"elementor-element elementor-element-0d4087d elementor-widget elementor-widget-text-editor\" data-id=\"0d4087d\" data-element_type=\"widget\" data-widget_type=\"text-editor.default\">\n\t\t\t\t<div class=\"elementor-widget-container\">\n\t\t\t\t\t\t\t\t\t<p>Na ter\u00e7a-feira (02\/07), a Pol\u00edcia Civil de Santa Catarina, por meio das Delegacias de Furto e Roubo de Ve\u00edculos (DFRV) e da Delegacia de Investiga\u00e7\u00e3o dos Crimes contra a Fazenda Publica (DFAZ), ambas da Diretoria Estadual de Investiga\u00e7\u00f5es Criminais, bem como pela participa\u00e7\u00e3o de sua Dire\u00e7\u00e3o e NINT, em conjunto com a Secret\u00e1ria da Fazenda do Estado de Santa Catarina (SEFAZ), deflagraram fiscaliza\u00e7\u00f5es policiais em S\u00e3o Joaquim.<\/p><p>A a\u00e7\u00e3o, parte da Opera\u00e7\u00e3o \u201cInverno\u201d, aconteceu em dois locais que efetuam o com\u00e9rcio de pe\u00e7as para ve\u00edculos e resultou na condu\u00e7\u00e3o de um indiv\u00edduo para Delegacia de Pol\u00edcia e a realiza\u00e7\u00e3o de procedimentos cartor\u00e1rios.<\/p><p>Al\u00e9m disso, houve em um dos locais, por meio da atua\u00e7\u00e3o da SEFAZ, notifica\u00e7\u00e3o administrativa para o propriet\u00e1rio do com\u00e9rcio, com aplica\u00e7\u00e3o de multa, por falta de nota fiscal.<\/p>\t\t\t\t\t\t\t\t<\/div>\n\t\t\t\t<\/div>\n\t\t\t\t\t<\/div>\n\t\t<\/div>\n\t\t\t\t\t<\/div>\n\t\t<\/section>\n\t\t\t\t<\/div>\n\t\t","protected":false},"excerpt":{"rendered":"<p>Pol\u00edcia Civil e Sefaz\/SC realizam fiscaliza\u00e7\u00f5es em S\u00e3o Joaquim no \u00e2mbito da opera\u00e7\u00e3o \u201cInverno\u201d Na ter\u00e7a-feira (02\/07), a Pol\u00edcia Civil de Santa Catarina, por meio das Delegacias de Furto e Roubo de Ve\u00edculos (DFRV) e da Delegacia de Investiga\u00e7\u00e3o dos Crimes contra a Fazenda Publica (DFAZ), ambas da Diretoria Estadual de Investiga\u00e7\u00f5es Criminais, bem como [&hellip;]<\/p>\n","protected":false},"author":5,"featured_media":21508,"comment_status":"closed","ping_status":"open","sticky":false,"template":"","format":"standard","meta":{"_monsterinsights_skip_tracking":false,"_monsterinsights_sitenote_active":false,"_monsterinsights_sitenote_note":"","_monsterinsights_sitenote_category":0,"footnotes":""},"categories":[1],"tags":[],"class_list":["post-21507","post","type-post","status-publish","format-standard","has-post-thumbnail","hentry","category-sem-categoria"],"_links":{"self":[{"href":"https:\/\/pc.sc.gov.br\/index.php?rest_route=\/wp\/v2\/posts\/21507","targetHints":{"allow":["GET"]}}],"collection":[{"href":"https:\/\/pc.sc.gov.br\/index.php?rest_route=\/wp\/v2\/posts"}],"about":[{"href":"https:\/\/pc.sc.gov.br\/index.php?rest_route=\/wp\/v2\/types\/post"}],"author":[{"embeddable":true,"href":"https:\/\/pc.sc.gov.br\/index.php?rest_route=\/wp\/v2\/users\/5"}],"replies":[{"embeddable":true,"href":"https:\/\/pc.sc.gov.br\/index.php?rest_route=%2Fwp%2Fv2%2Fcomments&post=21507"}],"version-history":[{"count":4,"href":"https:\/\/pc.sc.gov.br\/index.php?rest_route=\/wp\/v2\/posts\/21507\/revisions"}],"predecessor-version":[{"id":21512,"href":"https:\/\/pc.sc.gov.br\/index.php?rest_route=\/wp\/v2\/posts\/21507\/revisions\/21512"}],"wp:featuredmedia":[{"embeddable":true,"href":"https:\/\/pc.sc.gov.br\/index.php?rest_route=\/wp\/v2\/media\/21508"}],"wp:attachment":[{"href":"https:\/\/pc.sc.gov.br\/index.php?rest_route=%2Fwp%2Fv2%2Fmedia&parent=21507"}],"wp:term":[{"taxonomy":"category","embeddable":true,"href":"https:\/\/pc.sc.gov.br\/index.php?rest_route=%2Fwp%2Fv2%2Fcategories&post=21507"},{"taxonomy":"post_tag","embeddable":true,"href":"https:\/\/pc.sc.gov.br\/index.php?rest_route=%2Fwp%2Fv2%2Ftags&post=21507"}],"curies":[{"name":"wp","href":"https:\/\/api.w.org\/{rel}","templated":true}]}}