{"id":21513,"date":"2024-07-03T15:41:01","date_gmt":"2024-07-03T18:41:01","guid":{"rendered":"https:\/\/pc.sc.gov.br\/?p=21513"},"modified":"2024-07-03T16:02:02","modified_gmt":"2024-07-03T19:02:02","slug":"em-timbe-do-sul-policia-civil-prende-preventivamente-mulher-que-matou-gato-a-pauladas","status":"publish","type":"post","link":"https:\/\/pc.sc.gov.br\/?p=21513","title":{"rendered":"Em Timb\u00e9 do Sul, Pol\u00edcia Civil prende preventivamente mulher que matou gato a pauladas"},"content":{"rendered":"\t\t<div data-elementor-type=\"wp-post\" data-elementor-id=\"21513\" class=\"elementor elementor-21513\" data-elementor-post-type=\"post\">\n\t\t\t\t\t\t<section class=\"elementor-section elementor-top-section elementor-element elementor-element-202ecce elementor-section-boxed elementor-section-height-default elementor-section-height-default\" data-id=\"202ecce\" data-element_type=\"section\">\n\t\t\t\t\t\t<div class=\"elementor-container elementor-column-gap-default\">\n\t\t\t\t\t<div class=\"elementor-column elementor-col-100 elementor-top-column elementor-element elementor-element-bad1044\" data-id=\"bad1044\" data-element_type=\"column\">\n\t\t\t<div class=\"elementor-widget-wrap elementor-element-populated\">\n\t\t\t\t\t\t<div class=\"elementor-element elementor-element-5a2082c elementor-widget elementor-widget-heading\" data-id=\"5a2082c\" data-element_type=\"widget\" data-widget_type=\"heading.default\">\n\t\t\t\t<div class=\"elementor-widget-container\">\n\t\t\t\t\t<h2 class=\"elementor-heading-title elementor-size-default\">Em Timb\u00e9 do Sul, Pol\u00edcia Civil prende preventivamente mulher ap\u00f3s matar gato a pauladas<\/h2>\t\t\t\t<\/div>\n\t\t\t\t<\/div>\n\t\t\t\t\t<\/div>\n\t\t<\/div>\n\t\t\t\t\t<\/div>\n\t\t<\/section>\n\t\t\t\t<section class=\"elementor-section elementor-top-section elementor-element elementor-element-4f6f26d elementor-section-boxed elementor-section-height-default elementor-section-height-default\" data-id=\"4f6f26d\" data-element_type=\"section\">\n\t\t\t\t\t\t<div class=\"elementor-container elementor-column-gap-default\">\n\t\t\t\t\t<div class=\"elementor-column elementor-col-100 elementor-top-column elementor-element elementor-element-f57db18\" data-id=\"f57db18\" data-element_type=\"column\">\n\t\t\t<div class=\"elementor-widget-wrap elementor-element-populated\">\n\t\t\t\t\t\t<div class=\"elementor-element elementor-element-ac955cd elementor-widget elementor-widget-image\" data-id=\"ac955cd\" data-element_type=\"widget\" data-widget_type=\"image.default\">\n\t\t\t\t<div class=\"elementor-widget-container\">\n\t\t\t\t\t\t\t\t\t\t\t\t\t\t\t<img fetchpriority=\"high\" decoding=\"async\" width=\"696\" height=\"522\" src=\"https:\/\/pc.sc.gov.br\/\/wp-content\/uploads\/2024\/07\/SIRENE.jpg\" class=\"attachment-large size-large wp-image-21514\" alt=\"\" srcset=\"https:\/\/pc.sc.gov.br\/\/wp-content\/uploads\/2024\/07\/SIRENE.jpg 768w, https:\/\/pc.sc.gov.br\/\/wp-content\/uploads\/2024\/07\/SIRENE-300x225.jpg 300w\" sizes=\"(max-width: 696px) 100vw, 696px\" \/>\t\t\t\t\t\t\t\t\t\t\t\t\t\t\t<\/div>\n\t\t\t\t<\/div>\n\t\t\t\t\t<\/div>\n\t\t<\/div>\n\t\t\t\t\t<\/div>\n\t\t<\/section>\n\t\t\t\t<section class=\"elementor-section elementor-top-section elementor-element elementor-element-2831f9d elementor-section-boxed elementor-section-height-default elementor-section-height-default\" data-id=\"2831f9d\" data-element_type=\"section\">\n\t\t\t\t\t\t<div class=\"elementor-container elementor-column-gap-default\">\n\t\t\t\t\t<div class=\"elementor-column elementor-col-100 elementor-top-column elementor-element elementor-element-60ef948\" data-id=\"60ef948\" data-element_type=\"column\">\n\t\t\t<div class=\"elementor-widget-wrap elementor-element-populated\">\n\t\t\t\t\t\t<div class=\"elementor-element elementor-element-0d71cef elementor-widget elementor-widget-text-editor\" data-id=\"0d71cef\" data-element_type=\"widget\" data-widget_type=\"text-editor.default\">\n\t\t\t\t<div class=\"elementor-widget-container\">\n\t\t\t\t\t\t\t\t\t<p>Nesta quarta-feira (03), a Pol\u00edcia Civil de Santa Catarina, por meio da Delegacia de Pol\u00edcia de Timb\u00e9 do Sul com o apoio operacional das delegacias de Turvo e Jacinto Machado, cumpriu mandado de pris\u00e3o preventiva de uma mulher conhecida por suas tend\u00eancias incendi\u00e1rias, ap\u00f3s ato de crueldade animal. A captura ocorreu ap\u00f3s a suspeita amea\u00e7ar atear fogo na casa de um vizinho e por ter brutalmente assassinado sua gata com golpes de machado na \u00faltima semana.<\/p>\n<p>De acordo com informa\u00e7\u00f5es a mulher vinha sendo monitorada devido aos frequentes comportamentos agressivos e amea\u00e7adores contra moradores locais. O incidente mais recente, que resultou na morte da gata, chocou a comunidade de Timb\u00e9 do Sul e gerou revolta entre os ativistas dos direitos dos animais.<\/p>\n<p>A a\u00e7\u00e3o policial, que contou com o suporte de policiais civis das cidades vizinhas, foi realizada para garantir a seguran\u00e7a da popula\u00e7\u00e3o. A autora dos fatos foi detida sem resist\u00eancia em sua resid\u00eancia e encaminhada para a delegacia local, onde foram tomadas as medidas legais cab\u00edveis, e responder\u00e1 pelo crime de maus-tratos a animal dom\u00e9stico, previsto na Lei de crimes Ambientais e amea\u00e7a.<\/p>\n<p>Os vizinhos da mulher relataram ter vivido momentos de grande temor diante das amea\u00e7as de inc\u00eandio e da brutalidade com que a gata foi assassinada. A comunidade de Timb\u00e9 do Sul espera que a pris\u00e3o da mulher traga paz e seguran\u00e7a novamente \u00e0 localidade de Molha C\u00f4co, ap\u00f3s dias de apreens\u00e3o e medo.<span style=\"color: var( --e-global-color-text ); font-family: var( --e-global-typography-primary-font-family ), Sans-serif; font-size: var( --e-global-typography-primary-font-size ); font-weight: var( --e-global-typography-primary-font-weight ); letter-spacing: var( --e-global-typography-primary-letter-spacing );\">&nbsp;<\/span><\/p>\t\t\t\t\t\t\t\t<\/div>\n\t\t\t\t<\/div>\n\t\t\t\t\t<\/div>\n\t\t<\/div>\n\t\t\t\t\t<\/div>\n\t\t<\/section>\n\t\t\t\t<\/div>\n\t\t","protected":false},"excerpt":{"rendered":"<p>Em Timb\u00e9 do Sul, Pol\u00edcia Civil prende preventivamente mulher ap\u00f3s matar gato a pauladas Nesta quarta-feira (03), a Pol\u00edcia Civil de Santa Catarina, por meio da Delegacia de Pol\u00edcia de Timb\u00e9 do Sul com o apoio operacional das delegacias de Turvo e Jacinto Machado, cumpriu mandado de pris\u00e3o preventiva de uma mulher conhecida por suas [&hellip;]<\/p>\n","protected":false},"author":5,"featured_media":21514,"comment_status":"closed","ping_status":"open","sticky":false,"template":"","format":"standard","meta":{"_monsterinsights_skip_tracking":false,"_monsterinsights_sitenote_active":false,"_monsterinsights_sitenote_note":"","_monsterinsights_sitenote_category":0,"footnotes":""},"categories":[1],"tags":[],"class_list":["post-21513","post","type-post","status-publish","format-standard","has-post-thumbnail","hentry","category-sem-categoria"],"_links":{"self":[{"href":"https:\/\/pc.sc.gov.br\/index.php?rest_route=\/wp\/v2\/posts\/21513","targetHints":{"allow":["GET"]}}],"collection":[{"href":"https:\/\/pc.sc.gov.br\/index.php?rest_route=\/wp\/v2\/posts"}],"about":[{"href":"https:\/\/pc.sc.gov.br\/index.php?rest_route=\/wp\/v2\/types\/post"}],"author":[{"embeddable":true,"href":"https:\/\/pc.sc.gov.br\/index.php?rest_route=\/wp\/v2\/users\/5"}],"replies":[{"embeddable":true,"href":"https:\/\/pc.sc.gov.br\/index.php?rest_route=%2Fwp%2Fv2%2Fcomments&post=21513"}],"version-history":[{"count":6,"href":"https:\/\/pc.sc.gov.br\/index.php?rest_route=\/wp\/v2\/posts\/21513\/revisions"}],"predecessor-version":[{"id":21520,"href":"https:\/\/pc.sc.gov.br\/index.php?rest_route=\/wp\/v2\/posts\/21513\/revisions\/21520"}],"wp:featuredmedia":[{"embeddable":true,"href":"https:\/\/pc.sc.gov.br\/index.php?rest_route=\/wp\/v2\/media\/21514"}],"wp:attachment":[{"href":"https:\/\/pc.sc.gov.br\/index.php?rest_route=%2Fwp%2Fv2%2Fmedia&parent=21513"}],"wp:term":[{"taxonomy":"category","embeddable":true,"href":"https:\/\/pc.sc.gov.br\/index.php?rest_route=%2Fwp%2Fv2%2Fcategories&post=21513"},{"taxonomy":"post_tag","embeddable":true,"href":"https:\/\/pc.sc.gov.br\/index.php?rest_route=%2Fwp%2Fv2%2Ftags&post=21513"}],"curies":[{"name":"wp","href":"https:\/\/api.w.org\/{rel}","templated":true}]}}