{"id":21532,"date":"2024-07-04T14:18:10","date_gmt":"2024-07-04T17:18:10","guid":{"rendered":"https:\/\/pc.sc.gov.br\/?p=21532"},"modified":"2024-07-04T14:19:50","modified_gmt":"2024-07-04T17:19:50","slug":"em-criciuma-policia-civil-identifica-dois-autores-de-roubos-em-posto-de-combustivel","status":"publish","type":"post","link":"https:\/\/pc.sc.gov.br\/?p=21532","title":{"rendered":"Em Crici\u00fama, Pol\u00edcia Civil identifica dois autores de roubos em posto de combust\u00edvel"},"content":{"rendered":"\t\t<div data-elementor-type=\"wp-post\" data-elementor-id=\"21532\" class=\"elementor elementor-21532\" data-elementor-post-type=\"post\">\n\t\t\t\t\t\t<section class=\"elementor-section elementor-top-section elementor-element elementor-element-cc4645e elementor-section-boxed elementor-section-height-default elementor-section-height-default\" data-id=\"cc4645e\" data-element_type=\"section\">\n\t\t\t\t\t\t<div class=\"elementor-container elementor-column-gap-default\">\n\t\t\t\t\t<div class=\"elementor-column elementor-col-100 elementor-top-column elementor-element elementor-element-7ff6aeb\" data-id=\"7ff6aeb\" data-element_type=\"column\">\n\t\t\t<div class=\"elementor-widget-wrap elementor-element-populated\">\n\t\t\t\t\t\t<div class=\"elementor-element elementor-element-cbafe22 elementor-widget elementor-widget-heading\" data-id=\"cbafe22\" data-element_type=\"widget\" data-widget_type=\"heading.default\">\n\t\t\t\t<div class=\"elementor-widget-container\">\n\t\t\t\t\t<h2 class=\"elementor-heading-title elementor-size-default\">Em Crici\u00fama, Pol\u00edcia Civil identifica dois autores de roubos em posto de combust\u00edvel<\/h2>\t\t\t\t<\/div>\n\t\t\t\t<\/div>\n\t\t\t\t\t<\/div>\n\t\t<\/div>\n\t\t\t\t\t<\/div>\n\t\t<\/section>\n\t\t\t\t<section class=\"elementor-section elementor-top-section elementor-element elementor-element-e86df29 elementor-section-boxed elementor-section-height-default elementor-section-height-default\" data-id=\"e86df29\" data-element_type=\"section\">\n\t\t\t\t\t\t<div class=\"elementor-container elementor-column-gap-default\">\n\t\t\t\t\t<div class=\"elementor-column elementor-col-100 elementor-top-column elementor-element elementor-element-47f0f58\" data-id=\"47f0f58\" data-element_type=\"column\">\n\t\t\t<div class=\"elementor-widget-wrap elementor-element-populated\">\n\t\t\t\t\t\t<div class=\"elementor-element elementor-element-3d147c4 elementor-widget elementor-widget-image\" data-id=\"3d147c4\" data-element_type=\"widget\" data-widget_type=\"image.default\">\n\t\t\t\t<div class=\"elementor-widget-container\">\n\t\t\t\t\t\t\t\t\t\t\t\t\t\t\t<img fetchpriority=\"high\" decoding=\"async\" width=\"696\" height=\"377\" src=\"https:\/\/pc.sc.gov.br\/\/wp-content\/uploads\/2024\/07\/WhatsApp-Image-2024-07-04-at-08.30.08-1024x554.jpeg\" class=\"attachment-large size-large wp-image-21533\" alt=\"\" srcset=\"https:\/\/pc.sc.gov.br\/\/wp-content\/uploads\/2024\/07\/WhatsApp-Image-2024-07-04-at-08.30.08-1024x554.jpeg 1024w, https:\/\/pc.sc.gov.br\/\/wp-content\/uploads\/2024\/07\/WhatsApp-Image-2024-07-04-at-08.30.08-300x162.jpeg 300w, https:\/\/pc.sc.gov.br\/\/wp-content\/uploads\/2024\/07\/WhatsApp-Image-2024-07-04-at-08.30.08-768x415.jpeg 768w, https:\/\/pc.sc.gov.br\/\/wp-content\/uploads\/2024\/07\/WhatsApp-Image-2024-07-04-at-08.30.08-1536x830.jpeg 1536w, https:\/\/pc.sc.gov.br\/\/wp-content\/uploads\/2024\/07\/WhatsApp-Image-2024-07-04-at-08.30.08.jpeg 1600w\" sizes=\"(max-width: 696px) 100vw, 696px\" \/>\t\t\t\t\t\t\t\t\t\t\t\t\t\t\t<\/div>\n\t\t\t\t<\/div>\n\t\t\t\t\t<\/div>\n\t\t<\/div>\n\t\t\t\t\t<\/div>\n\t\t<\/section>\n\t\t\t\t<section class=\"elementor-section elementor-top-section elementor-element elementor-element-00f5c85 elementor-section-boxed elementor-section-height-default elementor-section-height-default\" data-id=\"00f5c85\" data-element_type=\"section\">\n\t\t\t\t\t\t<div class=\"elementor-container elementor-column-gap-default\">\n\t\t\t\t\t<div class=\"elementor-column elementor-col-100 elementor-top-column elementor-element elementor-element-11e9425\" data-id=\"11e9425\" data-element_type=\"column\">\n\t\t\t<div class=\"elementor-widget-wrap elementor-element-populated\">\n\t\t\t\t\t\t<div class=\"elementor-element elementor-element-7c0c655 elementor-widget elementor-widget-text-editor\" data-id=\"7c0c655\" data-element_type=\"widget\" data-widget_type=\"text-editor.default\">\n\t\t\t\t<div class=\"elementor-widget-container\">\n\t\t\t\t\t\t\t\t\t<p>A Pol\u00edcia Civil de Santa Catarina, por meio do Departamento de Investiga\u00e7\u00e3o Criminal (DIC)\/ Delegacia de Repress\u00e3o a Roubos (DRR) de Crici\u00fama, finalizou apura\u00e7\u00e3o policial envolvendo&nbsp; assalto ocorrido em loja de conveni\u00eancia de posto de combust\u00edvel, no bairro Vila Nova Esperan\u00e7a. O crime foi registrado em fevereiro.<\/p>\n<p>Ap\u00f3s investiga\u00e7\u00e3o, dois homens foram identificados com envolvimento na infra\u00e7\u00e3o penal. Um deles ingressou no estabelecimento e anunciou o roubo, subtraindo dinheiro do caixa, enquanto o segundo autor permaneceu no carro para garantir a fuga da dupla.&nbsp;<\/p>\n<p>A Pol\u00edcia Civil promoveu o indiciamento e requereu a pris\u00e3o. Um deles acabou preso por um homic\u00eddio anterior. O outro foi capturado por policiais militares no bairro Progresso, sendo encaminhado para o Sistema Prisional.<\/p>\t\t\t\t\t\t\t\t<\/div>\n\t\t\t\t<\/div>\n\t\t\t\t\t<\/div>\n\t\t<\/div>\n\t\t\t\t\t<\/div>\n\t\t<\/section>\n\t\t\t\t<\/div>\n\t\t","protected":false},"excerpt":{"rendered":"<p>Em Crici\u00fama, Pol\u00edcia Civil identifica dois autores de roubos em posto de combust\u00edvel A Pol\u00edcia Civil de Santa Catarina, por meio do Departamento de Investiga\u00e7\u00e3o Criminal (DIC)\/ Delegacia de Repress\u00e3o a Roubos (DRR) de Crici\u00fama, finalizou apura\u00e7\u00e3o policial envolvendo&nbsp; assalto ocorrido em loja de conveni\u00eancia de posto de combust\u00edvel, no bairro Vila Nova Esperan\u00e7a. O [&hellip;]<\/p>\n","protected":false},"author":5,"featured_media":21533,"comment_status":"closed","ping_status":"open","sticky":false,"template":"","format":"standard","meta":{"_monsterinsights_skip_tracking":false,"_monsterinsights_sitenote_active":false,"_monsterinsights_sitenote_note":"","_monsterinsights_sitenote_category":0,"footnotes":""},"categories":[1],"tags":[],"class_list":["post-21532","post","type-post","status-publish","format-standard","has-post-thumbnail","hentry","category-sem-categoria"],"_links":{"self":[{"href":"https:\/\/pc.sc.gov.br\/index.php?rest_route=\/wp\/v2\/posts\/21532","targetHints":{"allow":["GET"]}}],"collection":[{"href":"https:\/\/pc.sc.gov.br\/index.php?rest_route=\/wp\/v2\/posts"}],"about":[{"href":"https:\/\/pc.sc.gov.br\/index.php?rest_route=\/wp\/v2\/types\/post"}],"author":[{"embeddable":true,"href":"https:\/\/pc.sc.gov.br\/index.php?rest_route=\/wp\/v2\/users\/5"}],"replies":[{"embeddable":true,"href":"https:\/\/pc.sc.gov.br\/index.php?rest_route=%2Fwp%2Fv2%2Fcomments&post=21532"}],"version-history":[{"count":3,"href":"https:\/\/pc.sc.gov.br\/index.php?rest_route=\/wp\/v2\/posts\/21532\/revisions"}],"predecessor-version":[{"id":21536,"href":"https:\/\/pc.sc.gov.br\/index.php?rest_route=\/wp\/v2\/posts\/21532\/revisions\/21536"}],"wp:featuredmedia":[{"embeddable":true,"href":"https:\/\/pc.sc.gov.br\/index.php?rest_route=\/wp\/v2\/media\/21533"}],"wp:attachment":[{"href":"https:\/\/pc.sc.gov.br\/index.php?rest_route=%2Fwp%2Fv2%2Fmedia&parent=21532"}],"wp:term":[{"taxonomy":"category","embeddable":true,"href":"https:\/\/pc.sc.gov.br\/index.php?rest_route=%2Fwp%2Fv2%2Fcategories&post=21532"},{"taxonomy":"post_tag","embeddable":true,"href":"https:\/\/pc.sc.gov.br\/index.php?rest_route=%2Fwp%2Fv2%2Ftags&post=21532"}],"curies":[{"name":"wp","href":"https:\/\/api.w.org\/{rel}","templated":true}]}}