{"id":2154,"date":"2022-12-13T12:04:00","date_gmt":"2022-12-13T15:04:00","guid":{"rendered":"https:\/\/pc.sc.gov.br\/?p=2154"},"modified":"2022-12-14T12:07:13","modified_gmt":"2022-12-14T15:07:13","slug":"policia-civil-apreende-grande-quantidade-de-drogas-e-prende-duas-pessoas-em-flagrante-em-balneario-camboriu","status":"publish","type":"post","link":"https:\/\/pc.sc.gov.br\/?p=2154","title":{"rendered":"Pol\u00edcia Civil apreende grande quantidade de drogas e prende duas pessoas em flagrante em Balne\u00e1rio Cambori\u00fa"},"content":{"rendered":"\t\t<div data-elementor-type=\"wp-post\" data-elementor-id=\"2154\" class=\"elementor elementor-2154\" data-elementor-post-type=\"post\">\n\t\t\t\t\t\t<section class=\"elementor-section elementor-top-section elementor-element elementor-element-22a6006 elementor-section-boxed elementor-section-height-default elementor-section-height-default\" data-id=\"22a6006\" data-element_type=\"section\">\n\t\t\t\t\t\t<div class=\"elementor-container elementor-column-gap-default\">\n\t\t\t\t\t<div class=\"elementor-column elementor-col-100 elementor-top-column elementor-element elementor-element-04ed607\" data-id=\"04ed607\" data-element_type=\"column\">\n\t\t\t<div class=\"elementor-widget-wrap elementor-element-populated\">\n\t\t\t\t\t\t<div class=\"elementor-element elementor-element-e5964da elementor-widget elementor-widget-heading\" data-id=\"e5964da\" data-element_type=\"widget\" data-widget_type=\"heading.default\">\n\t\t\t\t<div class=\"elementor-widget-container\">\n\t\t\t\t\t<h2 class=\"elementor-heading-title elementor-size-default\">Pol\u00edcia Civil apreende grande quantidade de drogas e prende duas pessoas em flagrante em Balne\u00e1rio Cambori\u00fa\n<\/h2>\t\t\t\t<\/div>\n\t\t\t\t<\/div>\n\t\t\t\t\t<\/div>\n\t\t<\/div>\n\t\t\t\t\t<\/div>\n\t\t<\/section>\n\t\t\t\t<section class=\"elementor-section elementor-top-section elementor-element elementor-element-3e09690 elementor-section-boxed elementor-section-height-default elementor-section-height-default\" data-id=\"3e09690\" data-element_type=\"section\">\n\t\t\t\t\t\t<div class=\"elementor-container elementor-column-gap-default\">\n\t\t\t\t\t<div class=\"elementor-column elementor-col-100 elementor-top-column elementor-element elementor-element-0ca88ef\" data-id=\"0ca88ef\" data-element_type=\"column\">\n\t\t\t<div class=\"elementor-widget-wrap elementor-element-populated\">\n\t\t\t\t\t\t<div class=\"elementor-element elementor-element-6fb66ea elementor-widget elementor-widget-image\" data-id=\"6fb66ea\" data-element_type=\"widget\" data-widget_type=\"image.default\">\n\t\t\t\t<div class=\"elementor-widget-container\">\n\t\t\t\t\t\t\t\t\t\t\t\t\t\t\t<img fetchpriority=\"high\" decoding=\"async\" width=\"696\" height=\"522\" src=\"https:\/\/pc.sc.gov.br\/\/wp-content\/uploads\/2022\/12\/01-1-1024x768.jpeg\" class=\"attachment-large size-large wp-image-2155\" alt=\"\" srcset=\"https:\/\/pc.sc.gov.br\/\/wp-content\/uploads\/2022\/12\/01-1-1024x768.jpeg 1024w, https:\/\/pc.sc.gov.br\/\/wp-content\/uploads\/2022\/12\/01-1-300x225.jpeg 300w, https:\/\/pc.sc.gov.br\/\/wp-content\/uploads\/2022\/12\/01-1-768x576.jpeg 768w, https:\/\/pc.sc.gov.br\/\/wp-content\/uploads\/2022\/12\/01-1-1536x1152.jpeg 1536w, https:\/\/pc.sc.gov.br\/\/wp-content\/uploads\/2022\/12\/01-1.jpeg 1600w\" sizes=\"(max-width: 696px) 100vw, 696px\" \/>\t\t\t\t\t\t\t\t\t\t\t\t\t\t\t<\/div>\n\t\t\t\t<\/div>\n\t\t\t\t<div class=\"elementor-element elementor-element-040a47d elementor-widget elementor-widget-text-editor\" data-id=\"040a47d\" data-element_type=\"widget\" data-widget_type=\"text-editor.default\">\n\t\t\t\t<div class=\"elementor-widget-container\">\n\t\t\t\t\t\t\t\t\t<p>Nesta ter\u00e7a-feira (13), a Pol\u00edcia Civil de Santa Catarina, por meio da Delegacia de Repress\u00e3o a Entorpecentes da Diretoria Estadual de Investiga\u00e7\u00f5es Criminais (DRE\/DEIC), cumpriu mandado de busca e apreens\u00e3o em Balne\u00e1rio Cambori\u00fa, em continuidade \u00e0 opera\u00e7\u00e3o \u201cCaixa Postal\u201d.<br \/><br \/>Na ocasi\u00e3o, dois homens foram presos em flagrante e foi apreendida uma grande quantidade de drogas (lsd, skunk, maconha, ecstasy e haxixe). Na a\u00e7\u00e3o de hoje foi localizada tamb\u00e9m uma arma de fogo que estava em posse dos suspeitos.<br \/><br \/>A opera\u00e7\u00e3o ganhou esse nome porque os investigados utilizavam diversas modalidades de envio para a venda das drogas, inclusive remessa via sistema postal. Durante as dilig\u00eancias da opera\u00e7\u00e3o \u201cCaixa Postal\u201d, que j\u00e1 se estendem por alguns meses, foi apreendida grande quantidade de drogas sint\u00e9ticas, cinco pessoas foram presas e outras v\u00e1rias foram conduzidas para prestar esclarecimentos \u00e0 Pol\u00edcia Civil.<\/p><p>\u00a0<\/p>\t\t\t\t\t\t\t\t<\/div>\n\t\t\t\t<\/div>\n\t\t\t\t\t<\/div>\n\t\t<\/div>\n\t\t\t\t\t<\/div>\n\t\t<\/section>\n\t\t\t\t<\/div>\n\t\t","protected":false},"excerpt":{"rendered":"<p>Pol\u00edcia Civil apreende grande quantidade de drogas e prende duas pessoas em flagrante em Balne\u00e1rio Cambori\u00fa Nesta ter\u00e7a-feira (13), a Pol\u00edcia Civil de Santa Catarina, por meio da Delegacia de Repress\u00e3o a Entorpecentes da Diretoria Estadual de Investiga\u00e7\u00f5es Criminais (DRE\/DEIC), cumpriu mandado de busca e apreens\u00e3o em Balne\u00e1rio Cambori\u00fa, em continuidade \u00e0 opera\u00e7\u00e3o \u201cCaixa Postal\u201d. [&hellip;]<\/p>\n","protected":false},"author":2,"featured_media":2155,"comment_status":"closed","ping_status":"open","sticky":false,"template":"elementor_header_footer","format":"standard","meta":{"_monsterinsights_skip_tracking":false,"_monsterinsights_sitenote_active":false,"_monsterinsights_sitenote_note":"","_monsterinsights_sitenote_category":0,"footnotes":""},"categories":[1],"tags":[],"class_list":["post-2154","post","type-post","status-publish","format-standard","has-post-thumbnail","hentry","category-sem-categoria"],"_links":{"self":[{"href":"https:\/\/pc.sc.gov.br\/index.php?rest_route=\/wp\/v2\/posts\/2154","targetHints":{"allow":["GET"]}}],"collection":[{"href":"https:\/\/pc.sc.gov.br\/index.php?rest_route=\/wp\/v2\/posts"}],"about":[{"href":"https:\/\/pc.sc.gov.br\/index.php?rest_route=\/wp\/v2\/types\/post"}],"author":[{"embeddable":true,"href":"https:\/\/pc.sc.gov.br\/index.php?rest_route=\/wp\/v2\/users\/2"}],"replies":[{"embeddable":true,"href":"https:\/\/pc.sc.gov.br\/index.php?rest_route=%2Fwp%2Fv2%2Fcomments&post=2154"}],"version-history":[{"count":7,"href":"https:\/\/pc.sc.gov.br\/index.php?rest_route=\/wp\/v2\/posts\/2154\/revisions"}],"predecessor-version":[{"id":2163,"href":"https:\/\/pc.sc.gov.br\/index.php?rest_route=\/wp\/v2\/posts\/2154\/revisions\/2163"}],"wp:featuredmedia":[{"embeddable":true,"href":"https:\/\/pc.sc.gov.br\/index.php?rest_route=\/wp\/v2\/media\/2155"}],"wp:attachment":[{"href":"https:\/\/pc.sc.gov.br\/index.php?rest_route=%2Fwp%2Fv2%2Fmedia&parent=2154"}],"wp:term":[{"taxonomy":"category","embeddable":true,"href":"https:\/\/pc.sc.gov.br\/index.php?rest_route=%2Fwp%2Fv2%2Fcategories&post=2154"},{"taxonomy":"post_tag","embeddable":true,"href":"https:\/\/pc.sc.gov.br\/index.php?rest_route=%2Fwp%2Fv2%2Ftags&post=2154"}],"curies":[{"name":"wp","href":"https:\/\/api.w.org\/{rel}","templated":true}]}}