{"id":21543,"date":"2024-07-04T15:08:31","date_gmt":"2024-07-04T18:08:31","guid":{"rendered":"https:\/\/pc.sc.gov.br\/?p=21543"},"modified":"2024-07-04T15:18:02","modified_gmt":"2024-07-04T18:18:02","slug":"operacao-inverno-pcsc-e-sec-da-fazenda-realizam-fiscalizacao-na-cidade-de-sao-joaquim","status":"publish","type":"post","link":"https:\/\/pc.sc.gov.br\/?p=21543","title":{"rendered":"Opera\u00e7\u00e3o &#8220;Inverno&#8221;: PCSC e Sec da Fazenda realizam fiscaliza\u00e7\u00e3o na cidade de S\u00e3o Joaquim"},"content":{"rendered":"\t\t<div data-elementor-type=\"wp-post\" data-elementor-id=\"21543\" class=\"elementor elementor-21543\" data-elementor-post-type=\"post\">\n\t\t\t\t\t\t<section class=\"elementor-section elementor-top-section elementor-element elementor-element-2a2c8e8 elementor-section-boxed elementor-section-height-default elementor-section-height-default\" data-id=\"2a2c8e8\" data-element_type=\"section\">\n\t\t\t\t\t\t<div class=\"elementor-container elementor-column-gap-default\">\n\t\t\t\t\t<div class=\"elementor-column elementor-col-100 elementor-top-column elementor-element elementor-element-9246fee\" data-id=\"9246fee\" data-element_type=\"column\">\n\t\t\t<div class=\"elementor-widget-wrap elementor-element-populated\">\n\t\t\t\t\t\t<div class=\"elementor-element elementor-element-a33c87d elementor-widget elementor-widget-heading\" data-id=\"a33c87d\" data-element_type=\"widget\" data-widget_type=\"heading.default\">\n\t\t\t\t<div class=\"elementor-widget-container\">\n\t\t\t\t\t<h2 class=\"elementor-heading-title elementor-size-default\">Opera\u00e7\u00e3o \"Inverno\": PCSC e Secretaria de estado da Fazenda realizam fiscaliza\u00e7\u00e3o na cidade de S\u00e3o Joaquim<\/h2>\t\t\t\t<\/div>\n\t\t\t\t<\/div>\n\t\t\t\t\t<\/div>\n\t\t<\/div>\n\t\t\t\t\t<\/div>\n\t\t<\/section>\n\t\t\t\t<section class=\"elementor-section elementor-top-section elementor-element elementor-element-20e3c15 elementor-section-boxed elementor-section-height-default elementor-section-height-default\" data-id=\"20e3c15\" data-element_type=\"section\">\n\t\t\t\t\t\t<div class=\"elementor-container elementor-column-gap-default\">\n\t\t\t\t\t<div class=\"elementor-column elementor-col-100 elementor-top-column elementor-element elementor-element-eda393c\" data-id=\"eda393c\" data-element_type=\"column\">\n\t\t\t<div class=\"elementor-widget-wrap elementor-element-populated\">\n\t\t\t\t\t\t<div class=\"elementor-element elementor-element-818fdd5 elementor-widget elementor-widget-image\" data-id=\"818fdd5\" data-element_type=\"widget\" data-widget_type=\"image.default\">\n\t\t\t\t<div class=\"elementor-widget-container\">\n\t\t\t\t\t\t\t\t\t\t\t\t\t\t\t<img fetchpriority=\"high\" decoding=\"async\" width=\"696\" height=\"587\" src=\"https:\/\/pc.sc.gov.br\/\/wp-content\/uploads\/2024\/07\/c76d5e3f-f4f6-4526-81e5-eecf34bb496c-fotor-2024070415218.jpg\" class=\"attachment-large size-large wp-image-21544\" alt=\"\" srcset=\"https:\/\/pc.sc.gov.br\/\/wp-content\/uploads\/2024\/07\/c76d5e3f-f4f6-4526-81e5-eecf34bb496c-fotor-2024070415218.jpg 842w, https:\/\/pc.sc.gov.br\/\/wp-content\/uploads\/2024\/07\/c76d5e3f-f4f6-4526-81e5-eecf34bb496c-fotor-2024070415218-300x253.jpg 300w, https:\/\/pc.sc.gov.br\/\/wp-content\/uploads\/2024\/07\/c76d5e3f-f4f6-4526-81e5-eecf34bb496c-fotor-2024070415218-768x648.jpg 768w\" sizes=\"(max-width: 696px) 100vw, 696px\" \/>\t\t\t\t\t\t\t\t\t\t\t\t\t\t\t<\/div>\n\t\t\t\t<\/div>\n\t\t\t\t\t<\/div>\n\t\t<\/div>\n\t\t\t\t\t<\/div>\n\t\t<\/section>\n\t\t\t\t<section class=\"elementor-section elementor-top-section elementor-element elementor-element-ddcdc8c elementor-section-boxed elementor-section-height-default elementor-section-height-default\" data-id=\"ddcdc8c\" data-element_type=\"section\">\n\t\t\t\t\t\t<div class=\"elementor-container elementor-column-gap-default\">\n\t\t\t\t\t<div class=\"elementor-column elementor-col-100 elementor-top-column elementor-element elementor-element-5f288ff\" data-id=\"5f288ff\" data-element_type=\"column\">\n\t\t\t<div class=\"elementor-widget-wrap elementor-element-populated\">\n\t\t\t\t\t\t<div class=\"elementor-element elementor-element-1da2142 elementor-widget elementor-widget-text-editor\" data-id=\"1da2142\" data-element_type=\"widget\" data-widget_type=\"text-editor.default\">\n\t\t\t\t<div class=\"elementor-widget-container\">\n\t\t\t\t\t\t\t\t\t<p>Uma opera\u00e7\u00e3o conjunta entre a Delegacia de Investiga\u00e7\u00e3o dos Crimes contra a Fazenda P\u00fablica (DFAZ\/DEIC) e a Secretaria de Estado da Fazenda (SEFAZ), nesta quarta-feira (03) realizou fiscaliza\u00e7\u00e3o no munic\u00edpio de S\u00e3o Joaquim.<\/p><p>A a\u00e7\u00e3o se deu em postos de combust\u00edvel e o material angariado segue para an\u00e1lise administrativa dos auditores fiscais. Na oportunidade, tamb\u00e9m foram verificados os alvar\u00e1s expedidos pela Pol\u00edcia Civil e sua validade.<\/p><p>A DFAZ agradece o apoio prestado tamb\u00e9m pela DRP de S\u00e3o Joaquim, \u00e0 Diretoria da DEIC e seu NINT, e a DFRV e reafirma seu compromisso com a sociedade catarinense no combate \u00e0 sonega\u00e7\u00e3o fiscal.<\/p>\t\t\t\t\t\t\t\t<\/div>\n\t\t\t\t<\/div>\n\t\t\t\t\t<\/div>\n\t\t<\/div>\n\t\t\t\t\t<\/div>\n\t\t<\/section>\n\t\t\t\t<\/div>\n\t\t","protected":false},"excerpt":{"rendered":"<p>Opera\u00e7\u00e3o &#8220;Inverno&#8221;: PCSC e Secretaria de estado da Fazenda realizam fiscaliza\u00e7\u00e3o na cidade de S\u00e3o Joaquim Uma opera\u00e7\u00e3o conjunta entre a Delegacia de Investiga\u00e7\u00e3o dos Crimes contra a Fazenda P\u00fablica (DFAZ\/DEIC) e a Secretaria de Estado da Fazenda (SEFAZ), nesta quarta-feira (03) realizou fiscaliza\u00e7\u00e3o no munic\u00edpio de S\u00e3o Joaquim. A a\u00e7\u00e3o se deu em postos [&hellip;]<\/p>\n","protected":false},"author":5,"featured_media":21544,"comment_status":"closed","ping_status":"open","sticky":false,"template":"","format":"standard","meta":{"_monsterinsights_skip_tracking":false,"_monsterinsights_sitenote_active":false,"_monsterinsights_sitenote_note":"","_monsterinsights_sitenote_category":0,"footnotes":""},"categories":[1],"tags":[],"class_list":["post-21543","post","type-post","status-publish","format-standard","has-post-thumbnail","hentry","category-sem-categoria"],"_links":{"self":[{"href":"https:\/\/pc.sc.gov.br\/index.php?rest_route=\/wp\/v2\/posts\/21543","targetHints":{"allow":["GET"]}}],"collection":[{"href":"https:\/\/pc.sc.gov.br\/index.php?rest_route=\/wp\/v2\/posts"}],"about":[{"href":"https:\/\/pc.sc.gov.br\/index.php?rest_route=\/wp\/v2\/types\/post"}],"author":[{"embeddable":true,"href":"https:\/\/pc.sc.gov.br\/index.php?rest_route=\/wp\/v2\/users\/5"}],"replies":[{"embeddable":true,"href":"https:\/\/pc.sc.gov.br\/index.php?rest_route=%2Fwp%2Fv2%2Fcomments&post=21543"}],"version-history":[{"count":8,"href":"https:\/\/pc.sc.gov.br\/index.php?rest_route=\/wp\/v2\/posts\/21543\/revisions"}],"predecessor-version":[{"id":21558,"href":"https:\/\/pc.sc.gov.br\/index.php?rest_route=\/wp\/v2\/posts\/21543\/revisions\/21558"}],"wp:featuredmedia":[{"embeddable":true,"href":"https:\/\/pc.sc.gov.br\/index.php?rest_route=\/wp\/v2\/media\/21544"}],"wp:attachment":[{"href":"https:\/\/pc.sc.gov.br\/index.php?rest_route=%2Fwp%2Fv2%2Fmedia&parent=21543"}],"wp:term":[{"taxonomy":"category","embeddable":true,"href":"https:\/\/pc.sc.gov.br\/index.php?rest_route=%2Fwp%2Fv2%2Fcategories&post=21543"},{"taxonomy":"post_tag","embeddable":true,"href":"https:\/\/pc.sc.gov.br\/index.php?rest_route=%2Fwp%2Fv2%2Ftags&post=21543"}],"curies":[{"name":"wp","href":"https:\/\/api.w.org\/{rel}","templated":true}]}}