{"id":21549,"date":"2024-07-04T15:10:36","date_gmt":"2024-07-04T18:10:36","guid":{"rendered":"https:\/\/pc.sc.gov.br\/?p=21549"},"modified":"2024-07-04T15:11:22","modified_gmt":"2024-07-04T18:11:22","slug":"operacao-inverno-policia-civil-realiza-fiscalizacao-de-estabelecimentos-comerciais-na-serra-catarinense","status":"publish","type":"post","link":"https:\/\/pc.sc.gov.br\/?p=21549","title":{"rendered":"Opera\u00e7\u00e3o \u201cInverno\u201d: Pol\u00edcia Civil realiza fiscaliza\u00e7\u00e3o de estabelecimentos comerciais na Serra Catarinense"},"content":{"rendered":"\t\t<div data-elementor-type=\"wp-post\" data-elementor-id=\"21549\" class=\"elementor elementor-21549\" data-elementor-post-type=\"post\">\n\t\t\t\t\t\t<section class=\"elementor-section elementor-top-section elementor-element elementor-element-06e5738 elementor-section-boxed elementor-section-height-default elementor-section-height-default\" data-id=\"06e5738\" data-element_type=\"section\">\n\t\t\t\t\t\t<div class=\"elementor-container elementor-column-gap-default\">\n\t\t\t\t\t<div class=\"elementor-column elementor-col-100 elementor-top-column elementor-element elementor-element-a447a35\" data-id=\"a447a35\" data-element_type=\"column\">\n\t\t\t<div class=\"elementor-widget-wrap elementor-element-populated\">\n\t\t\t\t\t\t<div class=\"elementor-element elementor-element-c4fa387 elementor-widget elementor-widget-heading\" data-id=\"c4fa387\" data-element_type=\"widget\" data-widget_type=\"heading.default\">\n\t\t\t\t<div class=\"elementor-widget-container\">\n\t\t\t\t\t<h2 class=\"elementor-heading-title elementor-size-default\">Opera\u00e7\u00e3o \u201cInverno\u201d: Pol\u00edcia Civil realiza fiscaliza\u00e7\u00e3o de estabelecimentos comerciais na Serra Catarinense<\/h2>\t\t\t\t<\/div>\n\t\t\t\t<\/div>\n\t\t\t\t\t<\/div>\n\t\t<\/div>\n\t\t\t\t\t<\/div>\n\t\t<\/section>\n\t\t\t\t<section class=\"elementor-section elementor-top-section elementor-element elementor-element-1db1056 elementor-section-boxed elementor-section-height-default elementor-section-height-default\" data-id=\"1db1056\" data-element_type=\"section\">\n\t\t\t\t\t\t<div class=\"elementor-container elementor-column-gap-default\">\n\t\t\t\t\t<div class=\"elementor-column elementor-col-100 elementor-top-column elementor-element elementor-element-27aa5ea\" data-id=\"27aa5ea\" data-element_type=\"column\">\n\t\t\t<div class=\"elementor-widget-wrap elementor-element-populated\">\n\t\t\t\t\t\t<div class=\"elementor-element elementor-element-0ffe27e elementor-widget elementor-widget-image\" data-id=\"0ffe27e\" data-element_type=\"widget\" data-widget_type=\"image.default\">\n\t\t\t\t<div class=\"elementor-widget-container\">\n\t\t\t\t\t\t\t\t\t\t\t\t\t\t\t<img fetchpriority=\"high\" decoding=\"async\" width=\"696\" height=\"870\" src=\"https:\/\/pc.sc.gov.br\/\/wp-content\/uploads\/2024\/07\/WhatsApp-Image-2024-07-04-at-14.36.43-819x1024.jpeg\" class=\"attachment-large size-large wp-image-21550\" alt=\"\" srcset=\"https:\/\/pc.sc.gov.br\/\/wp-content\/uploads\/2024\/07\/WhatsApp-Image-2024-07-04-at-14.36.43-819x1024.jpeg 819w, https:\/\/pc.sc.gov.br\/\/wp-content\/uploads\/2024\/07\/WhatsApp-Image-2024-07-04-at-14.36.43-240x300.jpeg 240w, https:\/\/pc.sc.gov.br\/\/wp-content\/uploads\/2024\/07\/WhatsApp-Image-2024-07-04-at-14.36.43-768x960.jpeg 768w, https:\/\/pc.sc.gov.br\/\/wp-content\/uploads\/2024\/07\/WhatsApp-Image-2024-07-04-at-14.36.43-1229x1536.jpeg 1229w, https:\/\/pc.sc.gov.br\/\/wp-content\/uploads\/2024\/07\/WhatsApp-Image-2024-07-04-at-14.36.43.jpeg 1280w\" sizes=\"(max-width: 696px) 100vw, 696px\" \/>\t\t\t\t\t\t\t\t\t\t\t\t\t\t\t<\/div>\n\t\t\t\t<\/div>\n\t\t\t\t\t<\/div>\n\t\t<\/div>\n\t\t\t\t\t<\/div>\n\t\t<\/section>\n\t\t\t\t<section class=\"elementor-section elementor-top-section elementor-element elementor-element-6bdc380 elementor-section-boxed elementor-section-height-default elementor-section-height-default\" data-id=\"6bdc380\" data-element_type=\"section\">\n\t\t\t\t\t\t<div class=\"elementor-container elementor-column-gap-default\">\n\t\t\t\t\t<div class=\"elementor-column elementor-col-100 elementor-top-column elementor-element elementor-element-cf7e892\" data-id=\"cf7e892\" data-element_type=\"column\">\n\t\t\t<div class=\"elementor-widget-wrap elementor-element-populated\">\n\t\t\t\t\t\t<div class=\"elementor-element elementor-element-a9fc167 elementor-widget elementor-widget-text-editor\" data-id=\"a9fc167\" data-element_type=\"widget\" data-widget_type=\"text-editor.default\">\n\t\t\t\t<div class=\"elementor-widget-container\">\n\t\t\t\t\t\t\t\t\t<p>A Pol\u00edcia Civil de Santa Catarina, por meio da Delegacia de Furtos e Roubos de Ve\u00edculos da Diretoria Estadual de Investiga\u00e7\u00f5es Criminais, em conjunto com a Delegacia de Pol\u00edcia da Comarca de Urubici e Pol\u00edcia Cient\u00edfica de S\u00e3o Joaquim, dando continuidade \u00e0s a\u00e7\u00f5es de fiscaliza\u00e7\u00e3o da opera\u00e7\u00e3o \u201cInverno\u201d, que visa coibir o com\u00e9rcio ilegal de pe\u00e7as automotivas, visitou diversos estabelecimentos comerciais na Serra Catarinense.<\/p><p>Durante as a\u00e7\u00f5es, realizadas nas lojas, foram identificadas motos adulteradas e ve\u00edculos, conhecidos popularmente como &#8220;gaiolas&#8221;, com n\u00fameros de identifica\u00e7\u00e3o suprimidos.<\/p><p>Os propriet\u00e1rios foram conduzidos a Delegacia de Pol\u00edcia para os procedimentos cartor\u00e1rios cab\u00edveis.<\/p>\t\t\t\t\t\t\t\t<\/div>\n\t\t\t\t<\/div>\n\t\t\t\t\t<\/div>\n\t\t<\/div>\n\t\t\t\t\t<\/div>\n\t\t<\/section>\n\t\t\t\t<\/div>\n\t\t","protected":false},"excerpt":{"rendered":"<p>Opera\u00e7\u00e3o \u201cInverno\u201d: Pol\u00edcia Civil realiza fiscaliza\u00e7\u00e3o de estabelecimentos comerciais na Serra Catarinense A Pol\u00edcia Civil de Santa Catarina, por meio da Delegacia de Furtos e Roubos de Ve\u00edculos da Diretoria Estadual de Investiga\u00e7\u00f5es Criminais, em conjunto com a Delegacia de Pol\u00edcia da Comarca de Urubici e Pol\u00edcia Cient\u00edfica de S\u00e3o Joaquim, dando continuidade \u00e0s a\u00e7\u00f5es [&hellip;]<\/p>\n","protected":false},"author":5,"featured_media":21550,"comment_status":"closed","ping_status":"open","sticky":false,"template":"","format":"standard","meta":{"_monsterinsights_skip_tracking":false,"_monsterinsights_sitenote_active":false,"_monsterinsights_sitenote_note":"","_monsterinsights_sitenote_category":0,"footnotes":""},"categories":[1],"tags":[],"class_list":["post-21549","post","type-post","status-publish","format-standard","has-post-thumbnail","hentry","category-sem-categoria"],"_links":{"self":[{"href":"https:\/\/pc.sc.gov.br\/index.php?rest_route=\/wp\/v2\/posts\/21549","targetHints":{"allow":["GET"]}}],"collection":[{"href":"https:\/\/pc.sc.gov.br\/index.php?rest_route=\/wp\/v2\/posts"}],"about":[{"href":"https:\/\/pc.sc.gov.br\/index.php?rest_route=\/wp\/v2\/types\/post"}],"author":[{"embeddable":true,"href":"https:\/\/pc.sc.gov.br\/index.php?rest_route=\/wp\/v2\/users\/5"}],"replies":[{"embeddable":true,"href":"https:\/\/pc.sc.gov.br\/index.php?rest_route=%2Fwp%2Fv2%2Fcomments&post=21549"}],"version-history":[{"count":4,"href":"https:\/\/pc.sc.gov.br\/index.php?rest_route=\/wp\/v2\/posts\/21549\/revisions"}],"predecessor-version":[{"id":21554,"href":"https:\/\/pc.sc.gov.br\/index.php?rest_route=\/wp\/v2\/posts\/21549\/revisions\/21554"}],"wp:featuredmedia":[{"embeddable":true,"href":"https:\/\/pc.sc.gov.br\/index.php?rest_route=\/wp\/v2\/media\/21550"}],"wp:attachment":[{"href":"https:\/\/pc.sc.gov.br\/index.php?rest_route=%2Fwp%2Fv2%2Fmedia&parent=21549"}],"wp:term":[{"taxonomy":"category","embeddable":true,"href":"https:\/\/pc.sc.gov.br\/index.php?rest_route=%2Fwp%2Fv2%2Fcategories&post=21549"},{"taxonomy":"post_tag","embeddable":true,"href":"https:\/\/pc.sc.gov.br\/index.php?rest_route=%2Fwp%2Fv2%2Ftags&post=21549"}],"curies":[{"name":"wp","href":"https:\/\/api.w.org\/{rel}","templated":true}]}}