{"id":21563,"date":"2024-07-04T17:34:25","date_gmt":"2024-07-04T20:34:25","guid":{"rendered":"https:\/\/pc.sc.gov.br\/?p=21563"},"modified":"2024-07-04T17:39:25","modified_gmt":"2024-07-04T20:39:25","slug":"policia-civil-de-santa-catarina-inaugura-sala-lilas-de-campos-novos","status":"publish","type":"post","link":"https:\/\/pc.sc.gov.br\/?p=21563","title":{"rendered":"Pol\u00edcia Civil de Santa Catarina inaugura Sala Lil\u00e1s de Campos Novos"},"content":{"rendered":"\t\t<div data-elementor-type=\"wp-post\" data-elementor-id=\"21563\" class=\"elementor elementor-21563\" data-elementor-post-type=\"post\">\n\t\t\t\t\t\t<section class=\"elementor-section elementor-top-section elementor-element elementor-element-9b7d52e elementor-section-boxed elementor-section-height-default elementor-section-height-default\" data-id=\"9b7d52e\" data-element_type=\"section\">\n\t\t\t\t\t\t<div class=\"elementor-container elementor-column-gap-default\">\n\t\t\t\t\t<div class=\"elementor-column elementor-col-100 elementor-top-column elementor-element elementor-element-50c647c\" data-id=\"50c647c\" data-element_type=\"column\">\n\t\t\t<div class=\"elementor-widget-wrap elementor-element-populated\">\n\t\t\t\t\t\t<div class=\"elementor-element elementor-element-b4372de elementor-widget elementor-widget-heading\" data-id=\"b4372de\" data-element_type=\"widget\" data-widget_type=\"heading.default\">\n\t\t\t\t<div class=\"elementor-widget-container\">\n\t\t\t\t\t<h2 class=\"elementor-heading-title elementor-size-default\">Pol\u00edcia Civil de Santa Catarina inaugura Sala Lil\u00e1s de Campos Novos<\/h2>\t\t\t\t<\/div>\n\t\t\t\t<\/div>\n\t\t\t\t\t<\/div>\n\t\t<\/div>\n\t\t\t\t\t<\/div>\n\t\t<\/section>\n\t\t\t\t<section class=\"elementor-section elementor-top-section elementor-element elementor-element-563e003 elementor-section-boxed elementor-section-height-default elementor-section-height-default\" data-id=\"563e003\" data-element_type=\"section\">\n\t\t\t\t\t\t<div class=\"elementor-container elementor-column-gap-default\">\n\t\t\t\t\t<div class=\"elementor-column elementor-col-100 elementor-top-column elementor-element elementor-element-46aab3d\" data-id=\"46aab3d\" data-element_type=\"column\">\n\t\t\t<div class=\"elementor-widget-wrap elementor-element-populated\">\n\t\t\t\t\t\t<div class=\"elementor-element elementor-element-fa17603 elementor-widget elementor-widget-image\" data-id=\"fa17603\" data-element_type=\"widget\" data-widget_type=\"image.default\">\n\t\t\t\t<div class=\"elementor-widget-container\">\n\t\t\t\t\t\t\t\t\t\t\t\t\t\t\t<img fetchpriority=\"high\" decoding=\"async\" width=\"696\" height=\"392\" src=\"https:\/\/pc.sc.gov.br\/\/wp-content\/uploads\/2024\/07\/WhatsApp-Image-2024-07-04-at-17.01.51-1024x576.jpeg\" class=\"attachment-large size-large wp-image-21566\" alt=\"\" srcset=\"https:\/\/pc.sc.gov.br\/\/wp-content\/uploads\/2024\/07\/WhatsApp-Image-2024-07-04-at-17.01.51-1024x576.jpeg 1024w, https:\/\/pc.sc.gov.br\/\/wp-content\/uploads\/2024\/07\/WhatsApp-Image-2024-07-04-at-17.01.51-300x169.jpeg 300w, https:\/\/pc.sc.gov.br\/\/wp-content\/uploads\/2024\/07\/WhatsApp-Image-2024-07-04-at-17.01.51-768x432.jpeg 768w, https:\/\/pc.sc.gov.br\/\/wp-content\/uploads\/2024\/07\/WhatsApp-Image-2024-07-04-at-17.01.51-1536x864.jpeg 1536w, https:\/\/pc.sc.gov.br\/\/wp-content\/uploads\/2024\/07\/WhatsApp-Image-2024-07-04-at-17.01.51.jpeg 1600w\" sizes=\"(max-width: 696px) 100vw, 696px\" \/>\t\t\t\t\t\t\t\t\t\t\t\t\t\t\t<\/div>\n\t\t\t\t<\/div>\n\t\t\t\t\t<\/div>\n\t\t<\/div>\n\t\t\t\t\t<\/div>\n\t\t<\/section>\n\t\t\t\t<section class=\"elementor-section elementor-top-section elementor-element elementor-element-a7e8d2d elementor-section-boxed elementor-section-height-default elementor-section-height-default\" data-id=\"a7e8d2d\" data-element_type=\"section\">\n\t\t\t\t\t\t<div class=\"elementor-container elementor-column-gap-default\">\n\t\t\t\t\t<div class=\"elementor-column elementor-col-100 elementor-top-column elementor-element elementor-element-b126c56\" data-id=\"b126c56\" data-element_type=\"column\">\n\t\t\t<div class=\"elementor-widget-wrap elementor-element-populated\">\n\t\t\t\t\t\t<div class=\"elementor-element elementor-element-7a6b314 elementor-widget elementor-widget-text-editor\" data-id=\"7a6b314\" data-element_type=\"widget\" data-widget_type=\"text-editor.default\">\n\t\t\t\t<div class=\"elementor-widget-container\">\n\t\t\t\t\t\t\t\t\t<p>A Pol\u00edcia Civil de Santa Catarina (PCSC) inaugurou nesta quinta-feira (4), a Sala Lil\u00e1s de Campos Novos. Localizada na 26\u00aa Delegacia Regional de Pol\u00edcia (DRP) de Campos Novos, o espa\u00e7o \u00e9 destinado a atender v\u00edtimas de viol\u00eancia. Essa \u00e9 a 33\u00aa Sala Lil\u00e1s ativada no estado. A solenidade de inaugura\u00e7\u00e3o contou a presen\u00e7a do Diretor de Pol\u00edcia do Interior (DPOI), delegado Antonio Lucas Ferreira Pinto e do Delegado Regional Adriano Almeida, entre outras autoridades. &#8220;O enfrentamento \u00e0 viol\u00eancia dom\u00e9stica e familiar \u00e9 um compromisso da Pol\u00edcia Civil. Assim, est\u00e1 sendo&nbsp; instalada em Campos Novos mais uma Sala Lil\u00e1s, um espa\u00e7o humanizado e que tem por finalidade proporcionar um melhor acolhimento \u00e0s vitimas de viol\u00eancia dom\u00e9stica&#8221;, assinalou o titular da 26\u00aa DRP, delegado Adriano Almeida.<\/p>\n<p><span style=\"font-family: var( --e-global-typography-text-font-family ), Sans-serif; font-size: var( --e-global-typography-text-font-size );\">A Sala Lil\u00e1s \u00e9 um espa\u00e7o criado para prestar atendimento especializado e humanizado \u00e0s mulheres que sofreram viol\u00eancia f\u00edsica e sexual, evitando <\/span><span style=\"font-family: var( --e-global-typography-text-font-family ), Sans-serif; font-size: var( --e-global-typography-text-font-size );\">que a v\u00edtima fique exposta na delegacia.&nbsp;<\/span><span style=\"font-family: var( --e-global-typography-text-font-family ), Sans-serif; font-size: var( --e-global-typography-text-font-size );\">A arquitetura da sala contempla uma necessidade b\u00e1sica da v\u00edtima de viol\u00eancia: o acolhimento e a garantia de seguran\u00e7a. Como muitas vezes a m\u00e3e chega \u00e0 unidade policial, acompanhada dos filhos, a sala tamb\u00e9m est\u00e1 adaptada para receber crian\u00e7a.<\/span><\/p>\n<p><span style=\"font-family: var( --e-global-typography-text-font-family ), Sans-serif; font-size: var( --e-global-typography-text-font-size );\">Em Santa Catarina, a PCSC mant\u00e9m uma s\u00e9rie de programas que envolvem informa\u00e7\u00e3o, prote\u00e7\u00e3o e repress\u00e3o aos crimes envolvendo viol\u00eancia contra a Mulher. Dentro do programa PC por Elas, as Delegacias de Prote\u00e7\u00e3o \u00e0 Crian\u00e7a, ao Adolescente, \u00e0 Mulher e Idoso (DPCAMI) \u2013 s\u00e3o 32 unidades policiais no estado \u2013 al\u00e9m do atendimento e investiga\u00e7\u00e3o das ocorr\u00eancias, t\u00eam uma atua\u00e7\u00e3o constante junto \u00e0 comunidade. As DPCAMI promovem a\u00e7\u00f5es n\u00e3o s\u00f3 para mulheres, mas tamb\u00e9m para adolescentes, com objetivo de disseminar a informa\u00e7\u00e3o para conscientizar os grupos sobre quais os tipos e os ciclos da viol\u00eancia.<\/span><\/p>\n<p>As unidades policiais tamb\u00e9m est\u00e3o integradas aos demais \u00f3rg\u00e3os que formam a rede de prote\u00e7\u00e3o para que a mulher, v\u00edtima de viol\u00eancia, acesse os servi\u00e7os p\u00fablicos que auxiliam na retomada do comando de sua vida.<\/p>\n<p><span style=\"font-family: var( --e-global-typography-text-font-family ), Sans-serif; font-size: var( --e-global-typography-text-font-size );\">Nest anos,&nbsp; a PCSC lan\u00e7ou o programa \u201cA Mulher Tem Voz\u201d que prev\u00ea a\u00e7\u00f5es de prote\u00e7\u00e3o e orienta\u00e7\u00e3o em espa\u00e7os de entretenimento com treinamento dos colaboradores de bares, restaurantes, por exemplo, para acolher e buscar ajuda em casos de viol\u00eancia ou ass\u00e9dio contra mulheres.<\/span><\/p>\n<p><span style=\"font-family: var( --e-global-typography-text-font-family ), Sans-serif; font-size: var( --e-global-typography-text-font-size );\">Outra a\u00e7\u00e3o interessante \u00e9 Papo de Homem \u2013 conduzido por um policial civil destina-se a promover a reflex\u00e3o entre homens que cometeram algum tipo de agress\u00e3o de menor potencial ofensivo.<\/span><\/p>\n<p><span style=\"font-family: var( --e-global-typography-text-font-family ), Sans-serif; font-size: var( --e-global-typography-text-font-size );\">Importante ressaltar que a Pol\u00edcia Civil de Santa Catarina atende mulheres v\u00edtimas de viol\u00eancia dom\u00e9stica 24 horas por dia por meio da&nbsp;<\/span><a href=\"https:\/\/delegaciavirtual.sc.gov.br\/\" target=\"_blank\" rel=\"noopener\">Delegacia Virtual<\/a><span style=\"font-family: var( --e-global-typography-text-font-family ), Sans-serif; font-size: var( --e-global-typography-text-font-size );\">, que pode ser acessada de qualquer lugar e a qualquer tempo.&nbsp;<\/span><span style=\"font-family: var( --e-global-typography-text-font-family ), Sans-serif; font-size: var( --e-global-typography-text-font-size ); font-weight: var( --e-global-typography-primary-font-weight ); letter-spacing: var( --e-global-typography-primary-letter-spacing );\">Na Delegacia Virtual, as v\u00edtimas podem fazer o Boletim de Ocorr\u00eancia e, inclusive, pedir medidas protetivas que s\u00e3o imediatamente encaminhadas ao Poder Judici\u00e1rio, uma ferramenta muito eficiente e pioneira no pa\u00eds.<\/span><\/p>\t\t\t\t\t\t\t\t<\/div>\n\t\t\t\t<\/div>\n\t\t\t\t\t<\/div>\n\t\t<\/div>\n\t\t\t\t\t<\/div>\n\t\t<\/section>\n\t\t\t\t<\/div>\n\t\t","protected":false},"excerpt":{"rendered":"<p>Pol\u00edcia Civil de Santa Catarina inaugura Sala Lil\u00e1s de Campos Novos A Pol\u00edcia Civil de Santa Catarina (PCSC) inaugurou nesta quinta-feira (4), a Sala Lil\u00e1s de Campos Novos. Localizada na 26\u00aa Delegacia Regional de Pol\u00edcia (DRP) de Campos Novos, o espa\u00e7o \u00e9 destinado a atender v\u00edtimas de viol\u00eancia. Essa \u00e9 a 33\u00aa Sala Lil\u00e1s ativada [&hellip;]<\/p>\n","protected":false},"author":5,"featured_media":21564,"comment_status":"closed","ping_status":"open","sticky":false,"template":"","format":"standard","meta":{"_monsterinsights_skip_tracking":false,"_monsterinsights_sitenote_active":false,"_monsterinsights_sitenote_note":"","_monsterinsights_sitenote_category":0,"footnotes":""},"categories":[1],"tags":[],"class_list":["post-21563","post","type-post","status-publish","format-standard","has-post-thumbnail","hentry","category-sem-categoria"],"_links":{"self":[{"href":"https:\/\/pc.sc.gov.br\/index.php?rest_route=\/wp\/v2\/posts\/21563","targetHints":{"allow":["GET"]}}],"collection":[{"href":"https:\/\/pc.sc.gov.br\/index.php?rest_route=\/wp\/v2\/posts"}],"about":[{"href":"https:\/\/pc.sc.gov.br\/index.php?rest_route=\/wp\/v2\/types\/post"}],"author":[{"embeddable":true,"href":"https:\/\/pc.sc.gov.br\/index.php?rest_route=\/wp\/v2\/users\/5"}],"replies":[{"embeddable":true,"href":"https:\/\/pc.sc.gov.br\/index.php?rest_route=%2Fwp%2Fv2%2Fcomments&post=21563"}],"version-history":[{"count":4,"href":"https:\/\/pc.sc.gov.br\/index.php?rest_route=\/wp\/v2\/posts\/21563\/revisions"}],"predecessor-version":[{"id":21569,"href":"https:\/\/pc.sc.gov.br\/index.php?rest_route=\/wp\/v2\/posts\/21563\/revisions\/21569"}],"wp:featuredmedia":[{"embeddable":true,"href":"https:\/\/pc.sc.gov.br\/index.php?rest_route=\/wp\/v2\/media\/21564"}],"wp:attachment":[{"href":"https:\/\/pc.sc.gov.br\/index.php?rest_route=%2Fwp%2Fv2%2Fmedia&parent=21563"}],"wp:term":[{"taxonomy":"category","embeddable":true,"href":"https:\/\/pc.sc.gov.br\/index.php?rest_route=%2Fwp%2Fv2%2Fcategories&post=21563"},{"taxonomy":"post_tag","embeddable":true,"href":"https:\/\/pc.sc.gov.br\/index.php?rest_route=%2Fwp%2Fv2%2Ftags&post=21563"}],"curies":[{"name":"wp","href":"https:\/\/api.w.org\/{rel}","templated":true}]}}