{"id":21570,"date":"2024-07-04T17:41:45","date_gmt":"2024-07-04T20:41:45","guid":{"rendered":"https:\/\/pc.sc.gov.br\/?p=21570"},"modified":"2024-07-04T18:14:03","modified_gmt":"2024-07-04T21:14:03","slug":"policia-civil-deflagra-operacao-abaixo-de-zero-em-sao-joaquim-e-urupema-e-prende-12-pessoas","status":"publish","type":"post","link":"https:\/\/pc.sc.gov.br\/?p=21570","title":{"rendered":"Pol\u00edcia Civil deflagra opera\u00e7\u00e3o \u201cSerra Abaixo de Zero\u201d em S\u00e3o Joaquim e Urupema e prende 11 pessoas"},"content":{"rendered":"\t\t<div data-elementor-type=\"wp-post\" data-elementor-id=\"21570\" class=\"elementor elementor-21570\" data-elementor-post-type=\"post\">\n\t\t\t\t\t\t<section class=\"elementor-section elementor-top-section elementor-element elementor-element-4893ab4 elementor-section-boxed elementor-section-height-default elementor-section-height-default\" data-id=\"4893ab4\" data-element_type=\"section\">\n\t\t\t\t\t\t<div class=\"elementor-container elementor-column-gap-default\">\n\t\t\t\t\t<div class=\"elementor-column elementor-col-100 elementor-top-column elementor-element elementor-element-a2abc1a\" data-id=\"a2abc1a\" data-element_type=\"column\">\n\t\t\t<div class=\"elementor-widget-wrap elementor-element-populated\">\n\t\t\t\t\t\t<div class=\"elementor-element elementor-element-401bf94 elementor-widget elementor-widget-heading\" data-id=\"401bf94\" data-element_type=\"widget\" data-widget_type=\"heading.default\">\n\t\t\t\t<div class=\"elementor-widget-container\">\n\t\t\t\t\t<h2 class=\"elementor-heading-title elementor-size-default\">Pol\u00edcia Civil deflagra opera\u00e7\u00e3o \u201cSerra Abaixo de Zero\u201d em S\u00e3o Joaquim e Urupema e prende 11 pessoas<\/h2>\t\t\t\t<\/div>\n\t\t\t\t<\/div>\n\t\t\t\t\t<\/div>\n\t\t<\/div>\n\t\t\t\t\t<\/div>\n\t\t<\/section>\n\t\t\t\t<section class=\"elementor-section elementor-top-section elementor-element elementor-element-76d9d8a elementor-section-boxed elementor-section-height-default elementor-section-height-default\" data-id=\"76d9d8a\" data-element_type=\"section\">\n\t\t\t\t\t\t<div class=\"elementor-container elementor-column-gap-default\">\n\t\t\t\t\t<div class=\"elementor-column elementor-col-100 elementor-top-column elementor-element elementor-element-a941e37\" data-id=\"a941e37\" data-element_type=\"column\">\n\t\t\t<div class=\"elementor-widget-wrap elementor-element-populated\">\n\t\t\t\t\t\t<div class=\"elementor-element elementor-element-899bc5c elementor-widget elementor-widget-image\" data-id=\"899bc5c\" data-element_type=\"widget\" data-widget_type=\"image.default\">\n\t\t\t\t<div class=\"elementor-widget-container\">\n\t\t\t\t\t\t\t\t\t\t\t\t\t\t\t<img fetchpriority=\"high\" decoding=\"async\" width=\"696\" height=\"926\" src=\"https:\/\/pc.sc.gov.br\/\/wp-content\/uploads\/2024\/07\/WhatsApp-Image-2024-07-04-at-17.18.01-770x1024.jpeg\" class=\"attachment-large size-large wp-image-21571\" alt=\"\" srcset=\"https:\/\/pc.sc.gov.br\/\/wp-content\/uploads\/2024\/07\/WhatsApp-Image-2024-07-04-at-17.18.01-770x1024.jpeg 770w, https:\/\/pc.sc.gov.br\/\/wp-content\/uploads\/2024\/07\/WhatsApp-Image-2024-07-04-at-17.18.01-226x300.jpeg 226w, https:\/\/pc.sc.gov.br\/\/wp-content\/uploads\/2024\/07\/WhatsApp-Image-2024-07-04-at-17.18.01-768x1021.jpeg 768w, https:\/\/pc.sc.gov.br\/\/wp-content\/uploads\/2024\/07\/WhatsApp-Image-2024-07-04-at-17.18.01.jpeg 963w\" sizes=\"(max-width: 696px) 100vw, 696px\" \/>\t\t\t\t\t\t\t\t\t\t\t\t\t\t\t<\/div>\n\t\t\t\t<\/div>\n\t\t\t\t\t<\/div>\n\t\t<\/div>\n\t\t\t\t\t<\/div>\n\t\t<\/section>\n\t\t\t\t<section class=\"elementor-section elementor-top-section elementor-element elementor-element-af864bb elementor-section-boxed elementor-section-height-default elementor-section-height-default\" data-id=\"af864bb\" data-element_type=\"section\">\n\t\t\t\t\t\t<div class=\"elementor-container elementor-column-gap-default\">\n\t\t\t\t\t<div class=\"elementor-column elementor-col-100 elementor-top-column elementor-element elementor-element-7007204\" data-id=\"7007204\" data-element_type=\"column\">\n\t\t\t<div class=\"elementor-widget-wrap elementor-element-populated\">\n\t\t\t\t\t\t<div class=\"elementor-element elementor-element-8cb01ad elementor-widget elementor-widget-text-editor\" data-id=\"8cb01ad\" data-element_type=\"widget\" data-widget_type=\"text-editor.default\">\n\t\t\t\t<div class=\"elementor-widget-container\">\n\t\t\t\t\t\t\t\t\t<p>Nesta quinta-feira (04\/07), a Pol\u00edcia Civil de Santa Catarina, por meio da Divis\u00e3o de Investiga\u00e7\u00e3o Criminal de S\u00e3o Joaquim e da Delegacia de Pol\u00edcia do Munic\u00edpio de Urupema, deflagrou a Opera\u00e7\u00e3o \u201cSerra Abaixo de Zero\u201d nas cidades de S\u00e3o Joaquim e de Urupema.<\/p><p>A a\u00e7\u00e3o contou com o apoio de 100 policiais civis e teve como objetivo coibir o tr\u00e1fico de drogas na regi\u00e3o, dando cumprimento a dois mandados de pris\u00e3o tempor\u00e1ria e 14 mandados de busca e apreens\u00e3o que resultaram na pris\u00e3o em flagrante de nove indiv\u00edduos pelos crimes de tr\u00e1fico e associa\u00e7\u00e3o para o tr\u00e1fico, bem como apreens\u00e3o de quantidade significativa de maconha e coca\u00edna, al\u00e9m de v\u00e1rios materiais de interesse \u00e0 investiga\u00e7\u00e3o.\u00a0<\/p><p>A Opera\u00e7\u00e3o \u201cSerra Abaixo de Zero\u201d faz analogia \u00e0 baixa temperatura na regi\u00e3o nessa \u00e9poca do ano, assim como ao objetivo da Pol\u00edcia Civil com a realiza\u00e7\u00e3o da Opera\u00e7\u00e3o Esta\u00e7\u00e3o Inverno, de redu\u00e7\u00e3o da criminalidade a n\u00edveis pr\u00f3ximos de zero.<\/p><p>Por fim, registra-se que a Opera\u00e7\u00e3o Esta\u00e7\u00e3o Inverno contou com a presen\u00e7a da Delegacia-geral itinerante, iniciativa in\u00e9dita do delegado-geral, Ulisses Gabriel, que participou ativamente da execu\u00e7\u00e3o das medidas.<\/p>\t\t\t\t\t\t\t\t<\/div>\n\t\t\t\t<\/div>\n\t\t\t\t\t<\/div>\n\t\t<\/div>\n\t\t\t\t\t<\/div>\n\t\t<\/section>\n\t\t\t\t<\/div>\n\t\t","protected":false},"excerpt":{"rendered":"<p>Pol\u00edcia Civil deflagra opera\u00e7\u00e3o \u201cSerra Abaixo de Zero\u201d em S\u00e3o Joaquim e Urupema e prende 11 pessoas Nesta quinta-feira (04\/07), a Pol\u00edcia Civil de Santa Catarina, por meio da Divis\u00e3o de Investiga\u00e7\u00e3o Criminal de S\u00e3o Joaquim e da Delegacia de Pol\u00edcia do Munic\u00edpio de Urupema, deflagrou a Opera\u00e7\u00e3o \u201cSerra Abaixo de Zero\u201d nas cidades de [&hellip;]<\/p>\n","protected":false},"author":5,"featured_media":21571,"comment_status":"closed","ping_status":"open","sticky":false,"template":"","format":"standard","meta":{"_monsterinsights_skip_tracking":false,"_monsterinsights_sitenote_active":false,"_monsterinsights_sitenote_note":"","_monsterinsights_sitenote_category":0,"footnotes":""},"categories":[1],"tags":[],"class_list":["post-21570","post","type-post","status-publish","format-standard","has-post-thumbnail","hentry","category-sem-categoria"],"_links":{"self":[{"href":"https:\/\/pc.sc.gov.br\/index.php?rest_route=\/wp\/v2\/posts\/21570","targetHints":{"allow":["GET"]}}],"collection":[{"href":"https:\/\/pc.sc.gov.br\/index.php?rest_route=\/wp\/v2\/posts"}],"about":[{"href":"https:\/\/pc.sc.gov.br\/index.php?rest_route=\/wp\/v2\/types\/post"}],"author":[{"embeddable":true,"href":"https:\/\/pc.sc.gov.br\/index.php?rest_route=\/wp\/v2\/users\/5"}],"replies":[{"embeddable":true,"href":"https:\/\/pc.sc.gov.br\/index.php?rest_route=%2Fwp%2Fv2%2Fcomments&post=21570"}],"version-history":[{"count":8,"href":"https:\/\/pc.sc.gov.br\/index.php?rest_route=\/wp\/v2\/posts\/21570\/revisions"}],"predecessor-version":[{"id":21580,"href":"https:\/\/pc.sc.gov.br\/index.php?rest_route=\/wp\/v2\/posts\/21570\/revisions\/21580"}],"wp:featuredmedia":[{"embeddable":true,"href":"https:\/\/pc.sc.gov.br\/index.php?rest_route=\/wp\/v2\/media\/21571"}],"wp:attachment":[{"href":"https:\/\/pc.sc.gov.br\/index.php?rest_route=%2Fwp%2Fv2%2Fmedia&parent=21570"}],"wp:term":[{"taxonomy":"category","embeddable":true,"href":"https:\/\/pc.sc.gov.br\/index.php?rest_route=%2Fwp%2Fv2%2Fcategories&post=21570"},{"taxonomy":"post_tag","embeddable":true,"href":"https:\/\/pc.sc.gov.br\/index.php?rest_route=%2Fwp%2Fv2%2Ftags&post=21570"}],"curies":[{"name":"wp","href":"https:\/\/api.w.org\/{rel}","templated":true}]}}