{"id":21581,"date":"2024-07-04T18:14:52","date_gmt":"2024-07-04T21:14:52","guid":{"rendered":"https:\/\/pc.sc.gov.br\/?p=21581"},"modified":"2024-07-04T18:15:47","modified_gmt":"2024-07-04T21:15:47","slug":"em-forquilhinha-pcsc-prende-suspeito-de-tentativa-de-homicidio","status":"publish","type":"post","link":"https:\/\/pc.sc.gov.br\/?p=21581","title":{"rendered":"Em Forquilhinha, PCSC prende suspeito de tentativa de homic\u00eddio"},"content":{"rendered":"\t\t<div data-elementor-type=\"wp-post\" data-elementor-id=\"21581\" class=\"elementor elementor-21581\" data-elementor-post-type=\"post\">\n\t\t\t\t\t\t<section class=\"elementor-section elementor-top-section elementor-element elementor-element-aa3fa88 elementor-section-boxed elementor-section-height-default elementor-section-height-default\" data-id=\"aa3fa88\" data-element_type=\"section\">\n\t\t\t\t\t\t<div class=\"elementor-container elementor-column-gap-default\">\n\t\t\t\t\t<div class=\"elementor-column elementor-col-100 elementor-top-column elementor-element elementor-element-01e551e\" data-id=\"01e551e\" data-element_type=\"column\">\n\t\t\t<div class=\"elementor-widget-wrap elementor-element-populated\">\n\t\t\t\t\t\t<div class=\"elementor-element elementor-element-ef652fa elementor-widget elementor-widget-heading\" data-id=\"ef652fa\" data-element_type=\"widget\" data-widget_type=\"heading.default\">\n\t\t\t\t<div class=\"elementor-widget-container\">\n\t\t\t\t\t<h2 class=\"elementor-heading-title elementor-size-default\">Em Forquilhinha, PCSC prende suspeito de tentativa de homic\u00eddio<\/h2>\t\t\t\t<\/div>\n\t\t\t\t<\/div>\n\t\t\t\t\t<\/div>\n\t\t<\/div>\n\t\t\t\t\t<\/div>\n\t\t<\/section>\n\t\t\t\t<section class=\"elementor-section elementor-top-section elementor-element elementor-element-e0f4dce elementor-section-boxed elementor-section-height-default elementor-section-height-default\" data-id=\"e0f4dce\" data-element_type=\"section\">\n\t\t\t\t\t\t<div class=\"elementor-container elementor-column-gap-default\">\n\t\t\t\t\t<div class=\"elementor-column elementor-col-100 elementor-top-column elementor-element elementor-element-727f45d\" data-id=\"727f45d\" data-element_type=\"column\">\n\t\t\t<div class=\"elementor-widget-wrap elementor-element-populated\">\n\t\t\t\t\t\t<div class=\"elementor-element elementor-element-2336101 elementor-widget elementor-widget-image\" data-id=\"2336101\" data-element_type=\"widget\" data-widget_type=\"image.default\">\n\t\t\t\t<div class=\"elementor-widget-container\">\n\t\t\t\t\t\t\t\t\t\t\t\t\t\t\t<img fetchpriority=\"high\" decoding=\"async\" width=\"696\" height=\"518\" src=\"https:\/\/pc.sc.gov.br\/\/wp-content\/uploads\/2024\/07\/cbbc5891-c223-499c-a643-758369eea672-fotor-20240704181017.jpg\" class=\"attachment-large size-large wp-image-21582\" alt=\"\" srcset=\"https:\/\/pc.sc.gov.br\/\/wp-content\/uploads\/2024\/07\/cbbc5891-c223-499c-a643-758369eea672-fotor-20240704181017.jpg 960w, https:\/\/pc.sc.gov.br\/\/wp-content\/uploads\/2024\/07\/cbbc5891-c223-499c-a643-758369eea672-fotor-20240704181017-300x223.jpg 300w, https:\/\/pc.sc.gov.br\/\/wp-content\/uploads\/2024\/07\/cbbc5891-c223-499c-a643-758369eea672-fotor-20240704181017-768x572.jpg 768w\" sizes=\"(max-width: 696px) 100vw, 696px\" \/>\t\t\t\t\t\t\t\t\t\t\t\t\t\t\t<\/div>\n\t\t\t\t<\/div>\n\t\t\t\t\t<\/div>\n\t\t<\/div>\n\t\t\t\t\t<\/div>\n\t\t<\/section>\n\t\t\t\t<section class=\"elementor-section elementor-top-section elementor-element elementor-element-f6acd40 elementor-section-boxed elementor-section-height-default elementor-section-height-default\" data-id=\"f6acd40\" data-element_type=\"section\">\n\t\t\t\t\t\t<div class=\"elementor-container elementor-column-gap-default\">\n\t\t\t\t\t<div class=\"elementor-column elementor-col-100 elementor-top-column elementor-element elementor-element-080cc36\" data-id=\"080cc36\" data-element_type=\"column\">\n\t\t\t<div class=\"elementor-widget-wrap elementor-element-populated\">\n\t\t\t\t\t\t<div class=\"elementor-element elementor-element-024d8a4 elementor-widget elementor-widget-text-editor\" data-id=\"024d8a4\" data-element_type=\"widget\" data-widget_type=\"text-editor.default\">\n\t\t\t\t<div class=\"elementor-widget-container\">\n\t\t\t\t\t\t\t\t\t<p>Em uma a\u00e7\u00e3o coordenada, policiais civis da comarca de Turvo realizaram nesta quinta-feira (04) uma opera\u00e7\u00e3o na cidade de Forquilhinha, que resultou no cumprimento de um mandado de busca e na pris\u00e3o preventiva de um homem suspeito de tentativa de homic\u00eddio.<\/p><p>De acordo com as investiga\u00e7\u00f5es o suspeito, que trabalhava como seguran\u00e7a em uma festa no munic\u00edpio de Turvo, \u00e9 apontado como o principal respons\u00e1vel por um disparo de arma de fogo que atingiu a regi\u00e3o tor\u00e1cica de um homem. A v\u00edtima foi socorrida e, felizmente, sobreviveu ao ataque.<\/p><p>A opera\u00e7\u00e3o contou com a participa\u00e7\u00e3o de diversas equipes da Pol\u00edcia Civil, que se deslocaram at\u00e9 Forquilhinhas para cumprir os mandados judiciais. O suspeito foi localizado em seu trabalho e n\u00e3o ofereceu resist\u00eancia \u00e0 pris\u00e3o.\u00a0<\/p><p>As autoridades continuam investigando o caso para esclarecer todas as circunst\u00e2ncias do crime e determinar se h\u00e1 outros envolvidos. Este caso ressalta a atua\u00e7\u00e3o eficiente das for\u00e7as de seguran\u00e7a de Turvo, que continuam comprometidas com a investiga\u00e7\u00e3o de crimes e a manuten\u00e7\u00e3o da ordem no munic\u00edpio e regi\u00e3o.<\/p>\t\t\t\t\t\t\t\t<\/div>\n\t\t\t\t<\/div>\n\t\t\t\t\t<\/div>\n\t\t<\/div>\n\t\t\t\t\t<\/div>\n\t\t<\/section>\n\t\t\t\t<\/div>\n\t\t","protected":false},"excerpt":{"rendered":"<p>Em Forquilhinha, PCSC prende suspeito de tentativa de homic\u00eddio Em uma a\u00e7\u00e3o coordenada, policiais civis da comarca de Turvo realizaram nesta quinta-feira (04) uma opera\u00e7\u00e3o na cidade de Forquilhinha, que resultou no cumprimento de um mandado de busca e na pris\u00e3o preventiva de um homem suspeito de tentativa de homic\u00eddio. De acordo com as investiga\u00e7\u00f5es [&hellip;]<\/p>\n","protected":false},"author":5,"featured_media":21582,"comment_status":"closed","ping_status":"open","sticky":false,"template":"","format":"standard","meta":{"_monsterinsights_skip_tracking":false,"_monsterinsights_sitenote_active":false,"_monsterinsights_sitenote_note":"","_monsterinsights_sitenote_category":0,"footnotes":""},"categories":[1],"tags":[],"class_list":["post-21581","post","type-post","status-publish","format-standard","has-post-thumbnail","hentry","category-sem-categoria"],"_links":{"self":[{"href":"https:\/\/pc.sc.gov.br\/index.php?rest_route=\/wp\/v2\/posts\/21581","targetHints":{"allow":["GET"]}}],"collection":[{"href":"https:\/\/pc.sc.gov.br\/index.php?rest_route=\/wp\/v2\/posts"}],"about":[{"href":"https:\/\/pc.sc.gov.br\/index.php?rest_route=\/wp\/v2\/types\/post"}],"author":[{"embeddable":true,"href":"https:\/\/pc.sc.gov.br\/index.php?rest_route=\/wp\/v2\/users\/5"}],"replies":[{"embeddable":true,"href":"https:\/\/pc.sc.gov.br\/index.php?rest_route=%2Fwp%2Fv2%2Fcomments&post=21581"}],"version-history":[{"count":4,"href":"https:\/\/pc.sc.gov.br\/index.php?rest_route=\/wp\/v2\/posts\/21581\/revisions"}],"predecessor-version":[{"id":21586,"href":"https:\/\/pc.sc.gov.br\/index.php?rest_route=\/wp\/v2\/posts\/21581\/revisions\/21586"}],"wp:featuredmedia":[{"embeddable":true,"href":"https:\/\/pc.sc.gov.br\/index.php?rest_route=\/wp\/v2\/media\/21582"}],"wp:attachment":[{"href":"https:\/\/pc.sc.gov.br\/index.php?rest_route=%2Fwp%2Fv2%2Fmedia&parent=21581"}],"wp:term":[{"taxonomy":"category","embeddable":true,"href":"https:\/\/pc.sc.gov.br\/index.php?rest_route=%2Fwp%2Fv2%2Fcategories&post=21581"},{"taxonomy":"post_tag","embeddable":true,"href":"https:\/\/pc.sc.gov.br\/index.php?rest_route=%2Fwp%2Fv2%2Ftags&post=21581"}],"curies":[{"name":"wp","href":"https:\/\/api.w.org\/{rel}","templated":true}]}}