{"id":21588,"date":"2024-07-04T18:43:35","date_gmt":"2024-07-04T21:43:35","guid":{"rendered":"https:\/\/pc.sc.gov.br\/?p=21588"},"modified":"2024-07-04T18:54:58","modified_gmt":"2024-07-04T21:54:58","slug":"operacao-inverno-pcsc-intensifica-acoes-na-serra-catarinense-e-prende-24-pessoas-pelos-crimes-de-trafico-de-drogas-receptacao-e-furto","status":"publish","type":"post","link":"https:\/\/pc.sc.gov.br\/?p=21588","title":{"rendered":"Esta\u00e7\u00e3o \u201cInverno\u201d: PCSC intensifica a\u00e7\u00f5es na Serra Catarinense e prende 24 pessoas pelos crimes de tr\u00e1fico de drogas, recepta\u00e7\u00e3o e furto"},"content":{"rendered":"\t\t<div data-elementor-type=\"wp-post\" data-elementor-id=\"21588\" class=\"elementor elementor-21588\" data-elementor-post-type=\"post\">\n\t\t\t\t\t\t<section class=\"elementor-section elementor-top-section elementor-element elementor-element-bee7697 elementor-section-boxed elementor-section-height-default elementor-section-height-default\" data-id=\"bee7697\" data-element_type=\"section\">\n\t\t\t\t\t\t<div class=\"elementor-container elementor-column-gap-default\">\n\t\t\t\t\t<div class=\"elementor-column elementor-col-100 elementor-top-column elementor-element elementor-element-c132f39\" data-id=\"c132f39\" data-element_type=\"column\">\n\t\t\t<div class=\"elementor-widget-wrap elementor-element-populated\">\n\t\t\t\t\t\t<div class=\"elementor-element elementor-element-b63d2d6 elementor-widget elementor-widget-heading\" data-id=\"b63d2d6\" data-element_type=\"widget\" data-widget_type=\"heading.default\">\n\t\t\t\t<div class=\"elementor-widget-container\">\n\t\t\t\t\t<h2 class=\"elementor-heading-title elementor-size-default\">Esta\u00e7\u00e3o \u201cInverno\u201d: PCSC intensifica a\u00e7\u00f5es na Serra Catarinense e prende 24 pessoas pelos crimes de tr\u00e1fico de drogas, recepta\u00e7\u00e3o e furto<\/h2>\t\t\t\t<\/div>\n\t\t\t\t<\/div>\n\t\t\t\t\t<\/div>\n\t\t<\/div>\n\t\t\t\t\t<\/div>\n\t\t<\/section>\n\t\t\t\t<section class=\"elementor-section elementor-top-section elementor-element elementor-element-70d5b24 elementor-section-boxed elementor-section-height-default elementor-section-height-default\" data-id=\"70d5b24\" data-element_type=\"section\">\n\t\t\t\t\t\t<div class=\"elementor-container elementor-column-gap-default\">\n\t\t\t\t\t<div class=\"elementor-column elementor-col-100 elementor-top-column elementor-element elementor-element-dd37435\" data-id=\"dd37435\" data-element_type=\"column\">\n\t\t\t<div class=\"elementor-widget-wrap elementor-element-populated\">\n\t\t\t\t\t\t<div class=\"elementor-element elementor-element-844db90 elementor-widget elementor-widget-image\" data-id=\"844db90\" data-element_type=\"widget\" data-widget_type=\"image.default\">\n\t\t\t\t<div class=\"elementor-widget-container\">\n\t\t\t\t\t\t\t\t\t\t\t\t\t\t\t<img fetchpriority=\"high\" decoding=\"async\" width=\"696\" height=\"590\" src=\"https:\/\/pc.sc.gov.br\/\/wp-content\/uploads\/2024\/07\/WhatsApp-Image-2024-07-04-at-17.18.01-fotor-20240704183420.png\" class=\"attachment-large size-large wp-image-21590\" alt=\"\" srcset=\"https:\/\/pc.sc.gov.br\/\/wp-content\/uploads\/2024\/07\/WhatsApp-Image-2024-07-04-at-17.18.01-fotor-20240704183420.png 963w, https:\/\/pc.sc.gov.br\/\/wp-content\/uploads\/2024\/07\/WhatsApp-Image-2024-07-04-at-17.18.01-fotor-20240704183420-300x255.png 300w, https:\/\/pc.sc.gov.br\/\/wp-content\/uploads\/2024\/07\/WhatsApp-Image-2024-07-04-at-17.18.01-fotor-20240704183420-768x652.png 768w\" sizes=\"(max-width: 696px) 100vw, 696px\" \/>\t\t\t\t\t\t\t\t\t\t\t\t\t\t\t<\/div>\n\t\t\t\t<\/div>\n\t\t\t\t\t<\/div>\n\t\t<\/div>\n\t\t\t\t\t<\/div>\n\t\t<\/section>\n\t\t\t\t<section class=\"elementor-section elementor-top-section elementor-element elementor-element-44bdebf elementor-section-boxed elementor-section-height-default elementor-section-height-default\" data-id=\"44bdebf\" data-element_type=\"section\">\n\t\t\t\t\t\t<div class=\"elementor-container elementor-column-gap-default\">\n\t\t\t\t\t<div class=\"elementor-column elementor-col-100 elementor-top-column elementor-element elementor-element-421ef34\" data-id=\"421ef34\" data-element_type=\"column\">\n\t\t\t<div class=\"elementor-widget-wrap elementor-element-populated\">\n\t\t\t\t\t\t<div class=\"elementor-element elementor-element-821548f elementor-widget elementor-widget-text-editor\" data-id=\"821548f\" data-element_type=\"widget\" data-widget_type=\"text-editor.default\">\n\t\t\t\t<div class=\"elementor-widget-container\">\n\t\t\t\t\t\t\t\t\t<p>No per\u00edodo de 01 a 04 de julho, a partir de S\u00e3o Joaquim, na Serra Catarinense, a PCSC desenvolveu uma s\u00e9rie de a\u00e7\u00f5es intensificadas e concentradas, como parte da Opera\u00e7\u00e3o Esta\u00e7\u00e3o Inverno. Foram realizadas a\u00e7\u00f5es de intelig\u00eancia policial, atividades preventivas e repressivas contra o crime, tais como fiscaliza\u00e7\u00e3o em poss\u00edveis desmanches de carros e opera\u00e7\u00f5es contra o tr\u00e1fico de drogas, com expressivos resultados para dar mais seguran\u00e7a ao cidad\u00e3o e ao turista da Serra Catarinense.<\/p><p>Foram mobilizados, durante todo o per\u00edodo, 136 policiais civis, resultando em 24 pessoas presas em flagrante delito ou por mandado judicial, pelos crimes de tr\u00e1fico de drogas, recepta\u00e7\u00e3o, furto e outros.<\/p><p>Al\u00e9m da parte repressiva contra a criminalidade, a PCSC realizou um importante semin\u00e1rio sobre investiga\u00e7\u00e3o digital e intelig\u00eancia artificial (IA), contando com p\u00fablico de 89 policiais civis vindos de todas as partes do Estado, al\u00e9m da participa\u00e7\u00e3o de membro de Minist\u00e9rio P\u00fablico como uma das palestrantes.<\/p><p>O delegado-geral da PCSC, Ulisses Gabriel disse que foi um per\u00edodo de bastante trabalho, em que a alta gest\u00e3o da PCSC esteve presencialmente na Serra Catarinense. \u201cMais uma forma de demonstrar a for\u00e7a da Institui\u00e7\u00e3o em todas as regi\u00f5es e de proteger o cidad\u00e3o e o turista que vem para Santa Catarina, o Estado mais seguro da na\u00e7\u00e3o\u201d, finalizou.<\/p>\t\t\t\t\t\t\t\t<\/div>\n\t\t\t\t<\/div>\n\t\t\t\t\t<\/div>\n\t\t<\/div>\n\t\t\t\t\t<\/div>\n\t\t<\/section>\n\t\t\t\t<\/div>\n\t\t","protected":false},"excerpt":{"rendered":"<p>Esta\u00e7\u00e3o \u201cInverno\u201d: PCSC intensifica a\u00e7\u00f5es na Serra Catarinense e prende 24 pessoas pelos crimes de tr\u00e1fico de drogas, recepta\u00e7\u00e3o e furto No per\u00edodo de 01 a 04 de julho, a partir de S\u00e3o Joaquim, na Serra Catarinense, a PCSC desenvolveu uma s\u00e9rie de a\u00e7\u00f5es intensificadas e concentradas, como parte da Opera\u00e7\u00e3o Esta\u00e7\u00e3o Inverno. Foram realizadas [&hellip;]<\/p>\n","protected":false},"author":5,"featured_media":21571,"comment_status":"closed","ping_status":"open","sticky":false,"template":"","format":"standard","meta":{"_monsterinsights_skip_tracking":false,"_monsterinsights_sitenote_active":false,"_monsterinsights_sitenote_note":"","_monsterinsights_sitenote_category":0,"footnotes":""},"categories":[1],"tags":[],"class_list":["post-21588","post","type-post","status-publish","format-standard","has-post-thumbnail","hentry","category-sem-categoria"],"_links":{"self":[{"href":"https:\/\/pc.sc.gov.br\/index.php?rest_route=\/wp\/v2\/posts\/21588","targetHints":{"allow":["GET"]}}],"collection":[{"href":"https:\/\/pc.sc.gov.br\/index.php?rest_route=\/wp\/v2\/posts"}],"about":[{"href":"https:\/\/pc.sc.gov.br\/index.php?rest_route=\/wp\/v2\/types\/post"}],"author":[{"embeddable":true,"href":"https:\/\/pc.sc.gov.br\/index.php?rest_route=\/wp\/v2\/users\/5"}],"replies":[{"embeddable":true,"href":"https:\/\/pc.sc.gov.br\/index.php?rest_route=%2Fwp%2Fv2%2Fcomments&post=21588"}],"version-history":[{"count":8,"href":"https:\/\/pc.sc.gov.br\/index.php?rest_route=\/wp\/v2\/posts\/21588\/revisions"}],"predecessor-version":[{"id":21597,"href":"https:\/\/pc.sc.gov.br\/index.php?rest_route=\/wp\/v2\/posts\/21588\/revisions\/21597"}],"wp:featuredmedia":[{"embeddable":true,"href":"https:\/\/pc.sc.gov.br\/index.php?rest_route=\/wp\/v2\/media\/21571"}],"wp:attachment":[{"href":"https:\/\/pc.sc.gov.br\/index.php?rest_route=%2Fwp%2Fv2%2Fmedia&parent=21588"}],"wp:term":[{"taxonomy":"category","embeddable":true,"href":"https:\/\/pc.sc.gov.br\/index.php?rest_route=%2Fwp%2Fv2%2Fcategories&post=21588"},{"taxonomy":"post_tag","embeddable":true,"href":"https:\/\/pc.sc.gov.br\/index.php?rest_route=%2Fwp%2Fv2%2Ftags&post=21588"}],"curies":[{"name":"wp","href":"https:\/\/api.w.org\/{rel}","templated":true}]}}