{"id":21598,"date":"2024-07-04T19:04:22","date_gmt":"2024-07-04T22:04:22","guid":{"rendered":"https:\/\/pc.sc.gov.br\/?p=21598"},"modified":"2024-07-04T19:05:08","modified_gmt":"2024-07-04T22:05:08","slug":"dic-de-itajai-prende-3-suspeitos-de-integrar-organizacao-criminosa-responsavel-por-agiotagem-e-extorsoes","status":"publish","type":"post","link":"https:\/\/pc.sc.gov.br\/?p=21598","title":{"rendered":"DIC de Itaja\u00ed prende 3 suspeitos de integrar organiza\u00e7\u00e3o criminosa respons\u00e1vel por agiotagem e extors\u00f5es"},"content":{"rendered":"\t\t<div data-elementor-type=\"wp-post\" data-elementor-id=\"21598\" class=\"elementor elementor-21598\" data-elementor-post-type=\"post\">\n\t\t\t\t\t\t<section class=\"elementor-section elementor-top-section elementor-element elementor-element-5a04b12 elementor-section-boxed elementor-section-height-default elementor-section-height-default\" data-id=\"5a04b12\" data-element_type=\"section\">\n\t\t\t\t\t\t<div class=\"elementor-container elementor-column-gap-default\">\n\t\t\t\t\t<div class=\"elementor-column elementor-col-100 elementor-top-column elementor-element elementor-element-f7f4c5b\" data-id=\"f7f4c5b\" data-element_type=\"column\">\n\t\t\t<div class=\"elementor-widget-wrap elementor-element-populated\">\n\t\t\t\t\t\t<div class=\"elementor-element elementor-element-e02bbb8 elementor-widget elementor-widget-heading\" data-id=\"e02bbb8\" data-element_type=\"widget\" data-widget_type=\"heading.default\">\n\t\t\t\t<div class=\"elementor-widget-container\">\n\t\t\t\t\t<h2 class=\"elementor-heading-title elementor-size-default\">DIC de Itaja\u00ed prende 3 suspeitos de integrar organiza\u00e7\u00e3o criminosa respons\u00e1vel por agiotagem e extors\u00f5es<\/h2>\t\t\t\t<\/div>\n\t\t\t\t<\/div>\n\t\t\t\t\t<\/div>\n\t\t<\/div>\n\t\t\t\t\t<\/div>\n\t\t<\/section>\n\t\t\t\t<section class=\"elementor-section elementor-top-section elementor-element elementor-element-e0937a1 elementor-section-boxed elementor-section-height-default elementor-section-height-default\" data-id=\"e0937a1\" data-element_type=\"section\">\n\t\t\t\t\t\t<div class=\"elementor-container elementor-column-gap-default\">\n\t\t\t\t\t<div class=\"elementor-column elementor-col-100 elementor-top-column elementor-element elementor-element-d12bce7\" data-id=\"d12bce7\" data-element_type=\"column\">\n\t\t\t<div class=\"elementor-widget-wrap elementor-element-populated\">\n\t\t\t\t\t\t<div class=\"elementor-element elementor-element-5d938b2 elementor-widget elementor-widget-image\" data-id=\"5d938b2\" data-element_type=\"widget\" data-widget_type=\"image.default\">\n\t\t\t\t<div class=\"elementor-widget-container\">\n\t\t\t\t\t\t\t\t\t\t\t\t\t\t\t<img fetchpriority=\"high\" decoding=\"async\" width=\"696\" height=\"522\" src=\"https:\/\/pc.sc.gov.br\/\/wp-content\/uploads\/2024\/07\/WhatsApp-Image-2024-07-04-at-19.01.27-1024x768.jpeg\" class=\"attachment-large size-large wp-image-21599\" alt=\"\" srcset=\"https:\/\/pc.sc.gov.br\/\/wp-content\/uploads\/2024\/07\/WhatsApp-Image-2024-07-04-at-19.01.27-1024x768.jpeg 1024w, https:\/\/pc.sc.gov.br\/\/wp-content\/uploads\/2024\/07\/WhatsApp-Image-2024-07-04-at-19.01.27-300x225.jpeg 300w, https:\/\/pc.sc.gov.br\/\/wp-content\/uploads\/2024\/07\/WhatsApp-Image-2024-07-04-at-19.01.27-768x576.jpeg 768w, https:\/\/pc.sc.gov.br\/\/wp-content\/uploads\/2024\/07\/WhatsApp-Image-2024-07-04-at-19.01.27-1536x1152.jpeg 1536w, https:\/\/pc.sc.gov.br\/\/wp-content\/uploads\/2024\/07\/WhatsApp-Image-2024-07-04-at-19.01.27.jpeg 1600w\" sizes=\"(max-width: 696px) 100vw, 696px\" \/>\t\t\t\t\t\t\t\t\t\t\t\t\t\t\t<\/div>\n\t\t\t\t<\/div>\n\t\t\t\t\t<\/div>\n\t\t<\/div>\n\t\t\t\t\t<\/div>\n\t\t<\/section>\n\t\t\t\t<section class=\"elementor-section elementor-top-section elementor-element elementor-element-cc40d8f elementor-section-boxed elementor-section-height-default elementor-section-height-default\" data-id=\"cc40d8f\" data-element_type=\"section\">\n\t\t\t\t\t\t<div class=\"elementor-container elementor-column-gap-default\">\n\t\t\t\t\t<div class=\"elementor-column elementor-col-100 elementor-top-column elementor-element elementor-element-5f6cd7e\" data-id=\"5f6cd7e\" data-element_type=\"column\">\n\t\t\t<div class=\"elementor-widget-wrap elementor-element-populated\">\n\t\t\t\t\t\t<div class=\"elementor-element elementor-element-efa97d3 elementor-widget elementor-widget-text-editor\" data-id=\"efa97d3\" data-element_type=\"widget\" data-widget_type=\"text-editor.default\">\n\t\t\t\t<div class=\"elementor-widget-container\">\n\t\t\t\t\t\t\t\t\t<p>A Pol\u00edcia Civil de Santa Catarina, por meio da Divis\u00e3o de Investiga\u00e7\u00e3o Criminal de Itaja\u00ed (DIC), deflagrou nesta quinta-feira (04), opera\u00e7\u00e3o pra cumprimento de 9 ordens judiciais, sendo 5 mandados de busca e apreens\u00e3o e 4 mandados de pris\u00e3o tempor\u00e1ria.<\/p>\n<p>Trata-se de Inqu\u00e9rito Policial que apura uma organiza\u00e7\u00e3o criminosa que pratica agiotagem, emprestando dinheiro a juros abusivos, e realiza cobran\u00e7as com emprego de sequestro, viol\u00eancia e amea\u00e7as, se utilizando de armas brancas e armas de fogo.<\/p>\n<p>As dilig\u00eancias ocorreram no munic\u00edpio de Itapema\/SC. Foram apreendidos soco ingl\u00eas, fac\u00e3o, muni\u00e7\u00e3o, carregadores, um rev\u00f3lver calibre .38, anota\u00e7\u00f5es de contabilidade e celulares.<\/p>\n<p>Foi dado cumprimento a 2 dos mandados de pris\u00e3o e um dos suspeitos foi tamb\u00e9m autuado em flagrante pelo crime de posse ilegal de arma de fogo de uso restrito. Um terceiro suspeito foi preso em Garuva\/SC, no per\u00edodo da tarde, com apoio da FICCO-SC e da PRF.<\/p>\n<p>Os presos foram encaminhados ao sistema penitenci\u00e1rio, onde permanecem \u00e0 disposi\u00e7\u00e3o da Justi\u00e7a.<\/p>\n<p>As dilig\u00eancias contaram com apoio do N\u00facleo de Opera\u00e7\u00f5es com C\u00e3es de Itaja\u00ed (NOC\/PCSC), do Setor de Investiga\u00e7\u00e3o de Itaja\u00ed (SIC), da DPCAMI de Itaja\u00ed e da DPCO de Navegantes.<span style=\"color: var( --e-global-color-text ); font-family: var( --e-global-typography-primary-font-family ), Sans-serif; font-size: var( --e-global-typography-primary-font-size ); font-weight: var( --e-global-typography-primary-font-weight ); letter-spacing: var( --e-global-typography-primary-letter-spacing );\">&nbsp;<\/span><\/p>\t\t\t\t\t\t\t\t<\/div>\n\t\t\t\t<\/div>\n\t\t\t\t\t<\/div>\n\t\t<\/div>\n\t\t\t\t\t<\/div>\n\t\t<\/section>\n\t\t\t\t<\/div>\n\t\t","protected":false},"excerpt":{"rendered":"<p>DIC de Itaja\u00ed prende 3 suspeitos de integrar organiza\u00e7\u00e3o criminosa respons\u00e1vel por agiotagem e extors\u00f5es A Pol\u00edcia Civil de Santa Catarina, por meio da Divis\u00e3o de Investiga\u00e7\u00e3o Criminal de Itaja\u00ed (DIC), deflagrou nesta quinta-feira (04), opera\u00e7\u00e3o pra cumprimento de 9 ordens judiciais, sendo 5 mandados de busca e apreens\u00e3o e 4 mandados de pris\u00e3o tempor\u00e1ria. [&hellip;]<\/p>\n","protected":false},"author":5,"featured_media":21599,"comment_status":"closed","ping_status":"open","sticky":false,"template":"","format":"standard","meta":{"_monsterinsights_skip_tracking":false,"_monsterinsights_sitenote_active":false,"_monsterinsights_sitenote_note":"","_monsterinsights_sitenote_category":0,"footnotes":""},"categories":[1],"tags":[],"class_list":["post-21598","post","type-post","status-publish","format-standard","has-post-thumbnail","hentry","category-sem-categoria"],"_links":{"self":[{"href":"https:\/\/pc.sc.gov.br\/index.php?rest_route=\/wp\/v2\/posts\/21598","targetHints":{"allow":["GET"]}}],"collection":[{"href":"https:\/\/pc.sc.gov.br\/index.php?rest_route=\/wp\/v2\/posts"}],"about":[{"href":"https:\/\/pc.sc.gov.br\/index.php?rest_route=\/wp\/v2\/types\/post"}],"author":[{"embeddable":true,"href":"https:\/\/pc.sc.gov.br\/index.php?rest_route=\/wp\/v2\/users\/5"}],"replies":[{"embeddable":true,"href":"https:\/\/pc.sc.gov.br\/index.php?rest_route=%2Fwp%2Fv2%2Fcomments&post=21598"}],"version-history":[{"count":4,"href":"https:\/\/pc.sc.gov.br\/index.php?rest_route=\/wp\/v2\/posts\/21598\/revisions"}],"predecessor-version":[{"id":21603,"href":"https:\/\/pc.sc.gov.br\/index.php?rest_route=\/wp\/v2\/posts\/21598\/revisions\/21603"}],"wp:featuredmedia":[{"embeddable":true,"href":"https:\/\/pc.sc.gov.br\/index.php?rest_route=\/wp\/v2\/media\/21599"}],"wp:attachment":[{"href":"https:\/\/pc.sc.gov.br\/index.php?rest_route=%2Fwp%2Fv2%2Fmedia&parent=21598"}],"wp:term":[{"taxonomy":"category","embeddable":true,"href":"https:\/\/pc.sc.gov.br\/index.php?rest_route=%2Fwp%2Fv2%2Fcategories&post=21598"},{"taxonomy":"post_tag","embeddable":true,"href":"https:\/\/pc.sc.gov.br\/index.php?rest_route=%2Fwp%2Fv2%2Ftags&post=21598"}],"curies":[{"name":"wp","href":"https:\/\/api.w.org\/{rel}","templated":true}]}}