{"id":21624,"date":"2024-07-05T14:58:22","date_gmt":"2024-07-05T17:58:22","guid":{"rendered":"https:\/\/pc.sc.gov.br\/?p=21624"},"modified":"2024-07-05T15:00:17","modified_gmt":"2024-07-05T18:00:17","slug":"cdpcami-participa-de-grupo-de-trabalho-para-aperfeicoar-protocolos-de-acolhimento-as-vitimas-de-violencia","status":"publish","type":"post","link":"https:\/\/pc.sc.gov.br\/?p=21624","title":{"rendered":"CDPCAMI participa de grupo de trabalho para aperfei\u00e7oar protocolos de acolhimento \u00e0s v\u00edtimas de viol\u00eancia"},"content":{"rendered":"\t\t<div data-elementor-type=\"wp-post\" data-elementor-id=\"21624\" class=\"elementor elementor-21624\" data-elementor-post-type=\"post\">\n\t\t\t\t\t\t<section class=\"elementor-section elementor-top-section elementor-element elementor-element-89ee629 elementor-section-boxed elementor-section-height-default elementor-section-height-default\" data-id=\"89ee629\" data-element_type=\"section\">\n\t\t\t\t\t\t<div class=\"elementor-container elementor-column-gap-default\">\n\t\t\t\t\t<div class=\"elementor-column elementor-col-100 elementor-top-column elementor-element elementor-element-ac80391\" data-id=\"ac80391\" data-element_type=\"column\">\n\t\t\t<div class=\"elementor-widget-wrap elementor-element-populated\">\n\t\t\t\t\t\t<div class=\"elementor-element elementor-element-5723e34 elementor-widget elementor-widget-heading\" data-id=\"5723e34\" data-element_type=\"widget\" data-widget_type=\"heading.default\">\n\t\t\t\t<div class=\"elementor-widget-container\">\n\t\t\t\t\t<h2 class=\"elementor-heading-title elementor-size-default\">CDPCAMI participa de grupo de trabalho para aperfei\u00e7oar protocolos de acolhimento \u00e0s v\u00edtimas de viol\u00eancia<\/h2>\t\t\t\t<\/div>\n\t\t\t\t<\/div>\n\t\t\t\t\t<\/div>\n\t\t<\/div>\n\t\t\t\t\t<\/div>\n\t\t<\/section>\n\t\t\t\t<section class=\"elementor-section elementor-top-section elementor-element elementor-element-ab1137e elementor-section-boxed elementor-section-height-default elementor-section-height-default\" data-id=\"ab1137e\" data-element_type=\"section\">\n\t\t\t\t\t\t<div class=\"elementor-container elementor-column-gap-default\">\n\t\t\t\t\t<div class=\"elementor-column elementor-col-100 elementor-top-column elementor-element elementor-element-9164626\" data-id=\"9164626\" data-element_type=\"column\">\n\t\t\t<div class=\"elementor-widget-wrap elementor-element-populated\">\n\t\t\t\t\t\t<div class=\"elementor-element elementor-element-6721b2c elementor-widget elementor-widget-image\" data-id=\"6721b2c\" data-element_type=\"widget\" data-widget_type=\"image.default\">\n\t\t\t\t<div class=\"elementor-widget-container\">\n\t\t\t\t\t\t\t\t\t\t\t\t\t\t\t<img fetchpriority=\"high\" decoding=\"async\" width=\"696\" height=\"392\" src=\"https:\/\/pc.sc.gov.br\/\/wp-content\/uploads\/2024\/07\/WhatsApp-Image-2024-07-05-at-14.02.30-1024x576.jpeg\" class=\"attachment-large size-large wp-image-21625\" alt=\"\" srcset=\"https:\/\/pc.sc.gov.br\/\/wp-content\/uploads\/2024\/07\/WhatsApp-Image-2024-07-05-at-14.02.30-1024x576.jpeg 1024w, https:\/\/pc.sc.gov.br\/\/wp-content\/uploads\/2024\/07\/WhatsApp-Image-2024-07-05-at-14.02.30-300x169.jpeg 300w, https:\/\/pc.sc.gov.br\/\/wp-content\/uploads\/2024\/07\/WhatsApp-Image-2024-07-05-at-14.02.30-768x432.jpeg 768w, https:\/\/pc.sc.gov.br\/\/wp-content\/uploads\/2024\/07\/WhatsApp-Image-2024-07-05-at-14.02.30-1536x864.jpeg 1536w, https:\/\/pc.sc.gov.br\/\/wp-content\/uploads\/2024\/07\/WhatsApp-Image-2024-07-05-at-14.02.30-2048x1152.jpeg 2048w\" sizes=\"(max-width: 696px) 100vw, 696px\" \/>\t\t\t\t\t\t\t\t\t\t\t\t\t\t\t<\/div>\n\t\t\t\t<\/div>\n\t\t\t\t\t<\/div>\n\t\t<\/div>\n\t\t\t\t\t<\/div>\n\t\t<\/section>\n\t\t\t\t<section class=\"elementor-section elementor-top-section elementor-element elementor-element-f8fee1a elementor-section-boxed elementor-section-height-default elementor-section-height-default\" data-id=\"f8fee1a\" data-element_type=\"section\">\n\t\t\t\t\t\t<div class=\"elementor-container elementor-column-gap-default\">\n\t\t\t\t\t<div class=\"elementor-column elementor-col-100 elementor-top-column elementor-element elementor-element-4ba4537\" data-id=\"4ba4537\" data-element_type=\"column\">\n\t\t\t<div class=\"elementor-widget-wrap elementor-element-populated\">\n\t\t\t\t\t\t<div class=\"elementor-element elementor-element-36511ff elementor-widget elementor-widget-text-editor\" data-id=\"36511ff\" data-element_type=\"widget\" data-widget_type=\"text-editor.default\">\n\t\t\t\t<div class=\"elementor-widget-container\">\n\t\t\t\t\t\t\t\t\t<p>A Coordenadora das Delegacias de Prote\u00e7\u00e3o \u00e0 Crian\u00e7a, ao Adolescente, \u00e0 Mulher e ao Idoso, delegada Patr\u00edcia Zimmermann, representou a Pol\u00edcia Civil de Santa Catarina (PCSC) no grupo de trabalho dedicado \u00e0 atualiza\u00e7\u00e3o da Norma T\u00e9cnica das Delegacias de Atendimento \u00e0 Mulher, em Bras\u00edlia.\u00a0\u00a0<\/p><p>Durante o evento promovido pela SENASP\/MJSP foram apresentadas as diretivas de revis\u00e3o utilizadas para a atualiza\u00e7\u00e3o como, por exemplo, a atualiza\u00e7\u00e3o legal e normativa do documento, a capacita\u00e7\u00e3o cont\u00ednua dos profissionais e a humaniza\u00e7\u00e3o do atendimento com a implementa\u00e7\u00e3o de protocolos que garantam um acolhimento mais eficaz. O encontro, iniciado na \u00faltima segunda-feira (01), terminou \u00e0s 12h desta sexta-feira.<\/p><p>\u00a0<\/p>\t\t\t\t\t\t\t\t<\/div>\n\t\t\t\t<\/div>\n\t\t\t\t\t<\/div>\n\t\t<\/div>\n\t\t\t\t\t<\/div>\n\t\t<\/section>\n\t\t\t\t<\/div>\n\t\t","protected":false},"excerpt":{"rendered":"<p>CDPCAMI participa de grupo de trabalho para aperfei\u00e7oar protocolos de acolhimento \u00e0s v\u00edtimas de viol\u00eancia A Coordenadora das Delegacias de Prote\u00e7\u00e3o \u00e0 Crian\u00e7a, ao Adolescente, \u00e0 Mulher e ao Idoso, delegada Patr\u00edcia Zimmermann, representou a Pol\u00edcia Civil de Santa Catarina (PCSC) no grupo de trabalho dedicado \u00e0 atualiza\u00e7\u00e3o da Norma T\u00e9cnica das Delegacias de Atendimento [&hellip;]<\/p>\n","protected":false},"author":5,"featured_media":21625,"comment_status":"closed","ping_status":"open","sticky":false,"template":"","format":"standard","meta":{"_monsterinsights_skip_tracking":false,"_monsterinsights_sitenote_active":false,"_monsterinsights_sitenote_note":"","_monsterinsights_sitenote_category":0,"footnotes":""},"categories":[1],"tags":[],"class_list":["post-21624","post","type-post","status-publish","format-standard","has-post-thumbnail","hentry","category-sem-categoria"],"_links":{"self":[{"href":"https:\/\/pc.sc.gov.br\/index.php?rest_route=\/wp\/v2\/posts\/21624","targetHints":{"allow":["GET"]}}],"collection":[{"href":"https:\/\/pc.sc.gov.br\/index.php?rest_route=\/wp\/v2\/posts"}],"about":[{"href":"https:\/\/pc.sc.gov.br\/index.php?rest_route=\/wp\/v2\/types\/post"}],"author":[{"embeddable":true,"href":"https:\/\/pc.sc.gov.br\/index.php?rest_route=\/wp\/v2\/users\/5"}],"replies":[{"embeddable":true,"href":"https:\/\/pc.sc.gov.br\/index.php?rest_route=%2Fwp%2Fv2%2Fcomments&post=21624"}],"version-history":[{"count":4,"href":"https:\/\/pc.sc.gov.br\/index.php?rest_route=\/wp\/v2\/posts\/21624\/revisions"}],"predecessor-version":[{"id":21629,"href":"https:\/\/pc.sc.gov.br\/index.php?rest_route=\/wp\/v2\/posts\/21624\/revisions\/21629"}],"wp:featuredmedia":[{"embeddable":true,"href":"https:\/\/pc.sc.gov.br\/index.php?rest_route=\/wp\/v2\/media\/21625"}],"wp:attachment":[{"href":"https:\/\/pc.sc.gov.br\/index.php?rest_route=%2Fwp%2Fv2%2Fmedia&parent=21624"}],"wp:term":[{"taxonomy":"category","embeddable":true,"href":"https:\/\/pc.sc.gov.br\/index.php?rest_route=%2Fwp%2Fv2%2Fcategories&post=21624"},{"taxonomy":"post_tag","embeddable":true,"href":"https:\/\/pc.sc.gov.br\/index.php?rest_route=%2Fwp%2Fv2%2Ftags&post=21624"}],"curies":[{"name":"wp","href":"https:\/\/api.w.org\/{rel}","templated":true}]}}