{"id":21637,"date":"2024-07-05T16:31:15","date_gmt":"2024-07-05T19:31:15","guid":{"rendered":"https:\/\/pc.sc.gov.br\/?p=21637"},"modified":"2024-07-05T16:36:19","modified_gmt":"2024-07-05T19:36:19","slug":"em-rio-fortuna-operacao-conjunta-da-pcsc-e-pmsc-prende-casal-pelo-crime-de-drogas","status":"publish","type":"post","link":"https:\/\/pc.sc.gov.br\/?p=21637","title":{"rendered":"Em Rio Fortuna, opera\u00e7\u00e3o conjunta da PCSC e PMSC resulta na pris\u00e3o de casal pelo crime de drogas"},"content":{"rendered":"\t\t<div data-elementor-type=\"wp-post\" data-elementor-id=\"21637\" class=\"elementor elementor-21637\" data-elementor-post-type=\"post\">\n\t\t\t\t\t\t<section class=\"elementor-section elementor-top-section elementor-element elementor-element-e8399b4 elementor-section-boxed elementor-section-height-default elementor-section-height-default\" data-id=\"e8399b4\" data-element_type=\"section\">\n\t\t\t\t\t\t<div class=\"elementor-container elementor-column-gap-default\">\n\t\t\t\t\t<div class=\"elementor-column elementor-col-100 elementor-top-column elementor-element elementor-element-dc3c66e\" data-id=\"dc3c66e\" data-element_type=\"column\">\n\t\t\t<div class=\"elementor-widget-wrap elementor-element-populated\">\n\t\t\t\t\t\t<div class=\"elementor-element elementor-element-77485da elementor-widget elementor-widget-heading\" data-id=\"77485da\" data-element_type=\"widget\" data-widget_type=\"heading.default\">\n\t\t\t\t<div class=\"elementor-widget-container\">\n\t\t\t\t\t<h2 class=\"elementor-heading-title elementor-size-default\">Em Rio Fortuna, opera\u00e7\u00e3o conjunta entre PCSC e PMSC resulta na pris\u00e3o de casal pelo crime de tr\u00e1fico de drogas<\/h2>\t\t\t\t<\/div>\n\t\t\t\t<\/div>\n\t\t\t\t\t<\/div>\n\t\t<\/div>\n\t\t\t\t\t<\/div>\n\t\t<\/section>\n\t\t\t\t<section class=\"elementor-section elementor-top-section elementor-element elementor-element-6a903f0 elementor-section-boxed elementor-section-height-default elementor-section-height-default\" data-id=\"6a903f0\" data-element_type=\"section\">\n\t\t\t\t\t\t<div class=\"elementor-container elementor-column-gap-default\">\n\t\t\t\t\t<div class=\"elementor-column elementor-col-100 elementor-top-column elementor-element elementor-element-5399c14\" data-id=\"5399c14\" data-element_type=\"column\">\n\t\t\t<div class=\"elementor-widget-wrap elementor-element-populated\">\n\t\t\t\t\t\t<div class=\"elementor-element elementor-element-6a1deea elementor-widget elementor-widget-image\" data-id=\"6a1deea\" data-element_type=\"widget\" data-widget_type=\"image.default\">\n\t\t\t\t<div class=\"elementor-widget-container\">\n\t\t\t\t\t\t\t\t\t\t\t\t\t\t\t<img fetchpriority=\"high\" decoding=\"async\" width=\"632\" height=\"464\" src=\"https:\/\/pc.sc.gov.br\/\/wp-content\/uploads\/2024\/06\/a2dbb181-8fea-4491-9f21-ab050c390973-fotor-202404251893.jpg\" class=\"attachment-large size-large wp-image-21177\" alt=\"\" srcset=\"https:\/\/pc.sc.gov.br\/\/wp-content\/uploads\/2024\/06\/a2dbb181-8fea-4491-9f21-ab050c390973-fotor-202404251893.jpg 632w, https:\/\/pc.sc.gov.br\/\/wp-content\/uploads\/2024\/06\/a2dbb181-8fea-4491-9f21-ab050c390973-fotor-202404251893-300x220.jpg 300w\" sizes=\"(max-width: 632px) 100vw, 632px\" \/>\t\t\t\t\t\t\t\t\t\t\t\t\t\t\t<\/div>\n\t\t\t\t<\/div>\n\t\t\t\t\t<\/div>\n\t\t<\/div>\n\t\t\t\t\t<\/div>\n\t\t<\/section>\n\t\t\t\t<section class=\"elementor-section elementor-top-section elementor-element elementor-element-cb0d2e1 elementor-section-boxed elementor-section-height-default elementor-section-height-default\" data-id=\"cb0d2e1\" data-element_type=\"section\">\n\t\t\t\t\t\t<div class=\"elementor-container elementor-column-gap-default\">\n\t\t\t\t\t<div class=\"elementor-column elementor-col-100 elementor-top-column elementor-element elementor-element-621ebd2\" data-id=\"621ebd2\" data-element_type=\"column\">\n\t\t\t<div class=\"elementor-widget-wrap elementor-element-populated\">\n\t\t\t\t\t\t<div class=\"elementor-element elementor-element-36a62cb elementor-widget elementor-widget-text-editor\" data-id=\"36a62cb\" data-element_type=\"widget\" data-widget_type=\"text-editor.default\">\n\t\t\t\t<div class=\"elementor-widget-container\">\n\t\t\t\t\t\t\t\t\t<p>H\u00e1 alguns meses, as Pol\u00edcias Civil e Militar da cidade de Rio Fortuna passaram a receber informa\u00e7\u00f5es acerca do crime de tr\u00e1fico de drogas, executado por um casal, que residia em uma casa alugada, nas proximidades da \u00e1rea central de Rio Fortuna. A<span style=\"font-family: var( --e-global-typography-primary-font-family ), Sans-serif; font-size: var( --e-global-typography-primary-font-size ); font-weight: var( --e-global-typography-primary-font-weight ); letter-spacing: var( --e-global-typography-primary-letter-spacing );\">&nbsp;investiga\u00e7\u00e3o apurou que, no local, era vendida coca\u00edna e tr\u00eas usu\u00e1rios foram abordados no \u00faltimo m\u00eas, nas proximidades da casa, logo ap\u00f3s comprar a droga. Os usu\u00e1rios confirmaram a compra das buchas de coca\u00edna com o casal alvo da opera\u00e7\u00e3o.<\/span><\/p>\n<p>Ap\u00f3s a confec\u00e7\u00e3o de relat\u00f3rio de investiga\u00e7\u00e3o, o Poder Judici\u00e1rio decretou a pris\u00e3o preventiva do homem e da mulher suspeitos de tr\u00e1fico.<span style=\"font-family: var( --e-global-typography-primary-font-family ), Sans-serif; font-size: var( --e-global-typography-primary-font-size ); font-weight: var( --e-global-typography-primary-font-weight ); letter-spacing: var( --e-global-typography-primary-letter-spacing );\">Na manh\u00e3 desta sexta-feira (5), al\u00e9m da pris\u00e3o do casal, tamb\u00e9m foi cumprido mandados de busca e apreens\u00e3o, a fim angariar novos elementos de prova \u00e0 investiga\u00e7\u00e3o.<\/span><\/p>\n<p>De acordo com a delegada Gabriela Tissot Fruet, os presos foram encaminhados ao sistema prisional, ap\u00f3s a finaliza\u00e7\u00e3o dos trabalhos policiais. O inqu\u00e9rito policial ser\u00e1 conclu\u00eddo no prazo legal.<\/p>\t\t\t\t\t\t\t\t<\/div>\n\t\t\t\t<\/div>\n\t\t\t\t\t<\/div>\n\t\t<\/div>\n\t\t\t\t\t<\/div>\n\t\t<\/section>\n\t\t\t\t<\/div>\n\t\t","protected":false},"excerpt":{"rendered":"<p>Em Rio Fortuna, opera\u00e7\u00e3o conjunta entre PCSC e PMSC resulta na pris\u00e3o de casal pelo crime de tr\u00e1fico de drogas H\u00e1 alguns meses, as Pol\u00edcias Civil e Militar da cidade de Rio Fortuna passaram a receber informa\u00e7\u00f5es acerca do crime de tr\u00e1fico de drogas, executado por um casal, que residia em uma casa alugada, nas [&hellip;]<\/p>\n","protected":false},"author":5,"featured_media":21323,"comment_status":"closed","ping_status":"open","sticky":false,"template":"","format":"standard","meta":{"_monsterinsights_skip_tracking":false,"_monsterinsights_sitenote_active":false,"_monsterinsights_sitenote_note":"","_monsterinsights_sitenote_category":0,"footnotes":""},"categories":[1],"tags":[],"class_list":["post-21637","post","type-post","status-publish","format-standard","has-post-thumbnail","hentry","category-sem-categoria"],"_links":{"self":[{"href":"https:\/\/pc.sc.gov.br\/index.php?rest_route=\/wp\/v2\/posts\/21637","targetHints":{"allow":["GET"]}}],"collection":[{"href":"https:\/\/pc.sc.gov.br\/index.php?rest_route=\/wp\/v2\/posts"}],"about":[{"href":"https:\/\/pc.sc.gov.br\/index.php?rest_route=\/wp\/v2\/types\/post"}],"author":[{"embeddable":true,"href":"https:\/\/pc.sc.gov.br\/index.php?rest_route=\/wp\/v2\/users\/5"}],"replies":[{"embeddable":true,"href":"https:\/\/pc.sc.gov.br\/index.php?rest_route=%2Fwp%2Fv2%2Fcomments&post=21637"}],"version-history":[{"count":5,"href":"https:\/\/pc.sc.gov.br\/index.php?rest_route=\/wp\/v2\/posts\/21637\/revisions"}],"predecessor-version":[{"id":21642,"href":"https:\/\/pc.sc.gov.br\/index.php?rest_route=\/wp\/v2\/posts\/21637\/revisions\/21642"}],"wp:featuredmedia":[{"embeddable":true,"href":"https:\/\/pc.sc.gov.br\/index.php?rest_route=\/wp\/v2\/media\/21323"}],"wp:attachment":[{"href":"https:\/\/pc.sc.gov.br\/index.php?rest_route=%2Fwp%2Fv2%2Fmedia&parent=21637"}],"wp:term":[{"taxonomy":"category","embeddable":true,"href":"https:\/\/pc.sc.gov.br\/index.php?rest_route=%2Fwp%2Fv2%2Fcategories&post=21637"},{"taxonomy":"post_tag","embeddable":true,"href":"https:\/\/pc.sc.gov.br\/index.php?rest_route=%2Fwp%2Fv2%2Ftags&post=21637"}],"curies":[{"name":"wp","href":"https:\/\/api.w.org\/{rel}","templated":true}]}}