{"id":21661,"date":"2024-07-05T17:09:06","date_gmt":"2024-07-05T20:09:06","guid":{"rendered":"https:\/\/pc.sc.gov.br\/?p=21661"},"modified":"2024-07-05T17:12:19","modified_gmt":"2024-07-05T20:12:19","slug":"policia-civil-prende-em-flagrante-no-aeroporto-de-florianopolis-suspeita-de-furto-na-cidade-de-jaragua-do-sul","status":"publish","type":"post","link":"https:\/\/pc.sc.gov.br\/?p=21661","title":{"rendered":"Pol\u00edcia Civil prende em flagrante, no Aeroporto de Florian\u00f3polis, suspeita de furto na cidade de Jaragu\u00e1 do Sul"},"content":{"rendered":"\t\t<div data-elementor-type=\"wp-post\" data-elementor-id=\"21661\" class=\"elementor elementor-21661\" data-elementor-post-type=\"post\">\n\t\t\t\t\t\t<section class=\"elementor-section elementor-top-section elementor-element elementor-element-5698c3c elementor-section-boxed elementor-section-height-default elementor-section-height-default\" data-id=\"5698c3c\" data-element_type=\"section\">\n\t\t\t\t\t\t<div class=\"elementor-container elementor-column-gap-default\">\n\t\t\t\t\t<div class=\"elementor-column elementor-col-100 elementor-top-column elementor-element elementor-element-9ba15c8\" data-id=\"9ba15c8\" data-element_type=\"column\">\n\t\t\t<div class=\"elementor-widget-wrap elementor-element-populated\">\n\t\t\t\t\t\t<div class=\"elementor-element elementor-element-f5ea43a elementor-widget elementor-widget-heading\" data-id=\"f5ea43a\" data-element_type=\"widget\" data-widget_type=\"heading.default\">\n\t\t\t\t<div class=\"elementor-widget-container\">\n\t\t\t\t\t<h2 class=\"elementor-heading-title elementor-size-default\">Pol\u00edcia Civil prende em flagrante, no Aeroporto de Florian\u00f3polis, suspeita de furto em Jaragu\u00e1 do Sul<\/h2>\t\t\t\t<\/div>\n\t\t\t\t<\/div>\n\t\t\t\t\t<\/div>\n\t\t<\/div>\n\t\t\t\t\t<\/div>\n\t\t<\/section>\n\t\t\t\t<section class=\"elementor-section elementor-top-section elementor-element elementor-element-cf39ed3 elementor-section-boxed elementor-section-height-default elementor-section-height-default\" data-id=\"cf39ed3\" data-element_type=\"section\">\n\t\t\t\t\t\t<div class=\"elementor-container elementor-column-gap-default\">\n\t\t\t\t\t<div class=\"elementor-column elementor-col-100 elementor-top-column elementor-element elementor-element-a144099\" data-id=\"a144099\" data-element_type=\"column\">\n\t\t\t<div class=\"elementor-widget-wrap elementor-element-populated\">\n\t\t\t\t\t\t<div class=\"elementor-element elementor-element-9693368 elementor-widget elementor-widget-image\" data-id=\"9693368\" data-element_type=\"widget\" data-widget_type=\"image.default\">\n\t\t\t\t<div class=\"elementor-widget-container\">\n\t\t\t\t\t\t\t\t\t\t\t\t\t\t\t<img fetchpriority=\"high\" decoding=\"async\" width=\"385\" height=\"238\" src=\"https:\/\/pc.sc.gov.br\/\/wp-content\/uploads\/2024\/07\/WhatsApp-Image-2024-03-19-at-3.22.02-PM-fotor-2024041817100.jpg\" class=\"attachment-large size-large wp-image-21662\" alt=\"\" srcset=\"https:\/\/pc.sc.gov.br\/\/wp-content\/uploads\/2024\/07\/WhatsApp-Image-2024-03-19-at-3.22.02-PM-fotor-2024041817100.jpg 385w, https:\/\/pc.sc.gov.br\/\/wp-content\/uploads\/2024\/07\/WhatsApp-Image-2024-03-19-at-3.22.02-PM-fotor-2024041817100-300x185.jpg 300w\" sizes=\"(max-width: 385px) 100vw, 385px\" \/>\t\t\t\t\t\t\t\t\t\t\t\t\t\t\t<\/div>\n\t\t\t\t<\/div>\n\t\t\t\t\t<\/div>\n\t\t<\/div>\n\t\t\t\t\t<\/div>\n\t\t<\/section>\n\t\t\t\t<section class=\"elementor-section elementor-top-section elementor-element elementor-element-7488f8d elementor-section-boxed elementor-section-height-default elementor-section-height-default\" data-id=\"7488f8d\" data-element_type=\"section\">\n\t\t\t\t\t\t<div class=\"elementor-container elementor-column-gap-default\">\n\t\t\t\t\t<div class=\"elementor-column elementor-col-100 elementor-top-column elementor-element elementor-element-73d332c\" data-id=\"73d332c\" data-element_type=\"column\">\n\t\t\t<div class=\"elementor-widget-wrap elementor-element-populated\">\n\t\t\t\t\t\t<div class=\"elementor-element elementor-element-0d1f28b elementor-widget elementor-widget-text-editor\" data-id=\"0d1f28b\" data-element_type=\"widget\" data-widget_type=\"text-editor.default\">\n\t\t\t\t<div class=\"elementor-widget-container\">\n\t\t\t\t\t\t\t\t\t<p>Nesta sexta-feira (05), a Pol\u00edcia Civil, por interm\u00e9dio da Delegacia de Prote\u00e7\u00e3o ao Turista (DPTUR) e Central Regional de Plant\u00e3o Policial (CRPP) de Jaragu\u00e1 do Sul, prendeu em flagrante uma pessoa no Aeroporto de Florian\u00f3polis. A<span style=\"font-family: var( --e-global-typography-text-font-family ), Sans-serif; font-size: var( --e-global-typography-text-font-size );\">&nbsp;suspeita teria realizado transfer\u00eancias banc\u00e1rias n\u00e3o autorizadas utilizando o telefone da v\u00edtima. Logo ap\u00f3s perceber a subtra\u00e7\u00e3o, a ofendida buscou a Pol\u00edcia Civil em Jaragu\u00e1 do Sul.&nbsp;<\/span><\/p>\n<p>Na Central Regional de Plant\u00e3o Policial, a v\u00edtima informou que emprestou seu telefone para que a suspeita solicitasse uma corrida de aplicativo at\u00e9 o Aeroporto de Florian\u00f3polis, pois viajaria naquela data. Contudo, tamb\u00e9m teria realizado transfer\u00eancias banc\u00e1rias sem sua autoriza\u00e7\u00e3o. Assim, imediatamente, os policiais acionaram a Delegacia de Prote\u00e7\u00e3o ao Turista (DPTUR), que se localiza no Aeroporto da Capital.<\/p>\n<p>A a\u00e7\u00e3o em Florian\u00f3polis<\/p>\n<p>Policiais da DPTUR realizaram a identifica\u00e7\u00e3o e o monitoramento da suspeita. Confirmada sua identidade, a pessoa foi conduzida at\u00e9 a Delegacia de Prote\u00e7\u00e3o ao Turista, no interior do Aeroporto. No local, ap\u00f3s realizada sua identifica\u00e7\u00e3o completa e a confer\u00eancia de seus documentos de viagem, bem como daqueles remetidos pela Central Regional de Jaragu\u00e1 do Sul, a Autoridade Policial determinou a pris\u00e3o em flagrante da suspeita, pela pr\u00e1tica do delito de furto qualificado mediante fraude.<\/p>\n<p>A investigada foi encaminhada ao Poder Judici\u00e1rio para os procedimentos legais.<\/p>\t\t\t\t\t\t\t\t<\/div>\n\t\t\t\t<\/div>\n\t\t\t\t\t<\/div>\n\t\t<\/div>\n\t\t\t\t\t<\/div>\n\t\t<\/section>\n\t\t\t\t<\/div>\n\t\t","protected":false},"excerpt":{"rendered":"<p>Pol\u00edcia Civil prende em flagrante, no Aeroporto de Florian\u00f3polis, suspeita de furto em Jaragu\u00e1 do Sul Nesta sexta-feira (05), a Pol\u00edcia Civil, por interm\u00e9dio da Delegacia de Prote\u00e7\u00e3o ao Turista (DPTUR) e Central Regional de Plant\u00e3o Policial (CRPP) de Jaragu\u00e1 do Sul, prendeu em flagrante uma pessoa no Aeroporto de Florian\u00f3polis. A&nbsp;suspeita teria realizado transfer\u00eancias [&hellip;]<\/p>\n","protected":false},"author":5,"featured_media":21662,"comment_status":"closed","ping_status":"open","sticky":false,"template":"","format":"standard","meta":{"_monsterinsights_skip_tracking":false,"_monsterinsights_sitenote_active":false,"_monsterinsights_sitenote_note":"","_monsterinsights_sitenote_category":0,"footnotes":""},"categories":[1],"tags":[],"class_list":["post-21661","post","type-post","status-publish","format-standard","has-post-thumbnail","hentry","category-sem-categoria"],"_links":{"self":[{"href":"https:\/\/pc.sc.gov.br\/index.php?rest_route=\/wp\/v2\/posts\/21661","targetHints":{"allow":["GET"]}}],"collection":[{"href":"https:\/\/pc.sc.gov.br\/index.php?rest_route=\/wp\/v2\/posts"}],"about":[{"href":"https:\/\/pc.sc.gov.br\/index.php?rest_route=\/wp\/v2\/types\/post"}],"author":[{"embeddable":true,"href":"https:\/\/pc.sc.gov.br\/index.php?rest_route=\/wp\/v2\/users\/5"}],"replies":[{"embeddable":true,"href":"https:\/\/pc.sc.gov.br\/index.php?rest_route=%2Fwp%2Fv2%2Fcomments&post=21661"}],"version-history":[{"count":3,"href":"https:\/\/pc.sc.gov.br\/index.php?rest_route=\/wp\/v2\/posts\/21661\/revisions"}],"predecessor-version":[{"id":21668,"href":"https:\/\/pc.sc.gov.br\/index.php?rest_route=\/wp\/v2\/posts\/21661\/revisions\/21668"}],"wp:featuredmedia":[{"embeddable":true,"href":"https:\/\/pc.sc.gov.br\/index.php?rest_route=\/wp\/v2\/media\/21662"}],"wp:attachment":[{"href":"https:\/\/pc.sc.gov.br\/index.php?rest_route=%2Fwp%2Fv2%2Fmedia&parent=21661"}],"wp:term":[{"taxonomy":"category","embeddable":true,"href":"https:\/\/pc.sc.gov.br\/index.php?rest_route=%2Fwp%2Fv2%2Fcategories&post=21661"},{"taxonomy":"post_tag","embeddable":true,"href":"https:\/\/pc.sc.gov.br\/index.php?rest_route=%2Fwp%2Fv2%2Ftags&post=21661"}],"curies":[{"name":"wp","href":"https:\/\/api.w.org\/{rel}","templated":true}]}}