{"id":21663,"date":"2024-07-05T17:10:15","date_gmt":"2024-07-05T20:10:15","guid":{"rendered":"https:\/\/pc.sc.gov.br\/?p=21663"},"modified":"2024-07-05T17:12:12","modified_gmt":"2024-07-05T20:12:12","slug":"policia-civil-prende-suspeito-de-ter-efetuado-disparo-de-arma-de-fogo-em-veiculo-conduzido-pelo-amante-de-sua-esposa","status":"publish","type":"post","link":"https:\/\/pc.sc.gov.br\/?p=21663","title":{"rendered":"Pol\u00edcia Civil prende suspeito de ter efetuado disparo de arma de fogo em ve\u00edculo conduzido pelo amante de sua esposa"},"content":{"rendered":"\t\t<div data-elementor-type=\"wp-post\" data-elementor-id=\"21663\" class=\"elementor elementor-21663\" data-elementor-post-type=\"post\">\n\t\t\t\t\t\t<section class=\"elementor-section elementor-top-section elementor-element elementor-element-b3f6e95 elementor-section-boxed elementor-section-height-default elementor-section-height-default\" data-id=\"b3f6e95\" data-element_type=\"section\">\n\t\t\t\t\t\t<div class=\"elementor-container elementor-column-gap-default\">\n\t\t\t\t\t<div class=\"elementor-column elementor-col-100 elementor-top-column elementor-element elementor-element-a3f8c4b\" data-id=\"a3f8c4b\" data-element_type=\"column\">\n\t\t\t<div class=\"elementor-widget-wrap elementor-element-populated\">\n\t\t\t\t\t\t<div class=\"elementor-element elementor-element-e708dbd elementor-widget elementor-widget-heading\" data-id=\"e708dbd\" data-element_type=\"widget\" data-widget_type=\"heading.default\">\n\t\t\t\t<div class=\"elementor-widget-container\">\n\t\t\t\t\t<h2 class=\"elementor-heading-title elementor-size-default\">Pol\u00edcia Civil prende suspeito de ter efetuado disparo de arma de fogo em ve\u00edculo conduzido pelo amante de sua esposa<\/h2>\t\t\t\t<\/div>\n\t\t\t\t<\/div>\n\t\t\t\t\t<\/div>\n\t\t<\/div>\n\t\t\t\t\t<\/div>\n\t\t<\/section>\n\t\t\t\t<section class=\"elementor-section elementor-top-section elementor-element elementor-element-9eaf48e elementor-section-boxed elementor-section-height-default elementor-section-height-default\" data-id=\"9eaf48e\" data-element_type=\"section\">\n\t\t\t\t\t\t<div class=\"elementor-container elementor-column-gap-default\">\n\t\t\t\t\t<div class=\"elementor-column elementor-col-100 elementor-top-column elementor-element elementor-element-893ef11\" data-id=\"893ef11\" data-element_type=\"column\">\n\t\t\t<div class=\"elementor-widget-wrap elementor-element-populated\">\n\t\t\t\t\t\t<div class=\"elementor-element elementor-element-0b8dd5d elementor-widget elementor-widget-image\" data-id=\"0b8dd5d\" data-element_type=\"widget\" data-widget_type=\"image.default\">\n\t\t\t\t<div class=\"elementor-widget-container\">\n\t\t\t\t\t\t\t\t\t\t\t\t\t\t\t<img fetchpriority=\"high\" decoding=\"async\" width=\"696\" height=\"583\" src=\"https:\/\/pc.sc.gov.br\/\/wp-content\/uploads\/2024\/06\/52798047036_d7bc95aaed_k-fotor-20231101135311.jpg\" class=\"attachment-large size-large wp-image-21414\" alt=\"\" srcset=\"https:\/\/pc.sc.gov.br\/\/wp-content\/uploads\/2024\/06\/52798047036_d7bc95aaed_k-fotor-20231101135311.jpg 961w, https:\/\/pc.sc.gov.br\/\/wp-content\/uploads\/2024\/06\/52798047036_d7bc95aaed_k-fotor-20231101135311-300x251.jpg 300w, https:\/\/pc.sc.gov.br\/\/wp-content\/uploads\/2024\/06\/52798047036_d7bc95aaed_k-fotor-20231101135311-768x643.jpg 768w\" sizes=\"(max-width: 696px) 100vw, 696px\" \/>\t\t\t\t\t\t\t\t\t\t\t\t\t\t\t<\/div>\n\t\t\t\t<\/div>\n\t\t\t\t\t<\/div>\n\t\t<\/div>\n\t\t\t\t\t<\/div>\n\t\t<\/section>\n\t\t\t\t<section class=\"elementor-section elementor-top-section elementor-element elementor-element-d182229 elementor-section-boxed elementor-section-height-default elementor-section-height-default\" data-id=\"d182229\" data-element_type=\"section\">\n\t\t\t\t\t\t<div class=\"elementor-container elementor-column-gap-default\">\n\t\t\t\t\t<div class=\"elementor-column elementor-col-100 elementor-top-column elementor-element elementor-element-b419b7d\" data-id=\"b419b7d\" data-element_type=\"column\">\n\t\t\t<div class=\"elementor-widget-wrap elementor-element-populated\">\n\t\t\t\t\t\t<div class=\"elementor-element elementor-element-ac523cb elementor-widget elementor-widget-text-editor\" data-id=\"ac523cb\" data-element_type=\"widget\" data-widget_type=\"text-editor.default\">\n\t\t\t\t<div class=\"elementor-widget-container\">\n\t\t\t\t\t\t\t\t\t<p>Nesta sexta-feira (05\/07), a Pol\u00edcia Civil de Santa Catarina, atrav\u00e9s da Delegacia de Pol\u00edcia de Itapema, cumpriu mandados de busca e apreens\u00e3o e pris\u00e3o tempor\u00e1ria de suspeito, assim como condu\u00e7\u00e3o coercitiva de testemunhas, no bairro Meia Praia, em Itapema.<\/p><p>Conforme consta no inqu\u00e9rito policial, em 08\/05\/2024, por volta de 19 horas, na Avenida Nereu Ramos, no bairro Centro, em Itapema, ao se deparar com o ve\u00edculo do amante de sua esposa, o suspeito desceu do carro e efetuou um disparo de arma de fogo, sendo o proj\u00e9til localizado no porta-malas, atr\u00e1s do revestimento do banco traseiro. O evento criminoso foi captado por c\u00e2meras de monitoramento.<\/p><p>Durante o curso da investiga\u00e7\u00e3o, foi oferecida representa\u00e7\u00e3o pela busca e apreens\u00e3o nos endere\u00e7os do suspeito, com o fim de ser localizada a arma de fogo. Vale ressaltar que o suspeito possui registro de uma pistola. Na ocasi\u00e3o (28\/05\/2024), os policiais civis foram recebidos pelo genro do suspeito, o qual informou que a fam\u00edlia havia viajado para o Rio Grande do Sul e o suspeito levado a arma de fogo, uma vez que possu\u00eda porte de arma de fogo.<\/p><p>Assim, desde ent\u00e3o, ap\u00f3s diversas intima\u00e7\u00f5es para prestar interrogat\u00f3rio e apresentar a arma de fogo, o suspeito n\u00e3o o fez, com a inten\u00e7\u00e3o de prejudicar o andamento das investiga\u00e7\u00f5es. Em raz\u00e3o desse fato, foi oferecida nova representa\u00e7\u00e3o pela decreta\u00e7\u00e3o de nova medida de busca e apreens\u00e3o, pris\u00e3o tempor\u00e1ria do suspeito e condu\u00e7\u00e3o coercitiva das testemunhas (companheira e enteada do suspeito), sendo o pleito deferido pelo Poder Judici\u00e1rio ap\u00f3s manifesta\u00e7\u00e3o favor\u00e1vel do Minist\u00e9rio P\u00fablico.<\/p><p>Desse modo, foi cumprida a decis\u00e3o judicial, sendo apreendido o aparelho celular do suspeito, o qual se negou a informar onde teria deixado sua arma de fogo. Na mesma ocasi\u00e3o, foi dado cumprimento ao mandado de pris\u00e3o tempor\u00e1ria e \u00e0s condu\u00e7\u00f5es coercitivas das testemunhas, as quais foram ouvidas na Delegacia de Pol\u00edcia.<\/p><p>Ap\u00f3s permanecer em sil\u00eancio em seu interrogat\u00f3rio, o suspeito foi encaminhado ao Pres\u00eddio de Itapema e o inqu\u00e9rito policial remetido ao Poder Judici\u00e1rio.<\/p>\t\t\t\t\t\t\t\t<\/div>\n\t\t\t\t<\/div>\n\t\t\t\t\t<\/div>\n\t\t<\/div>\n\t\t\t\t\t<\/div>\n\t\t<\/section>\n\t\t\t\t<\/div>\n\t\t","protected":false},"excerpt":{"rendered":"<p>Pol\u00edcia Civil prende suspeito de ter efetuado disparo de arma de fogo em ve\u00edculo conduzido pelo amante de sua esposa Nesta sexta-feira (05\/07), a Pol\u00edcia Civil de Santa Catarina, atrav\u00e9s da Delegacia de Pol\u00edcia de Itapema, cumpriu mandados de busca e apreens\u00e3o e pris\u00e3o tempor\u00e1ria de suspeito, assim como condu\u00e7\u00e3o coercitiva de testemunhas, no bairro [&hellip;]<\/p>\n","protected":false},"author":5,"featured_media":21414,"comment_status":"closed","ping_status":"open","sticky":false,"template":"","format":"standard","meta":{"_monsterinsights_skip_tracking":false,"_monsterinsights_sitenote_active":false,"_monsterinsights_sitenote_note":"","_monsterinsights_sitenote_category":0,"footnotes":""},"categories":[1],"tags":[],"class_list":["post-21663","post","type-post","status-publish","format-standard","has-post-thumbnail","hentry","category-sem-categoria"],"_links":{"self":[{"href":"https:\/\/pc.sc.gov.br\/index.php?rest_route=\/wp\/v2\/posts\/21663","targetHints":{"allow":["GET"]}}],"collection":[{"href":"https:\/\/pc.sc.gov.br\/index.php?rest_route=\/wp\/v2\/posts"}],"about":[{"href":"https:\/\/pc.sc.gov.br\/index.php?rest_route=\/wp\/v2\/types\/post"}],"author":[{"embeddable":true,"href":"https:\/\/pc.sc.gov.br\/index.php?rest_route=\/wp\/v2\/users\/5"}],"replies":[{"embeddable":true,"href":"https:\/\/pc.sc.gov.br\/index.php?rest_route=%2Fwp%2Fv2%2Fcomments&post=21663"}],"version-history":[{"count":4,"href":"https:\/\/pc.sc.gov.br\/index.php?rest_route=\/wp\/v2\/posts\/21663\/revisions"}],"predecessor-version":[{"id":21671,"href":"https:\/\/pc.sc.gov.br\/index.php?rest_route=\/wp\/v2\/posts\/21663\/revisions\/21671"}],"wp:featuredmedia":[{"embeddable":true,"href":"https:\/\/pc.sc.gov.br\/index.php?rest_route=\/wp\/v2\/media\/21414"}],"wp:attachment":[{"href":"https:\/\/pc.sc.gov.br\/index.php?rest_route=%2Fwp%2Fv2%2Fmedia&parent=21663"}],"wp:term":[{"taxonomy":"category","embeddable":true,"href":"https:\/\/pc.sc.gov.br\/index.php?rest_route=%2Fwp%2Fv2%2Fcategories&post=21663"},{"taxonomy":"post_tag","embeddable":true,"href":"https:\/\/pc.sc.gov.br\/index.php?rest_route=%2Fwp%2Fv2%2Ftags&post=21663"}],"curies":[{"name":"wp","href":"https:\/\/api.w.org\/{rel}","templated":true}]}}