{"id":21680,"date":"2024-07-05T17:46:01","date_gmt":"2024-07-05T20:46:01","guid":{"rendered":"https:\/\/pc.sc.gov.br\/?p=21680"},"modified":"2024-07-05T17:47:42","modified_gmt":"2024-07-05T20:47:42","slug":"pcsc-prende-preventivamente-investigados-pelo-crime-de-homicidio-ocorrido-em-ascurra","status":"publish","type":"post","link":"https:\/\/pc.sc.gov.br\/?p=21680","title":{"rendered":"PCSC prende preventivamente investigados pelo crime de homic\u00eddio ocorrido em Ascurra"},"content":{"rendered":"\t\t<div data-elementor-type=\"wp-post\" data-elementor-id=\"21680\" class=\"elementor elementor-21680\" data-elementor-post-type=\"post\">\n\t\t\t\t\t\t<section class=\"elementor-section elementor-top-section elementor-element elementor-element-19783c4 elementor-section-boxed elementor-section-height-default elementor-section-height-default\" data-id=\"19783c4\" data-element_type=\"section\">\n\t\t\t\t\t\t<div class=\"elementor-container elementor-column-gap-default\">\n\t\t\t\t\t<div class=\"elementor-column elementor-col-100 elementor-top-column elementor-element elementor-element-a7f5a15\" data-id=\"a7f5a15\" data-element_type=\"column\">\n\t\t\t<div class=\"elementor-widget-wrap elementor-element-populated\">\n\t\t\t\t\t\t<div class=\"elementor-element elementor-element-f3e0ecc elementor-widget elementor-widget-heading\" data-id=\"f3e0ecc\" data-element_type=\"widget\" data-widget_type=\"heading.default\">\n\t\t\t\t<div class=\"elementor-widget-container\">\n\t\t\t\t\t<h2 class=\"elementor-heading-title elementor-size-default\">PCSC prende preventivamente investigados pelo crime de homic\u00eddio ocorrido em Ascurra<\/h2>\t\t\t\t<\/div>\n\t\t\t\t<\/div>\n\t\t\t\t\t<\/div>\n\t\t<\/div>\n\t\t\t\t\t<\/div>\n\t\t<\/section>\n\t\t\t\t<section class=\"elementor-section elementor-top-section elementor-element elementor-element-26939d7 elementor-section-boxed elementor-section-height-default elementor-section-height-default\" data-id=\"26939d7\" data-element_type=\"section\">\n\t\t\t\t\t\t<div class=\"elementor-container elementor-column-gap-default\">\n\t\t\t\t\t<div class=\"elementor-column elementor-col-100 elementor-top-column elementor-element elementor-element-3c7b28e\" data-id=\"3c7b28e\" data-element_type=\"column\">\n\t\t\t<div class=\"elementor-widget-wrap elementor-element-populated\">\n\t\t\t\t\t\t<div class=\"elementor-element elementor-element-d4614d8 elementor-widget elementor-widget-image\" data-id=\"d4614d8\" data-element_type=\"widget\" data-widget_type=\"image.default\">\n\t\t\t\t<div class=\"elementor-widget-container\">\n\t\t\t\t\t\t\t\t\t\t\t\t\t\t\t<img fetchpriority=\"high\" decoding=\"async\" width=\"696\" height=\"620\" src=\"https:\/\/pc.sc.gov.br\/\/wp-content\/uploads\/2024\/07\/MOTEL-INTERDITADO-fotor-2024070517467.png\" class=\"attachment-large size-large wp-image-21682\" alt=\"\" srcset=\"https:\/\/pc.sc.gov.br\/\/wp-content\/uploads\/2024\/07\/MOTEL-INTERDITADO-fotor-2024070517467.png 728w, https:\/\/pc.sc.gov.br\/\/wp-content\/uploads\/2024\/07\/MOTEL-INTERDITADO-fotor-2024070517467-300x267.png 300w\" sizes=\"(max-width: 696px) 100vw, 696px\" \/>\t\t\t\t\t\t\t\t\t\t\t\t\t\t\t<\/div>\n\t\t\t\t<\/div>\n\t\t\t\t\t<\/div>\n\t\t<\/div>\n\t\t\t\t\t<\/div>\n\t\t<\/section>\n\t\t\t\t<section class=\"elementor-section elementor-top-section elementor-element elementor-element-41f5800 elementor-section-boxed elementor-section-height-default elementor-section-height-default\" data-id=\"41f5800\" data-element_type=\"section\">\n\t\t\t\t\t\t<div class=\"elementor-container elementor-column-gap-default\">\n\t\t\t\t\t<div class=\"elementor-column elementor-col-100 elementor-top-column elementor-element elementor-element-c69afb0\" data-id=\"c69afb0\" data-element_type=\"column\">\n\t\t\t<div class=\"elementor-widget-wrap elementor-element-populated\">\n\t\t\t\t\t\t<div class=\"elementor-element elementor-element-e46c085 elementor-widget elementor-widget-text-editor\" data-id=\"e46c085\" data-element_type=\"widget\" data-widget_type=\"text-editor.default\">\n\t\t\t\t<div class=\"elementor-widget-container\">\n\t\t\t\t\t\t\t\t\t<p><span style=\"font-family: var( --e-global-typography-text-font-family ), Sans-serif; font-size: var( --e-global-typography-text-font-size );\">A Pol\u00edcia Civil de Santa Catarina, por meio da Comarca de Ascurra deu cumprimento a tr\u00eas mandados de pris\u00e3o preventiva e tr\u00eas mandados de busca e apreens\u00e3o domiciliar, nesta sexta-feira (05), expedidos em desfavor de quatro homens suspeitos da pr\u00e1tica do crime de homic\u00eddio qualificado.<\/span><\/p>\n<p>A investiga\u00e7\u00e3o do homic\u00eddio iniciou no m\u00eas de mar\u00e7o, mais precisamente no dia 11, quando 01 (um) homem, morador do estado do Paran\u00e1 &#8211; que estaria morando na localidade da Subida h\u00e1 tr\u00eas dias &#8211; foi alvejado por um disparo de arma de fogo e foi a \u00f3bito antes mesmo do atendimento pelo Corpo de Bombeiros.<\/p>\n<p>As dilig\u00eancias e oitivas realizadas pela Pol\u00edcia Civil apontaram a autoria inicialmente para dois investigados, moradores das cidades de Api\u00fana e Ibirama, que inclusive permaneceram presos temporariamente por 30 dias. Na continuidade das investiga\u00e7\u00f5es foi poss\u00edvel identificar a participa\u00e7\u00e3o de mais dois homens no crime de homic\u00eddio, sendo os executores.<\/p>\n<p>Com base no conjunto de elementos apurados, foi representado pelo Delegado Wesley de Sousa Costa, ao Poder Judici\u00e1rio pela pris\u00e3o preventiva dos investigados, sendo o pleito referendado pelo Minist\u00e9rio P\u00fablico, tendo sido tr\u00eas pris\u00f5es decretadas, as quais foram cumpridas na manh\u00e3 de hoje.<\/p>\n<p>Os mandados foram cumpridos nas cidades de Ibirama e Api\u00fana, sendo que dois dos investigados j\u00e1 estavam presos por outros crimes, sendo os mandados cumpridos nos pres\u00eddios de Campos Novos e de Blumenau, ficando assim \u00e0 disposi\u00e7\u00e3o do ju\u00edzo Criminal da Comarca de Ascurra.<\/p>\n<p><b>Colabore com a Pol\u00edcia Civil de Ascurra &#8211; Den\u00fancias pelo (047) 9.9793-6769 &#8211; Sigilo Absoluto<\/b><\/p>\t\t\t\t\t\t\t\t<\/div>\n\t\t\t\t<\/div>\n\t\t\t\t\t<\/div>\n\t\t<\/div>\n\t\t\t\t\t<\/div>\n\t\t<\/section>\n\t\t\t\t<\/div>\n\t\t","protected":false},"excerpt":{"rendered":"<p>PCSC prende preventivamente investigados pelo crime de homic\u00eddio ocorrido em Ascurra A Pol\u00edcia Civil de Santa Catarina, por meio da Comarca de Ascurra deu cumprimento a tr\u00eas mandados de pris\u00e3o preventiva e tr\u00eas mandados de busca e apreens\u00e3o domiciliar, nesta sexta-feira (05), expedidos em desfavor de quatro homens suspeitos da pr\u00e1tica do crime de homic\u00eddio [&hellip;]<\/p>\n","protected":false},"author":5,"featured_media":19582,"comment_status":"closed","ping_status":"open","sticky":false,"template":"","format":"standard","meta":{"_monsterinsights_skip_tracking":false,"_monsterinsights_sitenote_active":false,"_monsterinsights_sitenote_note":"","_monsterinsights_sitenote_category":0,"footnotes":""},"categories":[1],"tags":[],"class_list":["post-21680","post","type-post","status-publish","format-standard","has-post-thumbnail","hentry","category-sem-categoria"],"_links":{"self":[{"href":"https:\/\/pc.sc.gov.br\/index.php?rest_route=\/wp\/v2\/posts\/21680","targetHints":{"allow":["GET"]}}],"collection":[{"href":"https:\/\/pc.sc.gov.br\/index.php?rest_route=\/wp\/v2\/posts"}],"about":[{"href":"https:\/\/pc.sc.gov.br\/index.php?rest_route=\/wp\/v2\/types\/post"}],"author":[{"embeddable":true,"href":"https:\/\/pc.sc.gov.br\/index.php?rest_route=\/wp\/v2\/users\/5"}],"replies":[{"embeddable":true,"href":"https:\/\/pc.sc.gov.br\/index.php?rest_route=%2Fwp%2Fv2%2Fcomments&post=21680"}],"version-history":[{"count":4,"href":"https:\/\/pc.sc.gov.br\/index.php?rest_route=\/wp\/v2\/posts\/21680\/revisions"}],"predecessor-version":[{"id":21685,"href":"https:\/\/pc.sc.gov.br\/index.php?rest_route=\/wp\/v2\/posts\/21680\/revisions\/21685"}],"wp:featuredmedia":[{"embeddable":true,"href":"https:\/\/pc.sc.gov.br\/index.php?rest_route=\/wp\/v2\/media\/19582"}],"wp:attachment":[{"href":"https:\/\/pc.sc.gov.br\/index.php?rest_route=%2Fwp%2Fv2%2Fmedia&parent=21680"}],"wp:term":[{"taxonomy":"category","embeddable":true,"href":"https:\/\/pc.sc.gov.br\/index.php?rest_route=%2Fwp%2Fv2%2Fcategories&post=21680"},{"taxonomy":"post_tag","embeddable":true,"href":"https:\/\/pc.sc.gov.br\/index.php?rest_route=%2Fwp%2Fv2%2Ftags&post=21680"}],"curies":[{"name":"wp","href":"https:\/\/api.w.org\/{rel}","templated":true}]}}