{"id":21686,"date":"2024-07-05T18:14:45","date_gmt":"2024-07-05T21:14:45","guid":{"rendered":"https:\/\/pc.sc.gov.br\/?p=21686"},"modified":"2024-07-05T18:15:40","modified_gmt":"2024-07-05T21:15:40","slug":"pcsc-212-anos-drp-de-laguna-entrega-130-quilos-de-alimentos-para-asilo-santa-isabel","status":"publish","type":"post","link":"https:\/\/pc.sc.gov.br\/?p=21686","title":{"rendered":"PCSC 212 anos: DRP de Laguna entrega 130 quilos de alimentos para Asilo Santa Isabel"},"content":{"rendered":"\t\t<div data-elementor-type=\"wp-post\" data-elementor-id=\"21686\" class=\"elementor elementor-21686\" data-elementor-post-type=\"post\">\n\t\t\t\t\t\t<section class=\"elementor-section elementor-top-section elementor-element elementor-element-745d8df elementor-section-boxed elementor-section-height-default elementor-section-height-default\" data-id=\"745d8df\" data-element_type=\"section\">\n\t\t\t\t\t\t<div class=\"elementor-container elementor-column-gap-default\">\n\t\t\t\t\t<div class=\"elementor-column elementor-col-100 elementor-top-column elementor-element elementor-element-46be600\" data-id=\"46be600\" data-element_type=\"column\">\n\t\t\t<div class=\"elementor-widget-wrap elementor-element-populated\">\n\t\t\t\t\t\t<div class=\"elementor-element elementor-element-9f15308 elementor-widget elementor-widget-heading\" data-id=\"9f15308\" data-element_type=\"widget\" data-widget_type=\"heading.default\">\n\t\t\t\t<div class=\"elementor-widget-container\">\n\t\t\t\t\t<h2 class=\"elementor-heading-title elementor-size-default\">PCSC 212 anos: DRP de Laguna entrega 130 quilos de alimentos para Asilo Santa Isabel<\/h2>\t\t\t\t<\/div>\n\t\t\t\t<\/div>\n\t\t\t\t\t<\/div>\n\t\t<\/div>\n\t\t\t\t\t<\/div>\n\t\t<\/section>\n\t\t\t\t<section class=\"elementor-section elementor-top-section elementor-element elementor-element-15969e3 elementor-section-boxed elementor-section-height-default elementor-section-height-default\" data-id=\"15969e3\" data-element_type=\"section\">\n\t\t\t\t\t\t<div class=\"elementor-container elementor-column-gap-default\">\n\t\t\t\t\t<div class=\"elementor-column elementor-col-100 elementor-top-column elementor-element elementor-element-5f53c7b\" data-id=\"5f53c7b\" data-element_type=\"column\">\n\t\t\t<div class=\"elementor-widget-wrap elementor-element-populated\">\n\t\t\t\t\t\t<div class=\"elementor-element elementor-element-6fee97d elementor-widget elementor-widget-image\" data-id=\"6fee97d\" data-element_type=\"widget\" data-widget_type=\"image.default\">\n\t\t\t\t<div class=\"elementor-widget-container\">\n\t\t\t\t\t\t\t\t\t\t\t\t\t\t\t<img fetchpriority=\"high\" decoding=\"async\" width=\"696\" height=\"665\" src=\"https:\/\/pc.sc.gov.br\/\/wp-content\/uploads\/2024\/07\/c159f0d8-b766-4588-8a00-a8ef5828db7a-fotor-2024070518040.jpg\" class=\"attachment-large size-large wp-image-21687\" alt=\"\" srcset=\"https:\/\/pc.sc.gov.br\/\/wp-content\/uploads\/2024\/07\/c159f0d8-b766-4588-8a00-a8ef5828db7a-fotor-2024070518040.jpg 955w, https:\/\/pc.sc.gov.br\/\/wp-content\/uploads\/2024\/07\/c159f0d8-b766-4588-8a00-a8ef5828db7a-fotor-2024070518040-300x286.jpg 300w, https:\/\/pc.sc.gov.br\/\/wp-content\/uploads\/2024\/07\/c159f0d8-b766-4588-8a00-a8ef5828db7a-fotor-2024070518040-768x733.jpg 768w\" sizes=\"(max-width: 696px) 100vw, 696px\" \/>\t\t\t\t\t\t\t\t\t\t\t\t\t\t\t<\/div>\n\t\t\t\t<\/div>\n\t\t\t\t\t<\/div>\n\t\t<\/div>\n\t\t\t\t\t<\/div>\n\t\t<\/section>\n\t\t\t\t<section class=\"elementor-section elementor-top-section elementor-element elementor-element-b2d9758 elementor-section-boxed elementor-section-height-default elementor-section-height-default\" data-id=\"b2d9758\" data-element_type=\"section\">\n\t\t\t\t\t\t<div class=\"elementor-container elementor-column-gap-default\">\n\t\t\t\t\t<div class=\"elementor-column elementor-col-100 elementor-top-column elementor-element elementor-element-43266e6\" data-id=\"43266e6\" data-element_type=\"column\">\n\t\t\t<div class=\"elementor-widget-wrap elementor-element-populated\">\n\t\t\t\t\t\t<div class=\"elementor-element elementor-element-af89e72 elementor-widget elementor-widget-text-editor\" data-id=\"af89e72\" data-element_type=\"widget\" data-widget_type=\"text-editor.default\">\n\t\t\t\t<div class=\"elementor-widget-container\">\n\t\t\t\t\t\t\t\t\t<p>Nesta sexta-feira (05) a 18\u00aa Delegacia Regional de Pol\u00edcia (DRP) de Laguna realizou a entrega de 130 quilos de alimentos \u00e0 Associa\u00e7\u00e3o Beneditina da Provid\u00eancia, Asilo Santa Isabel. Os produtos foram arrecadados por meio de doa\u00e7\u00f5es de policiais civis e a a\u00e7\u00e3o faz parte das comemora\u00e7\u00f5es dos 212 anos da Pol\u00edcia Civil de Santa Catarina. Al\u00e9m de arrecadar alimentos, a PCSC tamb\u00e9m est\u00e1 promovendo outras campanhas de solidariedade como doa\u00e7\u00e3o de sangue e produtos de higiene. Essas doa\u00e7\u00f5es s\u00e3o destinadas a institui\u00e7\u00f5es e comunidades carentes, escolhidas com muito cuidado e aten\u00e7\u00e3o.<\/p><p>A Pol\u00edcia Civil reafirma seu compromisso com a comunidade n\u00e3o apenas atrav\u00e9s de seu trabalho di\u00e1rio de seguran\u00e7a p\u00fablica, mas tamb\u00e9m com a\u00e7\u00f5es solid\u00e1rias que fazem a diferen\u00e7a na vida de muitas pessoas. Agradecemos a todos que contribu\u00edram para esta causa nobre e continuaremos empenhados em ajudar aqueles que mais precisam.<\/p>\t\t\t\t\t\t\t\t<\/div>\n\t\t\t\t<\/div>\n\t\t\t\t\t<\/div>\n\t\t<\/div>\n\t\t\t\t\t<\/div>\n\t\t<\/section>\n\t\t\t\t<\/div>\n\t\t","protected":false},"excerpt":{"rendered":"<p>PCSC 212 anos: DRP de Laguna entrega 130 quilos de alimentos para Asilo Santa Isabel Nesta sexta-feira (05) a 18\u00aa Delegacia Regional de Pol\u00edcia (DRP) de Laguna realizou a entrega de 130 quilos de alimentos \u00e0 Associa\u00e7\u00e3o Beneditina da Provid\u00eancia, Asilo Santa Isabel. Os produtos foram arrecadados por meio de doa\u00e7\u00f5es de policiais civis e [&hellip;]<\/p>\n","protected":false},"author":5,"featured_media":21688,"comment_status":"closed","ping_status":"open","sticky":false,"template":"","format":"standard","meta":{"_monsterinsights_skip_tracking":false,"_monsterinsights_sitenote_active":false,"_monsterinsights_sitenote_note":"","_monsterinsights_sitenote_category":0,"footnotes":""},"categories":[1],"tags":[],"class_list":["post-21686","post","type-post","status-publish","format-standard","has-post-thumbnail","hentry","category-sem-categoria"],"_links":{"self":[{"href":"https:\/\/pc.sc.gov.br\/index.php?rest_route=\/wp\/v2\/posts\/21686","targetHints":{"allow":["GET"]}}],"collection":[{"href":"https:\/\/pc.sc.gov.br\/index.php?rest_route=\/wp\/v2\/posts"}],"about":[{"href":"https:\/\/pc.sc.gov.br\/index.php?rest_route=\/wp\/v2\/types\/post"}],"author":[{"embeddable":true,"href":"https:\/\/pc.sc.gov.br\/index.php?rest_route=\/wp\/v2\/users\/5"}],"replies":[{"embeddable":true,"href":"https:\/\/pc.sc.gov.br\/index.php?rest_route=%2Fwp%2Fv2%2Fcomments&post=21686"}],"version-history":[{"count":4,"href":"https:\/\/pc.sc.gov.br\/index.php?rest_route=\/wp\/v2\/posts\/21686\/revisions"}],"predecessor-version":[{"id":21692,"href":"https:\/\/pc.sc.gov.br\/index.php?rest_route=\/wp\/v2\/posts\/21686\/revisions\/21692"}],"wp:featuredmedia":[{"embeddable":true,"href":"https:\/\/pc.sc.gov.br\/index.php?rest_route=\/wp\/v2\/media\/21688"}],"wp:attachment":[{"href":"https:\/\/pc.sc.gov.br\/index.php?rest_route=%2Fwp%2Fv2%2Fmedia&parent=21686"}],"wp:term":[{"taxonomy":"category","embeddable":true,"href":"https:\/\/pc.sc.gov.br\/index.php?rest_route=%2Fwp%2Fv2%2Fcategories&post=21686"},{"taxonomy":"post_tag","embeddable":true,"href":"https:\/\/pc.sc.gov.br\/index.php?rest_route=%2Fwp%2Fv2%2Ftags&post=21686"}],"curies":[{"name":"wp","href":"https:\/\/api.w.org\/{rel}","templated":true}]}}