{"id":21705,"date":"2024-07-08T14:24:04","date_gmt":"2024-07-08T17:24:04","guid":{"rendered":"https:\/\/pc.sc.gov.br\/?p=21705"},"modified":"2024-07-08T14:24:50","modified_gmt":"2024-07-08T17:24:50","slug":"policia-civil-deflagra-operacao-tinder-ultima-fase-e-prende-seis-pessoas-envolvidas-em-roubos-de-veiculos-e-extorsao","status":"publish","type":"post","link":"https:\/\/pc.sc.gov.br\/?p=21705","title":{"rendered":"Pol\u00edcia Civil deflagra opera\u00e7\u00e3o \u201cTinder &#8211; \u00daltima Fase\u201d e prende seis pessoas envolvidas em roubos de ve\u00edculos e extors\u00e3o"},"content":{"rendered":"\t\t<div data-elementor-type=\"wp-post\" data-elementor-id=\"21705\" class=\"elementor elementor-21705\" data-elementor-post-type=\"post\">\n\t\t\t\t\t\t<section class=\"elementor-section elementor-top-section elementor-element elementor-element-bd8b2ad elementor-section-boxed elementor-section-height-default elementor-section-height-default\" data-id=\"bd8b2ad\" data-element_type=\"section\">\n\t\t\t\t\t\t<div class=\"elementor-container elementor-column-gap-default\">\n\t\t\t\t\t<div class=\"elementor-column elementor-col-100 elementor-top-column elementor-element elementor-element-737648d\" data-id=\"737648d\" data-element_type=\"column\">\n\t\t\t<div class=\"elementor-widget-wrap elementor-element-populated\">\n\t\t\t\t\t\t<div class=\"elementor-element elementor-element-affd8bb elementor-widget elementor-widget-heading\" data-id=\"affd8bb\" data-element_type=\"widget\" data-widget_type=\"heading.default\">\n\t\t\t\t<div class=\"elementor-widget-container\">\n\t\t\t\t\t<h2 class=\"elementor-heading-title elementor-size-default\">Pol\u00edcia Civil deflagra opera\u00e7\u00e3o \u201cTinder - \u00daltima Fase\u201d e prende seis pessoas envolvidas em roubos de ve\u00edculos e extors\u00e3o <\/h2>\t\t\t\t<\/div>\n\t\t\t\t<\/div>\n\t\t\t\t\t<\/div>\n\t\t<\/div>\n\t\t\t\t\t<\/div>\n\t\t<\/section>\n\t\t\t\t<section class=\"elementor-section elementor-top-section elementor-element elementor-element-4e40b17 elementor-section-boxed elementor-section-height-default elementor-section-height-default\" data-id=\"4e40b17\" data-element_type=\"section\">\n\t\t\t\t\t\t<div class=\"elementor-container elementor-column-gap-default\">\n\t\t\t\t\t<div class=\"elementor-column elementor-col-100 elementor-top-column elementor-element elementor-element-56eff08\" data-id=\"56eff08\" data-element_type=\"column\">\n\t\t\t<div class=\"elementor-widget-wrap elementor-element-populated\">\n\t\t\t\t\t\t<div class=\"elementor-element elementor-element-9b65036 elementor-widget elementor-widget-image\" data-id=\"9b65036\" data-element_type=\"widget\" data-widget_type=\"image.default\">\n\t\t\t\t<div class=\"elementor-widget-container\">\n\t\t\t\t\t\t\t\t\t\t\t\t\t\t\t<img fetchpriority=\"high\" decoding=\"async\" width=\"696\" height=\"521\" src=\"https:\/\/pc.sc.gov.br\/\/wp-content\/uploads\/2024\/06\/DEIC-1024x767.jpg\" class=\"attachment-large size-large wp-image-21428\" alt=\"\" srcset=\"https:\/\/pc.sc.gov.br\/\/wp-content\/uploads\/2024\/06\/DEIC-1024x767.jpg 1024w, https:\/\/pc.sc.gov.br\/\/wp-content\/uploads\/2024\/06\/DEIC-300x225.jpg 300w, https:\/\/pc.sc.gov.br\/\/wp-content\/uploads\/2024\/06\/DEIC-768x575.jpg 768w, https:\/\/pc.sc.gov.br\/\/wp-content\/uploads\/2024\/06\/DEIC.jpg 1280w\" sizes=\"(max-width: 696px) 100vw, 696px\" \/>\t\t\t\t\t\t\t\t\t\t\t\t\t\t\t<\/div>\n\t\t\t\t<\/div>\n\t\t\t\t<div class=\"elementor-element elementor-element-241dcc9 elementor-widget elementor-widget-text-editor\" data-id=\"241dcc9\" data-element_type=\"widget\" data-widget_type=\"text-editor.default\">\n\t\t\t\t<div class=\"elementor-widget-container\">\n\t\t\t\t\t\t\t\t\t<p>Nesta segunda-feira (08\/07), a Pol\u00edcia Civil de Santa Catarina, por meio da Delegacia de Furtos e Roubos de Ve\u00edculos da Diretoria Estadual de Investiga\u00e7\u00f5es Criminais, com apoio da Pol\u00edcia Civil do Rio Grande do Sul, deflagrou a opera\u00e7\u00e3o \u201cTinder &#8211; \u00daltima Fase\u201d, com o objetivo de desarticular um grupo criminoso respons\u00e1vel pelo roubo de ve\u00edculos e extors\u00e3o dos propriet\u00e1rios para devolu\u00e7\u00e3o do mesmo.<\/p><p>A primeira fase da opera\u00e7\u00e3o \u201cTinder\u201d ocorreu no final de mar\u00e7o desse ano, quando foram cumpridos dez mandados de busca e apreens\u00e3o e quatro de pris\u00e3o.\u00a0 O grupo criminoso praticou pelo menos tr\u00eas roubos de ve\u00edculos na regi\u00e3o da Grande Florian\u00f3polis, ap\u00f3s simula\u00e7\u00e3o de encontro pelo aplicativo Tinder. As v\u00edtimas foram rendidas ap\u00f3s irem aos locais previamente indicados pela autora, cujo contato inicial se deu atrav\u00e9s do aplicativo de relacionamento.<\/p><p>Os integrantes da quadrilha mantinham as v\u00edtimas em seu poder no interior\u00a0 do ve\u00edculo, onde permaneciam com armas de fogo fazendo amea\u00e7as e obrigavam a fazer opera\u00e7\u00f5es banc\u00e1rias atrav\u00e9s do aplicativo banc\u00e1rio instalado nos smartphones roubados. Ap\u00f3s esses fatos, abandonavam as v\u00edtimas em um local ermo em Palho\u00e7a e subtra\u00edam os ve\u00edculos, sendo que exigiam dinheiro para uma eventual devolu\u00e7\u00e3o do ve\u00edculo.<\/p><p>Durante as dilig\u00eancias, foram identificados alguns autores diretos e benefici\u00e1rios do esquema criminoso,\u00a0 sendo cumpridos 17 mandados de busca e apreens\u00e3o e seis mandados de pris\u00e3o nas cidades de Florian\u00f3polis, Palho\u00e7a, Alvorada (RS), Gua\u00edba(RS) e Bag\u00e9 (RS).<\/p><p>A a\u00e7\u00e3o contou com o apoio operacional das delegacias especializadas da DEIC, Delegacia de Alvorada e de Gua\u00edba, Pol\u00edcia Penal de Santa Catarina e de Bag\u00e9 e DIC de Laguna.<\/p>\t\t\t\t\t\t\t\t<\/div>\n\t\t\t\t<\/div>\n\t\t\t\t\t<\/div>\n\t\t<\/div>\n\t\t\t\t\t<\/div>\n\t\t<\/section>\n\t\t\t\t<\/div>\n\t\t","protected":false},"excerpt":{"rendered":"<p>Pol\u00edcia Civil deflagra opera\u00e7\u00e3o \u201cTinder &#8211; \u00daltima Fase\u201d e prende seis pessoas envolvidas em roubos de ve\u00edculos e extors\u00e3o Nesta segunda-feira (08\/07), a Pol\u00edcia Civil de Santa Catarina, por meio da Delegacia de Furtos e Roubos de Ve\u00edculos da Diretoria Estadual de Investiga\u00e7\u00f5es Criminais, com apoio da Pol\u00edcia Civil do Rio Grande do Sul, deflagrou [&hellip;]<\/p>\n","protected":false},"author":5,"featured_media":21428,"comment_status":"closed","ping_status":"open","sticky":false,"template":"","format":"standard","meta":{"_monsterinsights_skip_tracking":false,"_monsterinsights_sitenote_active":false,"_monsterinsights_sitenote_note":"","_monsterinsights_sitenote_category":0,"footnotes":""},"categories":[1],"tags":[],"class_list":["post-21705","post","type-post","status-publish","format-standard","has-post-thumbnail","hentry","category-sem-categoria"],"_links":{"self":[{"href":"https:\/\/pc.sc.gov.br\/index.php?rest_route=\/wp\/v2\/posts\/21705","targetHints":{"allow":["GET"]}}],"collection":[{"href":"https:\/\/pc.sc.gov.br\/index.php?rest_route=\/wp\/v2\/posts"}],"about":[{"href":"https:\/\/pc.sc.gov.br\/index.php?rest_route=\/wp\/v2\/types\/post"}],"author":[{"embeddable":true,"href":"https:\/\/pc.sc.gov.br\/index.php?rest_route=\/wp\/v2\/users\/5"}],"replies":[{"embeddable":true,"href":"https:\/\/pc.sc.gov.br\/index.php?rest_route=%2Fwp%2Fv2%2Fcomments&post=21705"}],"version-history":[{"count":4,"href":"https:\/\/pc.sc.gov.br\/index.php?rest_route=\/wp\/v2\/posts\/21705\/revisions"}],"predecessor-version":[{"id":21709,"href":"https:\/\/pc.sc.gov.br\/index.php?rest_route=\/wp\/v2\/posts\/21705\/revisions\/21709"}],"wp:featuredmedia":[{"embeddable":true,"href":"https:\/\/pc.sc.gov.br\/index.php?rest_route=\/wp\/v2\/media\/21428"}],"wp:attachment":[{"href":"https:\/\/pc.sc.gov.br\/index.php?rest_route=%2Fwp%2Fv2%2Fmedia&parent=21705"}],"wp:term":[{"taxonomy":"category","embeddable":true,"href":"https:\/\/pc.sc.gov.br\/index.php?rest_route=%2Fwp%2Fv2%2Fcategories&post=21705"},{"taxonomy":"post_tag","embeddable":true,"href":"https:\/\/pc.sc.gov.br\/index.php?rest_route=%2Fwp%2Fv2%2Ftags&post=21705"}],"curies":[{"name":"wp","href":"https:\/\/api.w.org\/{rel}","templated":true}]}}