{"id":21710,"date":"2024-07-08T18:12:41","date_gmt":"2024-07-08T21:12:41","guid":{"rendered":"https:\/\/pc.sc.gov.br\/?p=21710"},"modified":"2024-07-08T18:13:27","modified_gmt":"2024-07-08T21:13:27","slug":"na-capital-core-pcsc-prende-homem-foragido-do-estado-do-para","status":"publish","type":"post","link":"https:\/\/pc.sc.gov.br\/?p=21710","title":{"rendered":"Na Capital, CORE\/PCSC prende homem foragido do estado do Par\u00e1"},"content":{"rendered":"\t\t<div data-elementor-type=\"wp-post\" data-elementor-id=\"21710\" class=\"elementor elementor-21710\" data-elementor-post-type=\"post\">\n\t\t\t\t\t\t<section class=\"elementor-section elementor-top-section elementor-element elementor-element-5744e39 elementor-section-boxed elementor-section-height-default elementor-section-height-default\" data-id=\"5744e39\" data-element_type=\"section\">\n\t\t\t\t\t\t<div class=\"elementor-container elementor-column-gap-default\">\n\t\t\t\t\t<div class=\"elementor-column elementor-col-100 elementor-top-column elementor-element elementor-element-c1c12c1\" data-id=\"c1c12c1\" data-element_type=\"column\">\n\t\t\t<div class=\"elementor-widget-wrap elementor-element-populated\">\n\t\t\t\t\t\t<div class=\"elementor-element elementor-element-6e4f80d elementor-widget elementor-widget-heading\" data-id=\"6e4f80d\" data-element_type=\"widget\" data-widget_type=\"heading.default\">\n\t\t\t\t<div class=\"elementor-widget-container\">\n\t\t\t\t\t<h2 class=\"elementor-heading-title elementor-size-default\">Na Capital, CORE\/PCSC prende homem foragido do estado do Par\u00e1 <\/h2>\t\t\t\t<\/div>\n\t\t\t\t<\/div>\n\t\t\t\t\t<\/div>\n\t\t<\/div>\n\t\t\t\t\t<\/div>\n\t\t<\/section>\n\t\t\t\t<section class=\"elementor-section elementor-top-section elementor-element elementor-element-04df512 elementor-section-boxed elementor-section-height-default elementor-section-height-default\" data-id=\"04df512\" data-element_type=\"section\">\n\t\t\t\t\t\t<div class=\"elementor-container elementor-column-gap-default\">\n\t\t\t\t\t<div class=\"elementor-column elementor-col-100 elementor-top-column elementor-element elementor-element-51bc135\" data-id=\"51bc135\" data-element_type=\"column\">\n\t\t\t<div class=\"elementor-widget-wrap elementor-element-populated\">\n\t\t\t\t\t\t<div class=\"elementor-element elementor-element-fd09cd3 elementor-widget elementor-widget-image\" data-id=\"fd09cd3\" data-element_type=\"widget\" data-widget_type=\"image.default\">\n\t\t\t\t<div class=\"elementor-widget-container\">\n\t\t\t\t\t\t\t\t\t\t\t\t\t\t\t<img fetchpriority=\"high\" decoding=\"async\" width=\"333\" height=\"314\" src=\"https:\/\/pc.sc.gov.br\/\/wp-content\/uploads\/2023\/08\/core-e1718660537605.jpeg\" class=\"attachment-large size-large wp-image-12844\" alt=\"\" srcset=\"https:\/\/pc.sc.gov.br\/\/wp-content\/uploads\/2023\/08\/core-e1718660537605.jpeg 333w, https:\/\/pc.sc.gov.br\/\/wp-content\/uploads\/2023\/08\/core-e1718660537605-300x283.jpeg 300w\" sizes=\"(max-width: 333px) 100vw, 333px\" \/>\t\t\t\t\t\t\t\t\t\t\t\t\t\t\t<\/div>\n\t\t\t\t<\/div>\n\t\t\t\t\t<\/div>\n\t\t<\/div>\n\t\t\t\t\t<\/div>\n\t\t<\/section>\n\t\t\t\t<section class=\"elementor-section elementor-top-section elementor-element elementor-element-305d990 elementor-section-boxed elementor-section-height-default elementor-section-height-default\" data-id=\"305d990\" data-element_type=\"section\">\n\t\t\t\t\t\t<div class=\"elementor-container elementor-column-gap-default\">\n\t\t\t\t\t<div class=\"elementor-column elementor-col-100 elementor-top-column elementor-element elementor-element-e5724a4\" data-id=\"e5724a4\" data-element_type=\"column\">\n\t\t\t<div class=\"elementor-widget-wrap elementor-element-populated\">\n\t\t\t\t\t\t<div class=\"elementor-element elementor-element-c280930 elementor-widget elementor-widget-text-editor\" data-id=\"c280930\" data-element_type=\"widget\" data-widget_type=\"text-editor.default\">\n\t\t\t\t<div class=\"elementor-widget-container\">\n\t\t\t\t\t\t\t\t\t<p>Nesta segunda-feira (08\/07), a Pol\u00edcia Civil de Santa Catarina, por meio da Coordenadoria de Opera\u00e7\u00e3o e Recursos Especiais, prendeu um homem investigado por planejar e ordenar ataques contra agentes de seguran\u00e7a p\u00fablica do estado do Par\u00e1. A pris\u00e3o aconteceu em Florian\u00f3polis e \u00e9 resultante de investiga\u00e7\u00e3o realizada entre as pol\u00edcias civis de Santa Catarina e do Par\u00e1. O homem estava foragido do Sistema Prisional do Par\u00e1.<\/p>\t\t\t\t\t\t\t\t<\/div>\n\t\t\t\t<\/div>\n\t\t\t\t\t<\/div>\n\t\t<\/div>\n\t\t\t\t\t<\/div>\n\t\t<\/section>\n\t\t\t\t<\/div>\n\t\t","protected":false},"excerpt":{"rendered":"<p>Na Capital, CORE\/PCSC prende homem foragido do estado do Par\u00e1 Nesta segunda-feira (08\/07), a Pol\u00edcia Civil de Santa Catarina, por meio da Coordenadoria de Opera\u00e7\u00e3o e Recursos Especiais, prendeu um homem investigado por planejar e ordenar ataques contra agentes de seguran\u00e7a p\u00fablica do estado do Par\u00e1. A pris\u00e3o aconteceu em Florian\u00f3polis e \u00e9 resultante de [&hellip;]<\/p>\n","protected":false},"author":5,"featured_media":12844,"comment_status":"closed","ping_status":"open","sticky":false,"template":"","format":"standard","meta":{"_monsterinsights_skip_tracking":false,"_monsterinsights_sitenote_active":false,"_monsterinsights_sitenote_note":"","_monsterinsights_sitenote_category":0,"footnotes":""},"categories":[1],"tags":[],"class_list":["post-21710","post","type-post","status-publish","format-standard","has-post-thumbnail","hentry","category-sem-categoria"],"_links":{"self":[{"href":"https:\/\/pc.sc.gov.br\/index.php?rest_route=\/wp\/v2\/posts\/21710","targetHints":{"allow":["GET"]}}],"collection":[{"href":"https:\/\/pc.sc.gov.br\/index.php?rest_route=\/wp\/v2\/posts"}],"about":[{"href":"https:\/\/pc.sc.gov.br\/index.php?rest_route=\/wp\/v2\/types\/post"}],"author":[{"embeddable":true,"href":"https:\/\/pc.sc.gov.br\/index.php?rest_route=\/wp\/v2\/users\/5"}],"replies":[{"embeddable":true,"href":"https:\/\/pc.sc.gov.br\/index.php?rest_route=%2Fwp%2Fv2%2Fcomments&post=21710"}],"version-history":[{"count":4,"href":"https:\/\/pc.sc.gov.br\/index.php?rest_route=\/wp\/v2\/posts\/21710\/revisions"}],"predecessor-version":[{"id":21714,"href":"https:\/\/pc.sc.gov.br\/index.php?rest_route=\/wp\/v2\/posts\/21710\/revisions\/21714"}],"wp:featuredmedia":[{"embeddable":true,"href":"https:\/\/pc.sc.gov.br\/index.php?rest_route=\/wp\/v2\/media\/12844"}],"wp:attachment":[{"href":"https:\/\/pc.sc.gov.br\/index.php?rest_route=%2Fwp%2Fv2%2Fmedia&parent=21710"}],"wp:term":[{"taxonomy":"category","embeddable":true,"href":"https:\/\/pc.sc.gov.br\/index.php?rest_route=%2Fwp%2Fv2%2Fcategories&post=21710"},{"taxonomy":"post_tag","embeddable":true,"href":"https:\/\/pc.sc.gov.br\/index.php?rest_route=%2Fwp%2Fv2%2Ftags&post=21710"}],"curies":[{"name":"wp","href":"https:\/\/api.w.org\/{rel}","templated":true}]}}