{"id":21757,"date":"2024-07-09T17:25:13","date_gmt":"2024-07-09T20:25:13","guid":{"rendered":"https:\/\/pc.sc.gov.br\/?p=21757"},"modified":"2024-07-09T17:28:11","modified_gmt":"2024-07-09T20:28:11","slug":"em-xanxere-pcsc-prende-preventivamente-homem-por-trafico-de-drogas-e-cumpre-mandado-de-busca-e-apreensao","status":"publish","type":"post","link":"https:\/\/pc.sc.gov.br\/?p=21757","title":{"rendered":"Em Xanxer\u00ea, PCSC prende, preventivamente, homem por tr\u00e1fico de drogas e cumpre mandado de busca e apreens\u00e3o"},"content":{"rendered":"\t\t<div data-elementor-type=\"wp-post\" data-elementor-id=\"21757\" class=\"elementor elementor-21757\" data-elementor-post-type=\"post\">\n\t\t\t\t\t\t<section class=\"elementor-section elementor-top-section elementor-element elementor-element-eba5078 elementor-section-boxed elementor-section-height-default elementor-section-height-default\" data-id=\"eba5078\" data-element_type=\"section\">\n\t\t\t\t\t\t<div class=\"elementor-container elementor-column-gap-default\">\n\t\t\t\t\t<div class=\"elementor-column elementor-col-100 elementor-top-column elementor-element elementor-element-e5aa74f\" data-id=\"e5aa74f\" data-element_type=\"column\">\n\t\t\t<div class=\"elementor-widget-wrap elementor-element-populated\">\n\t\t\t\t\t\t<div class=\"elementor-element elementor-element-1aa8095 elementor-widget elementor-widget-heading\" data-id=\"1aa8095\" data-element_type=\"widget\" data-widget_type=\"heading.default\">\n\t\t\t\t<div class=\"elementor-widget-container\">\n\t\t\t\t\t<h2 class=\"elementor-heading-title elementor-size-default\">Em Xanxer\u00ea, PCSC prende, preventivamente, homem por tr\u00e1fico de drogas e cumpre mandado de busca e apreens\u00e3o<\/h2>\t\t\t\t<\/div>\n\t\t\t\t<\/div>\n\t\t\t\t\t<\/div>\n\t\t<\/div>\n\t\t\t\t\t<\/div>\n\t\t<\/section>\n\t\t\t\t<section class=\"elementor-section elementor-top-section elementor-element elementor-element-7ba374d elementor-section-boxed elementor-section-height-default elementor-section-height-default\" data-id=\"7ba374d\" data-element_type=\"section\">\n\t\t\t\t\t\t<div class=\"elementor-container elementor-column-gap-default\">\n\t\t\t\t\t<div class=\"elementor-column elementor-col-100 elementor-top-column elementor-element elementor-element-53252e4\" data-id=\"53252e4\" data-element_type=\"column\">\n\t\t\t<div class=\"elementor-widget-wrap elementor-element-populated\">\n\t\t\t\t\t\t<div class=\"elementor-element elementor-element-8aca005 elementor-widget elementor-widget-image\" data-id=\"8aca005\" data-element_type=\"widget\" data-widget_type=\"image.default\">\n\t\t\t\t<div class=\"elementor-widget-container\">\n\t\t\t\t\t\t\t\t\t\t\t\t\t\t\t<img fetchpriority=\"high\" decoding=\"async\" width=\"385\" height=\"238\" src=\"https:\/\/pc.sc.gov.br\/\/wp-content\/uploads\/2024\/07\/WhatsApp-Image-2024-03-19-at-3.22.02-PM-fotor-2024041817100.jpg\" class=\"attachment-large size-large wp-image-21662\" alt=\"\" srcset=\"https:\/\/pc.sc.gov.br\/\/wp-content\/uploads\/2024\/07\/WhatsApp-Image-2024-03-19-at-3.22.02-PM-fotor-2024041817100.jpg 385w, https:\/\/pc.sc.gov.br\/\/wp-content\/uploads\/2024\/07\/WhatsApp-Image-2024-03-19-at-3.22.02-PM-fotor-2024041817100-300x185.jpg 300w\" sizes=\"(max-width: 385px) 100vw, 385px\" \/>\t\t\t\t\t\t\t\t\t\t\t\t\t\t\t<\/div>\n\t\t\t\t<\/div>\n\t\t\t\t\t<\/div>\n\t\t<\/div>\n\t\t\t\t\t<\/div>\n\t\t<\/section>\n\t\t\t\t<section class=\"elementor-section elementor-top-section elementor-element elementor-element-6b13fef elementor-section-boxed elementor-section-height-default elementor-section-height-default\" data-id=\"6b13fef\" data-element_type=\"section\">\n\t\t\t\t\t\t<div class=\"elementor-container elementor-column-gap-default\">\n\t\t\t\t\t<div class=\"elementor-column elementor-col-100 elementor-top-column elementor-element elementor-element-94c8dcd\" data-id=\"94c8dcd\" data-element_type=\"column\">\n\t\t\t<div class=\"elementor-widget-wrap elementor-element-populated\">\n\t\t\t\t\t\t<div class=\"elementor-element elementor-element-ffa58d3 elementor-widget elementor-widget-text-editor\" data-id=\"ffa58d3\" data-element_type=\"widget\" data-widget_type=\"text-editor.default\">\n\t\t\t\t<div class=\"elementor-widget-container\">\n\t\t\t\t\t\t\t\t\t<p class=\"MsoNormal\">A Pol\u00edcia Civil de Santa Catarina, por meio da Delegacia de Investiga\u00e7\u00e3o Criminal (DIC), com apoio da Delegacia Regional de Xanxer\u00ea (DRP), prendeu, preventivamente, nesta ter\u00e7a-feira (9), um homem, no centro do munic\u00edpio de Xanxer\u00ea, pelo crime de tr\u00e1fico de drogas e cumpriu, no bairro Aparecida, um mandado de busca e apreens\u00e3o.<\/p>\n<p class=\"MsoNormal\">Durante as buscas a pol\u00edcia encontrou dinheiro, droga, muni\u00e7\u00e3o. Os mandados foram expedidos pelo Poder Judici\u00e1rio de Xanxer\u00ea, ap\u00f3s manifesta\u00e7\u00e3o favor\u00e1vel do Minist\u00e9rio P\u00fablico durante uma investiga\u00e7\u00e3o que apurava o crime de tr\u00e1fico de drogas. Ap\u00f3s os procedimentos legais o preso foi encaminhado ao Pres\u00eddio Regional de Xanxer\u00ea.&nbsp;<span style=\"font-family: var( --e-global-typography-primary-font-family ), Sans-serif; font-size: var( --e-global-typography-primary-font-size ); font-weight: var( --e-global-typography-primary-font-weight ); letter-spacing: var( --e-global-typography-primary-letter-spacing );\">As investiga\u00e7\u00f5es prosseguem na DIC de Xanxer\u00ea, que tem o prazo de at\u00e9 30 dias para concluir o inqu\u00e9rito policial.<\/span><\/p>\t\t\t\t\t\t\t\t<\/div>\n\t\t\t\t<\/div>\n\t\t\t\t\t<\/div>\n\t\t<\/div>\n\t\t\t\t\t<\/div>\n\t\t<\/section>\n\t\t\t\t<\/div>\n\t\t","protected":false},"excerpt":{"rendered":"<p>Em Xanxer\u00ea, PCSC prende, preventivamente, homem por tr\u00e1fico de drogas e cumpre mandado de busca e apreens\u00e3o A Pol\u00edcia Civil de Santa Catarina, por meio da Delegacia de Investiga\u00e7\u00e3o Criminal (DIC), com apoio da Delegacia Regional de Xanxer\u00ea (DRP), prendeu, preventivamente, nesta ter\u00e7a-feira (9), um homem, no centro do munic\u00edpio de Xanxer\u00ea, pelo crime de [&hellip;]<\/p>\n","protected":false},"author":5,"featured_media":21682,"comment_status":"closed","ping_status":"open","sticky":false,"template":"","format":"standard","meta":{"_monsterinsights_skip_tracking":false,"_monsterinsights_sitenote_active":false,"_monsterinsights_sitenote_note":"","_monsterinsights_sitenote_category":0,"footnotes":""},"categories":[1],"tags":[],"class_list":["post-21757","post","type-post","status-publish","format-standard","has-post-thumbnail","hentry","category-sem-categoria"],"_links":{"self":[{"href":"https:\/\/pc.sc.gov.br\/index.php?rest_route=\/wp\/v2\/posts\/21757","targetHints":{"allow":["GET"]}}],"collection":[{"href":"https:\/\/pc.sc.gov.br\/index.php?rest_route=\/wp\/v2\/posts"}],"about":[{"href":"https:\/\/pc.sc.gov.br\/index.php?rest_route=\/wp\/v2\/types\/post"}],"author":[{"embeddable":true,"href":"https:\/\/pc.sc.gov.br\/index.php?rest_route=\/wp\/v2\/users\/5"}],"replies":[{"embeddable":true,"href":"https:\/\/pc.sc.gov.br\/index.php?rest_route=%2Fwp%2Fv2%2Fcomments&post=21757"}],"version-history":[{"count":3,"href":"https:\/\/pc.sc.gov.br\/index.php?rest_route=\/wp\/v2\/posts\/21757\/revisions"}],"predecessor-version":[{"id":21761,"href":"https:\/\/pc.sc.gov.br\/index.php?rest_route=\/wp\/v2\/posts\/21757\/revisions\/21761"}],"wp:featuredmedia":[{"embeddable":true,"href":"https:\/\/pc.sc.gov.br\/index.php?rest_route=\/wp\/v2\/media\/21682"}],"wp:attachment":[{"href":"https:\/\/pc.sc.gov.br\/index.php?rest_route=%2Fwp%2Fv2%2Fmedia&parent=21757"}],"wp:term":[{"taxonomy":"category","embeddable":true,"href":"https:\/\/pc.sc.gov.br\/index.php?rest_route=%2Fwp%2Fv2%2Fcategories&post=21757"},{"taxonomy":"post_tag","embeddable":true,"href":"https:\/\/pc.sc.gov.br\/index.php?rest_route=%2Fwp%2Fv2%2Ftags&post=21757"}],"curies":[{"name":"wp","href":"https:\/\/api.w.org\/{rel}","templated":true}]}}