{"id":21769,"date":"2024-07-10T16:25:39","date_gmt":"2024-07-10T19:25:39","guid":{"rendered":"https:\/\/pc.sc.gov.br\/?p=21769"},"modified":"2024-07-10T16:27:16","modified_gmt":"2024-07-10T19:27:16","slug":"policia-civil-prende-em-flagrante-homem-por-trafico-de-drogas-em-florianopolis","status":"publish","type":"post","link":"https:\/\/pc.sc.gov.br\/?p=21769","title":{"rendered":"Pol\u00edcia Civil prende em flagrante homem por tr\u00e1fico de drogas em Florian\u00f3polis"},"content":{"rendered":"\t\t<div data-elementor-type=\"wp-post\" data-elementor-id=\"21769\" class=\"elementor elementor-21769\" data-elementor-post-type=\"post\">\n\t\t\t\t\t\t<section class=\"elementor-section elementor-top-section elementor-element elementor-element-af622df elementor-section-boxed elementor-section-height-default elementor-section-height-default\" data-id=\"af622df\" data-element_type=\"section\">\n\t\t\t\t\t\t<div class=\"elementor-container elementor-column-gap-default\">\n\t\t\t\t\t<div class=\"elementor-column elementor-col-100 elementor-top-column elementor-element elementor-element-516ec8d\" data-id=\"516ec8d\" data-element_type=\"column\">\n\t\t\t<div class=\"elementor-widget-wrap elementor-element-populated\">\n\t\t\t\t\t\t<div class=\"elementor-element elementor-element-25e8bdc elementor-widget elementor-widget-heading\" data-id=\"25e8bdc\" data-element_type=\"widget\" data-widget_type=\"heading.default\">\n\t\t\t\t<div class=\"elementor-widget-container\">\n\t\t\t\t\t<h2 class=\"elementor-heading-title elementor-size-default\">Pol\u00edcia Civil prende em flagrante homem por tr\u00e1fico de drogas em Florian\u00f3polis<\/h2>\t\t\t\t<\/div>\n\t\t\t\t<\/div>\n\t\t\t\t\t<\/div>\n\t\t<\/div>\n\t\t\t\t\t<\/div>\n\t\t<\/section>\n\t\t\t\t<section class=\"elementor-section elementor-top-section elementor-element elementor-element-a846bd8 elementor-section-boxed elementor-section-height-default elementor-section-height-default\" data-id=\"a846bd8\" data-element_type=\"section\">\n\t\t\t\t\t\t<div class=\"elementor-container elementor-column-gap-default\">\n\t\t\t\t\t<div class=\"elementor-column elementor-col-100 elementor-top-column elementor-element elementor-element-4c18cb5\" data-id=\"4c18cb5\" data-element_type=\"column\">\n\t\t\t<div class=\"elementor-widget-wrap elementor-element-populated\">\n\t\t\t\t\t\t<div class=\"elementor-element elementor-element-f3950cb elementor-widget elementor-widget-image\" data-id=\"f3950cb\" data-element_type=\"widget\" data-widget_type=\"image.default\">\n\t\t\t\t<div class=\"elementor-widget-container\">\n\t\t\t\t\t\t\t\t\t\t\t\t\t\t\t<img fetchpriority=\"high\" decoding=\"async\" width=\"696\" height=\"596\" src=\"https:\/\/pc.sc.gov.br\/\/wp-content\/uploads\/2024\/07\/WhatsApp-Image-2024-07-10-at-12.22.53.jpeg\" class=\"attachment-large size-large wp-image-21770\" alt=\"\" srcset=\"https:\/\/pc.sc.gov.br\/\/wp-content\/uploads\/2024\/07\/WhatsApp-Image-2024-07-10-at-12.22.53.jpeg 781w, https:\/\/pc.sc.gov.br\/\/wp-content\/uploads\/2024\/07\/WhatsApp-Image-2024-07-10-at-12.22.53-300x257.jpeg 300w, https:\/\/pc.sc.gov.br\/\/wp-content\/uploads\/2024\/07\/WhatsApp-Image-2024-07-10-at-12.22.53-768x658.jpeg 768w\" sizes=\"(max-width: 696px) 100vw, 696px\" \/>\t\t\t\t\t\t\t\t\t\t\t\t\t\t\t<\/div>\n\t\t\t\t<\/div>\n\t\t\t\t\t<\/div>\n\t\t<\/div>\n\t\t\t\t\t<\/div>\n\t\t<\/section>\n\t\t\t\t<section class=\"elementor-section elementor-top-section elementor-element elementor-element-3f63e2d elementor-section-boxed elementor-section-height-default elementor-section-height-default\" data-id=\"3f63e2d\" data-element_type=\"section\">\n\t\t\t\t\t\t<div class=\"elementor-container elementor-column-gap-default\">\n\t\t\t\t\t<div class=\"elementor-column elementor-col-100 elementor-top-column elementor-element elementor-element-c34f800\" data-id=\"c34f800\" data-element_type=\"column\">\n\t\t\t<div class=\"elementor-widget-wrap elementor-element-populated\">\n\t\t\t\t\t\t<div class=\"elementor-element elementor-element-ad95f93 elementor-widget elementor-widget-text-editor\" data-id=\"ad95f93\" data-element_type=\"widget\" data-widget_type=\"text-editor.default\">\n\t\t\t\t<div class=\"elementor-widget-container\">\n\t\t\t\t\t\t\t\t\t<p>A Pol\u00edcia Civil de Santa Catarina, por meio da Divis\u00e3o de Investiga\u00e7\u00e3o Criminal de Palho\u00e7a, prendeu um homem em flagrante por tr\u00e1fico de drogas no bairro Campeche, em Florian\u00f3polis. A a\u00e7\u00e3o aconteceu em continuidade \u00e0s investiga\u00e7\u00f5es decorrente dos cumprimentos de mandado de busca e pris\u00e3o dos envolvidos, no dia 21\/06\/2024. Dessa forma, com o objetivo de identificar outros envolvidos na pr\u00e1tica criminosa, a Pol\u00edcia Civil deu cumprimento ao mandado de busca e apreens\u00e3o que resultou na pris\u00e3o em flagrante do investigado.<br><span style=\"font-family: var( --e-global-typography-primary-font-family ), Sans-serif; font-size: var( --e-global-typography-primary-font-size ); font-weight: var( --e-global-typography-primary-font-weight ); letter-spacing: var( --e-global-typography-primary-letter-spacing );\"><br>No local, o investigado foi encontrado, sendo apreendido celular e quantidade de drogas, indicando que as drogas eram manuseadas no local para posterior comercializa\u00e7\u00e3o. O homem foi conduzido \u00e0 DIC para lavratura do Auto de Pris\u00e3o em Flagrante.<br><br>&nbsp;<\/span><span style=\"font-family: var( --e-global-typography-primary-font-family ), Sans-serif; font-size: var( --e-global-typography-primary-font-size ); font-weight: var( --e-global-typography-primary-font-weight ); letter-spacing: var( --e-global-typography-primary-letter-spacing );\">A Pol\u00edcia Civil destaca que essa opera\u00e7\u00e3o \u00e9 mais um exemplo do comprometimento da institui\u00e7\u00e3o em gerar resultados concretos no enfrentamento \u00e0 criminalidade, trazendo um al\u00edvio para a comunidade e refor\u00e7ando a confian\u00e7a da popula\u00e7\u00e3o nas for\u00e7as de seguran\u00e7a.<\/span><\/p>\t\t\t\t\t\t\t\t<\/div>\n\t\t\t\t<\/div>\n\t\t\t\t\t<\/div>\n\t\t<\/div>\n\t\t\t\t\t<\/div>\n\t\t<\/section>\n\t\t\t\t<\/div>\n\t\t","protected":false},"excerpt":{"rendered":"<p>Pol\u00edcia Civil prende em flagrante homem por tr\u00e1fico de drogas em Florian\u00f3polis A Pol\u00edcia Civil de Santa Catarina, por meio da Divis\u00e3o de Investiga\u00e7\u00e3o Criminal de Palho\u00e7a, prendeu um homem em flagrante por tr\u00e1fico de drogas no bairro Campeche, em Florian\u00f3polis. A a\u00e7\u00e3o aconteceu em continuidade \u00e0s investiga\u00e7\u00f5es decorrente dos cumprimentos de mandado de busca [&hellip;]<\/p>\n","protected":false},"author":5,"featured_media":21770,"comment_status":"closed","ping_status":"open","sticky":false,"template":"","format":"standard","meta":{"_monsterinsights_skip_tracking":false,"_monsterinsights_sitenote_active":false,"_monsterinsights_sitenote_note":"","_monsterinsights_sitenote_category":0,"footnotes":""},"categories":[1],"tags":[],"class_list":["post-21769","post","type-post","status-publish","format-standard","has-post-thumbnail","hentry","category-sem-categoria"],"_links":{"self":[{"href":"https:\/\/pc.sc.gov.br\/index.php?rest_route=\/wp\/v2\/posts\/21769","targetHints":{"allow":["GET"]}}],"collection":[{"href":"https:\/\/pc.sc.gov.br\/index.php?rest_route=\/wp\/v2\/posts"}],"about":[{"href":"https:\/\/pc.sc.gov.br\/index.php?rest_route=\/wp\/v2\/types\/post"}],"author":[{"embeddable":true,"href":"https:\/\/pc.sc.gov.br\/index.php?rest_route=\/wp\/v2\/users\/5"}],"replies":[{"embeddable":true,"href":"https:\/\/pc.sc.gov.br\/index.php?rest_route=%2Fwp%2Fv2%2Fcomments&post=21769"}],"version-history":[{"count":4,"href":"https:\/\/pc.sc.gov.br\/index.php?rest_route=\/wp\/v2\/posts\/21769\/revisions"}],"predecessor-version":[{"id":21774,"href":"https:\/\/pc.sc.gov.br\/index.php?rest_route=\/wp\/v2\/posts\/21769\/revisions\/21774"}],"wp:featuredmedia":[{"embeddable":true,"href":"https:\/\/pc.sc.gov.br\/index.php?rest_route=\/wp\/v2\/media\/21770"}],"wp:attachment":[{"href":"https:\/\/pc.sc.gov.br\/index.php?rest_route=%2Fwp%2Fv2%2Fmedia&parent=21769"}],"wp:term":[{"taxonomy":"category","embeddable":true,"href":"https:\/\/pc.sc.gov.br\/index.php?rest_route=%2Fwp%2Fv2%2Fcategories&post=21769"},{"taxonomy":"post_tag","embeddable":true,"href":"https:\/\/pc.sc.gov.br\/index.php?rest_route=%2Fwp%2Fv2%2Ftags&post=21769"}],"curies":[{"name":"wp","href":"https:\/\/api.w.org\/{rel}","templated":true}]}}