{"id":21792,"date":"2024-07-11T13:53:34","date_gmt":"2024-07-11T16:53:34","guid":{"rendered":"https:\/\/pc.sc.gov.br\/?p=21792"},"modified":"2024-07-11T13:57:13","modified_gmt":"2024-07-11T16:57:13","slug":"em-timbe-do-sul-pcsc-prende-preventivamente-homem-por-suspeita-de-estupro-contra-sobrinhas","status":"publish","type":"post","link":"https:\/\/pc.sc.gov.br\/?p=21792","title":{"rendered":"Em Timb\u00e9 do Sul, PCSC prende preventivamente homem por suspeita de estupro contra sobrinhas"},"content":{"rendered":"\t\t<div data-elementor-type=\"wp-post\" data-elementor-id=\"21792\" class=\"elementor elementor-21792\" data-elementor-post-type=\"post\">\n\t\t\t\t\t\t<section class=\"elementor-section elementor-top-section elementor-element elementor-element-0cb52d2 elementor-section-boxed elementor-section-height-default elementor-section-height-default\" data-id=\"0cb52d2\" data-element_type=\"section\">\n\t\t\t\t\t\t<div class=\"elementor-container elementor-column-gap-default\">\n\t\t\t\t\t<div class=\"elementor-column elementor-col-100 elementor-top-column elementor-element elementor-element-ccb4ab0\" data-id=\"ccb4ab0\" data-element_type=\"column\">\n\t\t\t<div class=\"elementor-widget-wrap elementor-element-populated\">\n\t\t\t\t\t\t<div class=\"elementor-element elementor-element-087a498 elementor-widget elementor-widget-heading\" data-id=\"087a498\" data-element_type=\"widget\" data-widget_type=\"heading.default\">\n\t\t\t\t<div class=\"elementor-widget-container\">\n\t\t\t\t\t<h2 class=\"elementor-heading-title elementor-size-default\">Em Timb\u00e9 do Sul, PCSC prende preventivamente homem por suspeita de estupro contra sobrinhas<\/h2>\t\t\t\t<\/div>\n\t\t\t\t<\/div>\n\t\t\t\t\t<\/div>\n\t\t<\/div>\n\t\t\t\t\t<\/div>\n\t\t<\/section>\n\t\t\t\t<section class=\"elementor-section elementor-top-section elementor-element elementor-element-c7fe91d elementor-section-boxed elementor-section-height-default elementor-section-height-default\" data-id=\"c7fe91d\" data-element_type=\"section\">\n\t\t\t\t\t\t<div class=\"elementor-container elementor-column-gap-default\">\n\t\t\t\t\t<div class=\"elementor-column elementor-col-100 elementor-top-column elementor-element elementor-element-1fbc0b0\" data-id=\"1fbc0b0\" data-element_type=\"column\">\n\t\t\t<div class=\"elementor-widget-wrap elementor-element-populated\">\n\t\t\t\t\t\t<div class=\"elementor-element elementor-element-cf55563 elementor-widget elementor-widget-image\" data-id=\"cf55563\" data-element_type=\"widget\" data-widget_type=\"image.default\">\n\t\t\t\t<div class=\"elementor-widget-container\">\n\t\t\t\t\t\t\t\t\t\t\t\t\t\t\t<img fetchpriority=\"high\" decoding=\"async\" width=\"385\" height=\"238\" src=\"https:\/\/pc.sc.gov.br\/\/wp-content\/uploads\/2024\/07\/WhatsApp-Image-2024-03-19-at-3.22.02-PM-fotor-2024041817100.jpg\" class=\"attachment-large size-large wp-image-21662\" alt=\"\" srcset=\"https:\/\/pc.sc.gov.br\/\/wp-content\/uploads\/2024\/07\/WhatsApp-Image-2024-03-19-at-3.22.02-PM-fotor-2024041817100.jpg 385w, https:\/\/pc.sc.gov.br\/\/wp-content\/uploads\/2024\/07\/WhatsApp-Image-2024-03-19-at-3.22.02-PM-fotor-2024041817100-300x185.jpg 300w\" sizes=\"(max-width: 385px) 100vw, 385px\" \/>\t\t\t\t\t\t\t\t\t\t\t\t\t\t\t<\/div>\n\t\t\t\t<\/div>\n\t\t\t\t\t<\/div>\n\t\t<\/div>\n\t\t\t\t\t<\/div>\n\t\t<\/section>\n\t\t\t\t<section class=\"elementor-section elementor-top-section elementor-element elementor-element-b653f9b elementor-section-boxed elementor-section-height-default elementor-section-height-default\" data-id=\"b653f9b\" data-element_type=\"section\">\n\t\t\t\t\t\t<div class=\"elementor-container elementor-column-gap-default\">\n\t\t\t\t\t<div class=\"elementor-column elementor-col-100 elementor-top-column elementor-element elementor-element-fcd0b8b\" data-id=\"fcd0b8b\" data-element_type=\"column\">\n\t\t\t<div class=\"elementor-widget-wrap elementor-element-populated\">\n\t\t\t\t\t\t<div class=\"elementor-element elementor-element-73b6c87 elementor-widget elementor-widget-text-editor\" data-id=\"73b6c87\" data-element_type=\"widget\" data-widget_type=\"text-editor.default\">\n\t\t\t\t<div class=\"elementor-widget-container\">\n\t\t\t\t\t\t\t\t\t<p>A Pol\u00edcia Civil de Santa Catarina, por meio da Delegacia de Pol\u00edcia de Timb\u00e9 do Sul prendeu nesta quarta-feira (10), preventivamente, um homem suspeito de estuprar duas sobrinhas, uma atualmente com nove anos e a outra j\u00e1 maior de idade. Os crimes teriam ocorrido na inf\u00e2ncia da v\u00edtima, sendo que o mais recente foi contra a sobrinha mais jovem.<\/p><p>A pris\u00e3o ocorreu ap\u00f3s investiga\u00e7\u00f5es que apontaram evid\u00eancias suficientes para justificar a medida preventiva. O suspeito foi detido e encaminhado ao pres\u00eddio local, onde permanecer\u00e1 \u00e0 disposi\u00e7\u00e3o das autoridades enquanto as investiga\u00e7\u00f5es prosseguem.<\/p><p>Segundo informa\u00e7\u00f5es da Pol\u00edcia Civil, o caso est\u00e1 sendo tratado com prioridade devido \u00e0 gravidade das acusa\u00e7\u00f5es e \u00e0 necessidade de proteger as v\u00edtimas e garantir a justi\u00e7a. A pol\u00edcia continua trabalhando para apurar todos os detalhes e circunst\u00e2ncias dos crimes, visando esclarecer completamente os fatos e responsabilizar o autor.<\/p><p>A comunidade de Timb\u00e9 do Sul est\u00e1 em alerta, e a Pol\u00edcia Civil refor\u00e7a a import\u00e2ncia de receber as den\u00fancias e informa\u00e7\u00f5es de casos que envolvam viol\u00eancia sexual, reafirmando o compromisso na luta contra a viol\u00eancia sexual infantil.\u00a0<\/p>\t\t\t\t\t\t\t\t<\/div>\n\t\t\t\t<\/div>\n\t\t\t\t\t<\/div>\n\t\t<\/div>\n\t\t\t\t\t<\/div>\n\t\t<\/section>\n\t\t\t\t<section class=\"elementor-section elementor-top-section elementor-element elementor-element-3c5ed19 elementor-section-boxed elementor-section-height-default elementor-section-height-default\" data-id=\"3c5ed19\" data-element_type=\"section\">\n\t\t\t\t\t\t<div class=\"elementor-container elementor-column-gap-default\">\n\t\t\t\t\t<div class=\"elementor-column elementor-col-100 elementor-top-column elementor-element elementor-element-d1bef96\" data-id=\"d1bef96\" data-element_type=\"column\">\n\t\t\t<div class=\"elementor-widget-wrap elementor-element-populated\">\n\t\t\t\t\t\t<div class=\"elementor-element elementor-element-e2bd56c elementor-widget__width-initial elementor-widget elementor-widget-video\" data-id=\"e2bd56c\" data-element_type=\"widget\" data-settings=\"{&quot;video_type&quot;:&quot;hosted&quot;,&quot;controls&quot;:&quot;yes&quot;}\" data-widget_type=\"video.default\">\n\t\t\t\t<div class=\"elementor-widget-container\">\n\t\t\t\t\t\t\t<div class=\"e-hosted-video elementor-wrapper elementor-open-inline\">\n\t\t\t\t\t<video class=\"elementor-video\" src=\"https:\/\/pc.sc.gov.br\/wp-content\/uploads\/2024\/07\/WhatsApp-Video-2024-07-10-at-19.26.42.mp4\" controls=\"\" preload=\"metadata\"><\/video>\n\t\t\t\t<\/div>\n\t\t\t\t\t\t<\/div>\n\t\t\t\t<\/div>\n\t\t\t\t\t<\/div>\n\t\t<\/div>\n\t\t\t\t\t<\/div>\n\t\t<\/section>\n\t\t\t\t<\/div>\n\t\t","protected":false},"excerpt":{"rendered":"<p>Em Timb\u00e9 do Sul, PCSC prende preventivamente homem por suspeita de estupro contra sobrinhas A Pol\u00edcia Civil de Santa Catarina, por meio da Delegacia de Pol\u00edcia de Timb\u00e9 do Sul prendeu nesta quarta-feira (10), preventivamente, um homem suspeito de estuprar duas sobrinhas, uma atualmente com nove anos e a outra j\u00e1 maior de idade. Os [&hellip;]<\/p>\n","protected":false},"author":5,"featured_media":21414,"comment_status":"closed","ping_status":"open","sticky":false,"template":"","format":"standard","meta":{"_monsterinsights_skip_tracking":false,"_monsterinsights_sitenote_active":false,"_monsterinsights_sitenote_note":"","_monsterinsights_sitenote_category":0,"footnotes":""},"categories":[1],"tags":[],"class_list":["post-21792","post","type-post","status-publish","format-standard","has-post-thumbnail","hentry","category-sem-categoria"],"_links":{"self":[{"href":"https:\/\/pc.sc.gov.br\/index.php?rest_route=\/wp\/v2\/posts\/21792","targetHints":{"allow":["GET"]}}],"collection":[{"href":"https:\/\/pc.sc.gov.br\/index.php?rest_route=\/wp\/v2\/posts"}],"about":[{"href":"https:\/\/pc.sc.gov.br\/index.php?rest_route=\/wp\/v2\/types\/post"}],"author":[{"embeddable":true,"href":"https:\/\/pc.sc.gov.br\/index.php?rest_route=\/wp\/v2\/users\/5"}],"replies":[{"embeddable":true,"href":"https:\/\/pc.sc.gov.br\/index.php?rest_route=%2Fwp%2Fv2%2Fcomments&post=21792"}],"version-history":[{"count":6,"href":"https:\/\/pc.sc.gov.br\/index.php?rest_route=\/wp\/v2\/posts\/21792\/revisions"}],"predecessor-version":[{"id":21800,"href":"https:\/\/pc.sc.gov.br\/index.php?rest_route=\/wp\/v2\/posts\/21792\/revisions\/21800"}],"wp:featuredmedia":[{"embeddable":true,"href":"https:\/\/pc.sc.gov.br\/index.php?rest_route=\/wp\/v2\/media\/21414"}],"wp:attachment":[{"href":"https:\/\/pc.sc.gov.br\/index.php?rest_route=%2Fwp%2Fv2%2Fmedia&parent=21792"}],"wp:term":[{"taxonomy":"category","embeddable":true,"href":"https:\/\/pc.sc.gov.br\/index.php?rest_route=%2Fwp%2Fv2%2Fcategories&post=21792"},{"taxonomy":"post_tag","embeddable":true,"href":"https:\/\/pc.sc.gov.br\/index.php?rest_route=%2Fwp%2Fv2%2Ftags&post=21792"}],"curies":[{"name":"wp","href":"https:\/\/api.w.org\/{rel}","templated":true}]}}