{"id":21801,"date":"2024-07-11T14:22:16","date_gmt":"2024-07-11T17:22:16","guid":{"rendered":"https:\/\/pc.sc.gov.br\/?p=21801"},"modified":"2024-07-11T14:23:24","modified_gmt":"2024-07-11T17:23:24","slug":"policia-civil-identifica-e-indicia-trio-envolvido-em-crimes-de-roubo-armado-adulteracao-veicular-extorsao-qualificada-e-receptacao-em-criciuma","status":"publish","type":"post","link":"https:\/\/pc.sc.gov.br\/?p=21801","title":{"rendered":"Pol\u00edcia Civil identifica e indicia trio envolvido em crimes de roubo armado, adultera\u00e7\u00e3o veicular, extors\u00e3o qualificada e recepta\u00e7\u00e3o em Crici\u00fama"},"content":{"rendered":"\t\t<div data-elementor-type=\"wp-post\" data-elementor-id=\"21801\" class=\"elementor elementor-21801\" data-elementor-post-type=\"post\">\n\t\t\t\t\t\t<section class=\"elementor-section elementor-top-section elementor-element elementor-element-68c5e98 elementor-section-boxed elementor-section-height-default elementor-section-height-default\" data-id=\"68c5e98\" data-element_type=\"section\">\n\t\t\t\t\t\t<div class=\"elementor-container elementor-column-gap-default\">\n\t\t\t\t\t<div class=\"elementor-column elementor-col-100 elementor-top-column elementor-element elementor-element-dcb53d3\" data-id=\"dcb53d3\" data-element_type=\"column\">\n\t\t\t<div class=\"elementor-widget-wrap elementor-element-populated\">\n\t\t\t\t\t\t<div class=\"elementor-element elementor-element-73484c0 elementor-widget elementor-widget-heading\" data-id=\"73484c0\" data-element_type=\"widget\" data-widget_type=\"heading.default\">\n\t\t\t\t<div class=\"elementor-widget-container\">\n\t\t\t\t\t<h2 class=\"elementor-heading-title elementor-size-default\">Pol\u00edcia Civil identifica e indicia trio envolvido em crimes de roubo armado, adultera\u00e7\u00e3o veicular, extors\u00e3o qualificada e recepta\u00e7\u00e3o em Crici\u00fama<\/h2>\t\t\t\t<\/div>\n\t\t\t\t<\/div>\n\t\t\t\t\t<\/div>\n\t\t<\/div>\n\t\t\t\t\t<\/div>\n\t\t<\/section>\n\t\t\t\t<section class=\"elementor-section elementor-top-section elementor-element elementor-element-ac3330c elementor-section-boxed elementor-section-height-default elementor-section-height-default\" data-id=\"ac3330c\" data-element_type=\"section\">\n\t\t\t\t\t\t<div class=\"elementor-container elementor-column-gap-default\">\n\t\t\t\t\t<div class=\"elementor-column elementor-col-100 elementor-top-column elementor-element elementor-element-5ce9a09\" data-id=\"5ce9a09\" data-element_type=\"column\">\n\t\t\t<div class=\"elementor-widget-wrap elementor-element-populated\">\n\t\t\t\t\t\t<div class=\"elementor-element elementor-element-63abe3c elementor-widget elementor-widget-image\" data-id=\"63abe3c\" data-element_type=\"widget\" data-widget_type=\"image.default\">\n\t\t\t\t<div class=\"elementor-widget-container\">\n\t\t\t\t\t\t\t\t\t\t\t\t\t\t\t<img fetchpriority=\"high\" decoding=\"async\" width=\"696\" height=\"522\" src=\"https:\/\/pc.sc.gov.br\/\/wp-content\/uploads\/2024\/07\/SIRENE.jpg\" class=\"attachment-large size-large wp-image-21514\" alt=\"\" srcset=\"https:\/\/pc.sc.gov.br\/\/wp-content\/uploads\/2024\/07\/SIRENE.jpg 768w, https:\/\/pc.sc.gov.br\/\/wp-content\/uploads\/2024\/07\/SIRENE-300x225.jpg 300w\" sizes=\"(max-width: 696px) 100vw, 696px\" \/>\t\t\t\t\t\t\t\t\t\t\t\t\t\t\t<\/div>\n\t\t\t\t<\/div>\n\t\t\t\t\t<\/div>\n\t\t<\/div>\n\t\t\t\t\t<\/div>\n\t\t<\/section>\n\t\t\t\t<section class=\"elementor-section elementor-top-section elementor-element elementor-element-369b093 elementor-section-boxed elementor-section-height-default elementor-section-height-default\" data-id=\"369b093\" data-element_type=\"section\">\n\t\t\t\t\t\t<div class=\"elementor-container elementor-column-gap-default\">\n\t\t\t\t\t<div class=\"elementor-column elementor-col-100 elementor-top-column elementor-element elementor-element-17d279a\" data-id=\"17d279a\" data-element_type=\"column\">\n\t\t\t<div class=\"elementor-widget-wrap elementor-element-populated\">\n\t\t\t\t\t\t<div class=\"elementor-element elementor-element-1fa55f2 elementor-widget elementor-widget-text-editor\" data-id=\"1fa55f2\" data-element_type=\"widget\" data-widget_type=\"text-editor.default\">\n\t\t\t\t<div class=\"elementor-widget-container\">\n\t\t\t\t\t\t\t\t\t<p>A Pol\u00edcia Civil de Santa Catarina, por meio da Delegacia de Repress\u00e3o a Roubos, do Departamento de Investiga\u00e7\u00e3o Criminal (DIC) de Crici\u00fama, promoveu investiga\u00e7\u00f5es que resultaram na identifica\u00e7\u00e3o de tr\u00eas homens envolvidos em atividades criminosas. O trio foi indiciado por roubo armado de autom\u00f3vel, adultera\u00e7\u00e3o de sinais identificadores de ve\u00edculo, extors\u00e3o qualificada e recepta\u00e7\u00e3o qualificada.<\/p><p>Os crimes ocorreram nos bairros Nossa Senhora da Salete, Catarinense e Quarta Linha, em Crici\u00fama. Dois autom\u00f3veis roubados, com uso de armas de fogo e em concurso de pessoas, foram recuperados pela Pol\u00edcia e restitu\u00eddos aos propriet\u00e1rios. Os envolvidos foram indiciados pela Pol\u00edcia Civil, sendo expedido mandado de pris\u00e3o para um dos envolvidos, que segue foragido. A Pol\u00edcia Cient\u00edfica atuou de forma integrada em suporte na investiga\u00e7\u00e3o policial.<\/p>\t\t\t\t\t\t\t\t<\/div>\n\t\t\t\t<\/div>\n\t\t\t\t\t<\/div>\n\t\t<\/div>\n\t\t\t\t\t<\/div>\n\t\t<\/section>\n\t\t\t\t<\/div>\n\t\t","protected":false},"excerpt":{"rendered":"<p>Pol\u00edcia Civil identifica e indicia trio envolvido em crimes de roubo armado, adultera\u00e7\u00e3o veicular, extors\u00e3o qualificada e recepta\u00e7\u00e3o em Crici\u00fama A Pol\u00edcia Civil de Santa Catarina, por meio da Delegacia de Repress\u00e3o a Roubos, do Departamento de Investiga\u00e7\u00e3o Criminal (DIC) de Crici\u00fama, promoveu investiga\u00e7\u00f5es que resultaram na identifica\u00e7\u00e3o de tr\u00eas homens envolvidos em atividades criminosas. [&hellip;]<\/p>\n","protected":false},"author":5,"featured_media":21514,"comment_status":"closed","ping_status":"open","sticky":false,"template":"","format":"standard","meta":{"_monsterinsights_skip_tracking":false,"_monsterinsights_sitenote_active":false,"_monsterinsights_sitenote_note":"","_monsterinsights_sitenote_category":0,"footnotes":""},"categories":[1],"tags":[],"class_list":["post-21801","post","type-post","status-publish","format-standard","has-post-thumbnail","hentry","category-sem-categoria"],"_links":{"self":[{"href":"https:\/\/pc.sc.gov.br\/index.php?rest_route=\/wp\/v2\/posts\/21801","targetHints":{"allow":["GET"]}}],"collection":[{"href":"https:\/\/pc.sc.gov.br\/index.php?rest_route=\/wp\/v2\/posts"}],"about":[{"href":"https:\/\/pc.sc.gov.br\/index.php?rest_route=\/wp\/v2\/types\/post"}],"author":[{"embeddable":true,"href":"https:\/\/pc.sc.gov.br\/index.php?rest_route=\/wp\/v2\/users\/5"}],"replies":[{"embeddable":true,"href":"https:\/\/pc.sc.gov.br\/index.php?rest_route=%2Fwp%2Fv2%2Fcomments&post=21801"}],"version-history":[{"count":4,"href":"https:\/\/pc.sc.gov.br\/index.php?rest_route=\/wp\/v2\/posts\/21801\/revisions"}],"predecessor-version":[{"id":21805,"href":"https:\/\/pc.sc.gov.br\/index.php?rest_route=\/wp\/v2\/posts\/21801\/revisions\/21805"}],"wp:featuredmedia":[{"embeddable":true,"href":"https:\/\/pc.sc.gov.br\/index.php?rest_route=\/wp\/v2\/media\/21514"}],"wp:attachment":[{"href":"https:\/\/pc.sc.gov.br\/index.php?rest_route=%2Fwp%2Fv2%2Fmedia&parent=21801"}],"wp:term":[{"taxonomy":"category","embeddable":true,"href":"https:\/\/pc.sc.gov.br\/index.php?rest_route=%2Fwp%2Fv2%2Fcategories&post=21801"},{"taxonomy":"post_tag","embeddable":true,"href":"https:\/\/pc.sc.gov.br\/index.php?rest_route=%2Fwp%2Fv2%2Ftags&post=21801"}],"curies":[{"name":"wp","href":"https:\/\/api.w.org\/{rel}","templated":true}]}}