{"id":21806,"date":"2024-07-11T14:37:49","date_gmt":"2024-07-11T17:37:49","guid":{"rendered":"https:\/\/pc.sc.gov.br\/?p=21806"},"modified":"2024-07-11T16:27:19","modified_gmt":"2024-07-11T19:27:19","slug":"em-turvo-dic-de-ararangua-prende-preventivamente-homem-investigado-por-roubo-de-mercado-local","status":"publish","type":"post","link":"https:\/\/pc.sc.gov.br\/?p=21806","title":{"rendered":"Em Turvo, PCSC prende preventivamente homem investigado por roubo de mercado local"},"content":{"rendered":"\t\t<div data-elementor-type=\"wp-post\" data-elementor-id=\"21806\" class=\"elementor elementor-21806\" data-elementor-post-type=\"post\">\n\t\t\t\t\t\t<section class=\"elementor-section elementor-top-section elementor-element elementor-element-ad7b886 elementor-section-boxed elementor-section-height-default elementor-section-height-default\" data-id=\"ad7b886\" data-element_type=\"section\">\n\t\t\t\t\t\t<div class=\"elementor-container elementor-column-gap-default\">\n\t\t\t\t\t<div class=\"elementor-column elementor-col-100 elementor-top-column elementor-element elementor-element-148c202\" data-id=\"148c202\" data-element_type=\"column\">\n\t\t\t<div class=\"elementor-widget-wrap elementor-element-populated\">\n\t\t\t\t\t\t<div class=\"elementor-element elementor-element-dbd5ad6 elementor-widget elementor-widget-heading\" data-id=\"dbd5ad6\" data-element_type=\"widget\" data-widget_type=\"heading.default\">\n\t\t\t\t<div class=\"elementor-widget-container\">\n\t\t\t\t\t<h2 class=\"elementor-heading-title elementor-size-default\">Em Turvo, PCSC prende preventivamente homem investigado por roubo de mercado local<\/h2>\t\t\t\t<\/div>\n\t\t\t\t<\/div>\n\t\t\t\t\t<\/div>\n\t\t<\/div>\n\t\t\t\t\t<\/div>\n\t\t<\/section>\n\t\t\t\t<section class=\"elementor-section elementor-top-section elementor-element elementor-element-1d7d72c elementor-section-boxed elementor-section-height-default elementor-section-height-default\" data-id=\"1d7d72c\" data-element_type=\"section\">\n\t\t\t\t\t\t<div class=\"elementor-container elementor-column-gap-default\">\n\t\t\t\t\t<div class=\"elementor-column elementor-col-100 elementor-top-column elementor-element elementor-element-4766983\" data-id=\"4766983\" data-element_type=\"column\">\n\t\t\t<div class=\"elementor-widget-wrap elementor-element-populated\">\n\t\t\t\t\t\t<div class=\"elementor-element elementor-element-76cbfee elementor-widget elementor-widget-image\" data-id=\"76cbfee\" data-element_type=\"widget\" data-widget_type=\"image.default\">\n\t\t\t\t<div class=\"elementor-widget-container\">\n\t\t\t\t\t\t\t\t\t\t\t\t\t\t\t<img fetchpriority=\"high\" decoding=\"async\" width=\"696\" height=\"563\" src=\"https:\/\/pc.sc.gov.br\/\/wp-content\/uploads\/2024\/07\/ad0776ce-96b3-4d14-b199-c2afd5c60744-fotor-20240711143724-1024x829.jpg\" class=\"attachment-large size-large wp-image-21808\" alt=\"\" srcset=\"https:\/\/pc.sc.gov.br\/\/wp-content\/uploads\/2024\/07\/ad0776ce-96b3-4d14-b199-c2afd5c60744-fotor-20240711143724-1024x829.jpg 1024w, https:\/\/pc.sc.gov.br\/\/wp-content\/uploads\/2024\/07\/ad0776ce-96b3-4d14-b199-c2afd5c60744-fotor-20240711143724-300x243.jpg 300w, https:\/\/pc.sc.gov.br\/\/wp-content\/uploads\/2024\/07\/ad0776ce-96b3-4d14-b199-c2afd5c60744-fotor-20240711143724-768x622.jpg 768w, https:\/\/pc.sc.gov.br\/\/wp-content\/uploads\/2024\/07\/ad0776ce-96b3-4d14-b199-c2afd5c60744-fotor-20240711143724.jpg 1191w\" sizes=\"(max-width: 696px) 100vw, 696px\" \/>\t\t\t\t\t\t\t\t\t\t\t\t\t\t\t<\/div>\n\t\t\t\t<\/div>\n\t\t\t\t\t<\/div>\n\t\t<\/div>\n\t\t\t\t\t<\/div>\n\t\t<\/section>\n\t\t\t\t<section class=\"elementor-section elementor-top-section elementor-element elementor-element-39e2950 elementor-section-boxed elementor-section-height-default elementor-section-height-default\" data-id=\"39e2950\" data-element_type=\"section\">\n\t\t\t\t\t\t<div class=\"elementor-container elementor-column-gap-default\">\n\t\t\t\t\t<div class=\"elementor-column elementor-col-100 elementor-top-column elementor-element elementor-element-6a4d160\" data-id=\"6a4d160\" data-element_type=\"column\">\n\t\t\t<div class=\"elementor-widget-wrap elementor-element-populated\">\n\t\t\t\t\t\t<div class=\"elementor-element elementor-element-b86e441 elementor-widget elementor-widget-text-editor\" data-id=\"b86e441\" data-element_type=\"widget\" data-widget_type=\"text-editor.default\">\n\t\t\t\t<div class=\"elementor-widget-container\">\n\t\t\t\t\t\t\t\t\t<p>A Pol\u00edcia Civil de Santa Catarina, por meio da delegacia de Turvo, efetuou a pris\u00e3o preventiva de um jovem, suspeito de um roubo a um mercado na comunidade de Morro Chato, ocorrido em 28 de junho de 2024.<\/p>\n<p>Na ocasi\u00e3o, o suspeito, armado com uma faca, adentrou ao estabelecimento e rendeu a funcion\u00e1ria do caixa, subtraindo o dinheiro e fugindo logo em seguida. A a\u00e7\u00e3o r\u00e1pida e violenta causou afli\u00e7\u00e3o na pac\u00edfica comunidade de Turvo.<\/p>\n<p>Ap\u00f3s as investiga\u00e7\u00f5es conduzidas pela equipe de policiais de Turvo, sob a lideran\u00e7a da delegada titular, Juliana Oss Dallagnol, foi poss\u00edvel reunir evid\u00eancias suficientes para representar pela pris\u00e3o preventiva do suspeito. &#8220;Um roubo com emprego de faca \u00e9 um crime grave que n\u00e3o condiz com a natureza pac\u00edfica de nossa regi\u00e3o. A pris\u00e3o preventiva \u00e9 uma medida necess\u00e1ria para garantir a seguran\u00e7a da comunidade&#8221;, declarou a delegada.<\/p>\n<p>A solicita\u00e7\u00e3o foi prontamente analisada pelo Minist\u00e9rio P\u00fablico, que deu parecer favor\u00e1vel, e o Poder Judici\u00e1rio deferiu o pedido de pris\u00e3o preventiva. Na tarde desta quinta-feira, os policiais civis localizaram o suspeito e cumpriram o mandado de pris\u00e3o.<\/p>\n<p><b>A Pol\u00edcia Civil de Santa Catarina refor\u00e7a o compromisso com a seguran\u00e7a p\u00fablica e a ordem social, destacando a import\u00e2ncia da colabora\u00e7\u00e3o da comunidade para a resolu\u00e7\u00e3o de crimes. Den\u00fancias podem ser feitas anonimamente atrav\u00e9s do Disque-Den\u00fancia 181.<\/b><\/p>\t\t\t\t\t\t\t\t<\/div>\n\t\t\t\t<\/div>\n\t\t\t\t\t<\/div>\n\t\t<\/div>\n\t\t\t\t\t<\/div>\n\t\t<\/section>\n\t\t\t\t<\/div>\n\t\t","protected":false},"excerpt":{"rendered":"<p>Em Turvo, DIC de Ararangu\u00e1 prende preventivamente homem investigado por roubo de mercado local A Pol\u00edcia Civil de Santa Catarina, por meio da delegacia de Turvo, efetuou a pris\u00e3o preventiva de um jovem, suspeito de um roubo a um mercado na comunidade de Morro Chato, ocorrido em 28 de junho de 2024. Na ocasi\u00e3o, o [&hellip;]<\/p>\n","protected":false},"author":5,"featured_media":21808,"comment_status":"closed","ping_status":"open","sticky":false,"template":"","format":"standard","meta":{"_monsterinsights_skip_tracking":false,"_monsterinsights_sitenote_active":false,"_monsterinsights_sitenote_note":"","_monsterinsights_sitenote_category":0,"footnotes":""},"categories":[1],"tags":[],"class_list":["post-21806","post","type-post","status-publish","format-standard","has-post-thumbnail","hentry","category-sem-categoria"],"_links":{"self":[{"href":"https:\/\/pc.sc.gov.br\/index.php?rest_route=\/wp\/v2\/posts\/21806","targetHints":{"allow":["GET"]}}],"collection":[{"href":"https:\/\/pc.sc.gov.br\/index.php?rest_route=\/wp\/v2\/posts"}],"about":[{"href":"https:\/\/pc.sc.gov.br\/index.php?rest_route=\/wp\/v2\/types\/post"}],"author":[{"embeddable":true,"href":"https:\/\/pc.sc.gov.br\/index.php?rest_route=\/wp\/v2\/users\/5"}],"replies":[{"embeddable":true,"href":"https:\/\/pc.sc.gov.br\/index.php?rest_route=%2Fwp%2Fv2%2Fcomments&post=21806"}],"version-history":[{"count":8,"href":"https:\/\/pc.sc.gov.br\/index.php?rest_route=\/wp\/v2\/posts\/21806\/revisions"}],"predecessor-version":[{"id":21828,"href":"https:\/\/pc.sc.gov.br\/index.php?rest_route=\/wp\/v2\/posts\/21806\/revisions\/21828"}],"wp:featuredmedia":[{"embeddable":true,"href":"https:\/\/pc.sc.gov.br\/index.php?rest_route=\/wp\/v2\/media\/21808"}],"wp:attachment":[{"href":"https:\/\/pc.sc.gov.br\/index.php?rest_route=%2Fwp%2Fv2%2Fmedia&parent=21806"}],"wp:term":[{"taxonomy":"category","embeddable":true,"href":"https:\/\/pc.sc.gov.br\/index.php?rest_route=%2Fwp%2Fv2%2Fcategories&post=21806"},{"taxonomy":"post_tag","embeddable":true,"href":"https:\/\/pc.sc.gov.br\/index.php?rest_route=%2Fwp%2Fv2%2Ftags&post=21806"}],"curies":[{"name":"wp","href":"https:\/\/api.w.org\/{rel}","templated":true}]}}