{"id":21812,"date":"2024-07-11T15:05:57","date_gmt":"2024-07-11T18:05:57","guid":{"rendered":"https:\/\/pc.sc.gov.br\/?p=21812"},"modified":"2024-07-11T15:09:16","modified_gmt":"2024-07-11T18:09:16","slug":"policia-civil-de-santa-catarina-recebe-145-fuzis-israelenses","status":"publish","type":"post","link":"https:\/\/pc.sc.gov.br\/?p=21812","title":{"rendered":"Pol\u00edcia Civil de Santa Catarina recebe 145 fuzis israelenses"},"content":{"rendered":"\t\t<div data-elementor-type=\"wp-post\" data-elementor-id=\"21812\" class=\"elementor elementor-21812\" data-elementor-post-type=\"post\">\n\t\t\t\t\t\t<section class=\"elementor-section elementor-top-section elementor-element elementor-element-c2ad953 elementor-section-boxed elementor-section-height-default elementor-section-height-default\" data-id=\"c2ad953\" data-element_type=\"section\">\n\t\t\t\t\t\t<div class=\"elementor-container elementor-column-gap-default\">\n\t\t\t\t\t<div class=\"elementor-column elementor-col-100 elementor-top-column elementor-element elementor-element-e9fbeef\" data-id=\"e9fbeef\" data-element_type=\"column\">\n\t\t\t<div class=\"elementor-widget-wrap elementor-element-populated\">\n\t\t\t\t\t\t<div class=\"elementor-element elementor-element-081b04d elementor-widget elementor-widget-heading\" data-id=\"081b04d\" data-element_type=\"widget\" data-widget_type=\"heading.default\">\n\t\t\t\t<div class=\"elementor-widget-container\">\n\t\t\t\t\t<h2 class=\"elementor-heading-title elementor-size-default\">Pol\u00edcia Civil de Santa Catarina recebe 145 fuzis israelenses<\/h2>\t\t\t\t<\/div>\n\t\t\t\t<\/div>\n\t\t\t\t\t<\/div>\n\t\t<\/div>\n\t\t\t\t\t<\/div>\n\t\t<\/section>\n\t\t\t\t<section class=\"elementor-section elementor-top-section elementor-element elementor-element-5c84eb6 elementor-section-boxed elementor-section-height-default elementor-section-height-default\" data-id=\"5c84eb6\" data-element_type=\"section\">\n\t\t\t\t\t\t<div class=\"elementor-container elementor-column-gap-default\">\n\t\t\t\t\t<div class=\"elementor-column elementor-col-100 elementor-top-column elementor-element elementor-element-09c93d6\" data-id=\"09c93d6\" data-element_type=\"column\">\n\t\t\t<div class=\"elementor-widget-wrap elementor-element-populated\">\n\t\t\t\t\t\t<div class=\"elementor-element elementor-element-729b3d4 elementor-widget elementor-widget-image\" data-id=\"729b3d4\" data-element_type=\"widget\" data-widget_type=\"image.default\">\n\t\t\t\t<div class=\"elementor-widget-container\">\n\t\t\t\t\t\t\t\t\t\t\t\t\t\t\t<img fetchpriority=\"high\" decoding=\"async\" width=\"696\" height=\"857\" src=\"https:\/\/pc.sc.gov.br\/\/wp-content\/uploads\/2024\/07\/WhatsApp-Image-2024-07-10-at-18.23.28-832x1024.jpeg\" class=\"attachment-large size-large wp-image-21813\" alt=\"\" srcset=\"https:\/\/pc.sc.gov.br\/\/wp-content\/uploads\/2024\/07\/WhatsApp-Image-2024-07-10-at-18.23.28-832x1024.jpeg 832w, https:\/\/pc.sc.gov.br\/\/wp-content\/uploads\/2024\/07\/WhatsApp-Image-2024-07-10-at-18.23.28-244x300.jpeg 244w, https:\/\/pc.sc.gov.br\/\/wp-content\/uploads\/2024\/07\/WhatsApp-Image-2024-07-10-at-18.23.28-768x946.jpeg 768w, https:\/\/pc.sc.gov.br\/\/wp-content\/uploads\/2024\/07\/WhatsApp-Image-2024-07-10-at-18.23.28.jpeg 1080w\" sizes=\"(max-width: 696px) 100vw, 696px\" \/>\t\t\t\t\t\t\t\t\t\t\t\t\t\t\t<\/div>\n\t\t\t\t<\/div>\n\t\t\t\t\t<\/div>\n\t\t<\/div>\n\t\t\t\t\t<\/div>\n\t\t<\/section>\n\t\t\t\t<section class=\"elementor-section elementor-top-section elementor-element elementor-element-47dab3b elementor-section-boxed elementor-section-height-default elementor-section-height-default\" data-id=\"47dab3b\" data-element_type=\"section\">\n\t\t\t\t\t\t<div class=\"elementor-container elementor-column-gap-default\">\n\t\t\t\t\t<div class=\"elementor-column elementor-col-100 elementor-top-column elementor-element elementor-element-0471d27\" data-id=\"0471d27\" data-element_type=\"column\">\n\t\t\t<div class=\"elementor-widget-wrap elementor-element-populated\">\n\t\t\t\t\t\t<div class=\"elementor-element elementor-element-a1e8cfb elementor-widget elementor-widget-text-editor\" data-id=\"a1e8cfb\" data-element_type=\"widget\" data-widget_type=\"text-editor.default\">\n\t\t\t\t<div class=\"elementor-widget-container\">\n\t\t\t\t\t\t\t\t\t<p><span style=\"font-family: var( --e-global-typography-text-font-family ), Sans-serif; font-size: var( --e-global-typography-text-font-size );\">O delegado-geral da Pol\u00edcia Civil de Santa Catarina, Ulisses Gabriel, anunciou nesta quarta-feira, 10, que a PCSC recebeu 145 fuzis Arad\/IWI 5,56 X <\/span><span style=\"font-family: var( --e-global-typography-text-font-family ), Sans-serif; font-size: var( --e-global-typography-text-font-size );\">45 mm. Os equipamentos ser\u00e3o entregues oficialmente, na pr\u00f3xima ter\u00e7a-feira, 16, durante solenidade comemorativa aos 212 anos da Pol\u00edcia Civil. O valor do investimento \u00e9 de aproximadamente R$ 1,5 milh\u00e3o, com recursos do Fundo Estadual de Seguran\u00e7a P\u00fablica e recursos de doa\u00e7\u00f5es de entidades e pr\u00f3prios da Delegacia-Geral.<\/span><\/p>\n<p>As armas adquiridas usam a plataforma AR de nova gera\u00e7\u00e3o, que permitem a modularidade e troca de calibre para o .300 BLK com a r\u00e1pida mudan\u00e7a do cano. Essa flexibilidade operacional faz com que a plataforma seja utilizada pelas for\u00e7as policiais de todo o mundo, como o Ex\u00e9rcito Americano, OTAN e FBI. No Brasil, o BOPE da PM do Rio de Janeiro usa a arma.<\/p>\n<p>De acordo com o delegado-geral da PCSC, a meta \u00e9 que at\u00e9 2026 cada policial civil de investiga\u00e7\u00e3o\/intelig\u00eancia receba um kit com fuzil, pistola, colete, algema e celulares com pacote de dados.<\/p>\t\t\t\t\t\t\t\t<\/div>\n\t\t\t\t<\/div>\n\t\t\t\t\t<\/div>\n\t\t<\/div>\n\t\t\t\t\t<\/div>\n\t\t<\/section>\n\t\t\t\t<\/div>\n\t\t","protected":false},"excerpt":{"rendered":"<p>Pol\u00edcia Civil de Santa Catarina recebe 145 fuzis israelenses O delegado-geral da Pol\u00edcia Civil de Santa Catarina, Ulisses Gabriel, anunciou nesta quarta-feira, 10, que a PCSC recebeu 145 fuzis Arad\/IWI 5,56 X 45 mm. Os equipamentos ser\u00e3o entregues oficialmente, na pr\u00f3xima ter\u00e7a-feira, 16, durante solenidade comemorativa aos 212 anos da Pol\u00edcia Civil. O valor do [&hellip;]<\/p>\n","protected":false},"author":5,"featured_media":21813,"comment_status":"closed","ping_status":"open","sticky":false,"template":"","format":"standard","meta":{"_monsterinsights_skip_tracking":false,"_monsterinsights_sitenote_active":false,"_monsterinsights_sitenote_note":"","_monsterinsights_sitenote_category":0,"footnotes":""},"categories":[1],"tags":[],"class_list":["post-21812","post","type-post","status-publish","format-standard","has-post-thumbnail","hentry","category-sem-categoria"],"_links":{"self":[{"href":"https:\/\/pc.sc.gov.br\/index.php?rest_route=\/wp\/v2\/posts\/21812","targetHints":{"allow":["GET"]}}],"collection":[{"href":"https:\/\/pc.sc.gov.br\/index.php?rest_route=\/wp\/v2\/posts"}],"about":[{"href":"https:\/\/pc.sc.gov.br\/index.php?rest_route=\/wp\/v2\/types\/post"}],"author":[{"embeddable":true,"href":"https:\/\/pc.sc.gov.br\/index.php?rest_route=\/wp\/v2\/users\/5"}],"replies":[{"embeddable":true,"href":"https:\/\/pc.sc.gov.br\/index.php?rest_route=%2Fwp%2Fv2%2Fcomments&post=21812"}],"version-history":[{"count":4,"href":"https:\/\/pc.sc.gov.br\/index.php?rest_route=\/wp\/v2\/posts\/21812\/revisions"}],"predecessor-version":[{"id":21817,"href":"https:\/\/pc.sc.gov.br\/index.php?rest_route=\/wp\/v2\/posts\/21812\/revisions\/21817"}],"wp:featuredmedia":[{"embeddable":true,"href":"https:\/\/pc.sc.gov.br\/index.php?rest_route=\/wp\/v2\/media\/21813"}],"wp:attachment":[{"href":"https:\/\/pc.sc.gov.br\/index.php?rest_route=%2Fwp%2Fv2%2Fmedia&parent=21812"}],"wp:term":[{"taxonomy":"category","embeddable":true,"href":"https:\/\/pc.sc.gov.br\/index.php?rest_route=%2Fwp%2Fv2%2Fcategories&post=21812"},{"taxonomy":"post_tag","embeddable":true,"href":"https:\/\/pc.sc.gov.br\/index.php?rest_route=%2Fwp%2Fv2%2Ftags&post=21812"}],"curies":[{"name":"wp","href":"https:\/\/api.w.org\/{rel}","templated":true}]}}